{"id":62165,"date":"2015-09-22T09:36:12","date_gmt":"2015-09-22T12:36:12","guid":{"rendered":"http:\/\/www.eltrabajo.cl\/portal\/?p=62165"},"modified":"2015-09-22T09:36:12","modified_gmt":"2015-09-22T12:36:12","slug":"entregan-lentes-opticos-a-95-estudiantes-por-programa-salud-escolar-de-junaeb","status":"publish","type":"post","link":"https:\/\/eltrabajo.cl\/portal\/entregan-lentes-opticos-a-95-estudiantes-por-programa-salud-escolar-de-junaeb\/","title":{"rendered":"Entregan lentes \u00f3pticos a 95 estudiantes por programa Salud Escolar de Junaeb"},"content":{"rendered":"<figure id=\"attachment_62166\" aria-describedby=\"caption-attachment-62166\" style=\"width: 300px\" class=\"wp-caption alignleft\"><a href=\"https:\/\/i0.wp.com\/www.eltrabajo.cl\/portal\/wp-content\/uploads\/2015\/09\/Junaeb-entrega-lentes-Llay-Llay-3.jpg\"><img data-recalc-dims=\"1\" loading=\"lazy\" decoding=\"async\" class=\"wp-image-62166 size-medium\" src=\"https:\/\/i0.wp.com\/www.eltrabajo.cl\/portal\/wp-content\/uploads\/2015\/09\/Junaeb-entrega-lentes-Llay-Llay-3-300x198.jpg?resize=300%2C198\" alt=\"Fueron 95 alumnos los beneficiados, pertenecientes a establecimientos educacionales municipales y particulares subvencionados de la comuna de Llay Llay.\" width=\"300\" height=\"198\" srcset=\"https:\/\/i0.wp.com\/eltrabajo.cl\/portal\/wp-content\/uploads\/2015\/09\/Junaeb-entrega-lentes-Llay-Llay-3.jpg?resize=300%2C198&amp;ssl=1 300w, https:\/\/i0.wp.com\/eltrabajo.cl\/portal\/wp-content\/uploads\/2015\/09\/Junaeb-entrega-lentes-Llay-Llay-3.jpg?resize=200%2C132&amp;ssl=1 200w, https:\/\/i0.wp.com\/eltrabajo.cl\/portal\/wp-content\/uploads\/2015\/09\/Junaeb-entrega-lentes-Llay-Llay-3.jpg?resize=228%2C150&amp;ssl=1 228w, https:\/\/i0.wp.com\/eltrabajo.cl\/portal\/wp-content\/uploads\/2015\/09\/Junaeb-entrega-lentes-Llay-Llay-3.jpg?resize=400%2C263&amp;ssl=1 400w, https:\/\/i0.wp.com\/eltrabajo.cl\/portal\/wp-content\/uploads\/2015\/09\/Junaeb-entrega-lentes-Llay-Llay-3.jpg?w=530&amp;ssl=1 530w\" sizes=\"auto, (max-width: 300px) 100vw, 300px\" \/><\/a><figcaption id=\"caption-attachment-62166\" class=\"wp-caption-text\">Fueron 95 alumnos los beneficiados, pertenecientes a establecimientos educacionales municipales y particulares subvencionados de la comuna de Llay Llay.<\/figcaption><\/figure>\n<p>En una ceremonia desarrollada en la Escuela Agust\u00edn Edwards se realiz\u00f3 la entrega de lentes \u00f3pticos a alumnos de establecimientos educacionales municipales y particulares subvencionados de la comuna de Llay Llay. Actividad en la que estuvo presente el Director Regional de Junaeb, Marcelo G\u00f3ngora y donde fueron beneficiados 95 alumnos favorecidos con el Programa de Salud Escolar de Junaeb.<br \/>\nEl Programa de Servicios M\u00e9dicos de la Unidad de Salud del Estudiante de Junaeb, tiene como objetivo el resolver problemas de salud vinculados al rendimiento escolar, tales como: problemas de visi\u00f3n, audici\u00f3n y columna, con el prop\u00f3sito de mejorar la calidad de vida de los estudiantes a trav\u00e9s de acciones cl\u00ednicas y preventivas que contribuyan a su mantenci\u00f3n en el sistema escolar.<br \/>\nEl Director Regional de Junaeb, Marcelo G\u00f3ngora Carvajal, indic\u00f3 que \u201ceste programa forma parte de la misi\u00f3n de Junaeb y de las profundas transformaciones que la Presidenta Michelle Bachelet est\u00e1 desarrollando en el \u00e1mbito de la Educaci\u00f3n con las que busca entregar beneficios a los estudiantes que les posibilite igualdad de oportunidades en el acceso a la educaci\u00f3n y un apoyo importante a su proceso de ense\u00f1anza y aprendizaje\u201d.<br \/>\nEl Servicio de Oftalmolog\u00eda incluye la atenci\u00f3n de M\u00e9dico Oftalm\u00f3logo a escolares que presentan problemas visuales, tambi\u00e9n el tratamiento del problema encontrado, entregando Lentes \u00d3pticos, Lentes de Contacto y ejercicios Ort\u00f3pticos. Con esto se busca que las patolog\u00edas sean detectadas a tiempo y tratados de forma oportuna y efectiva, para evitar que generen un impedimento para el desarrollo e integraci\u00f3n del estudiante en su etapa escolar.<br \/>\nPara el a\u00f1o 2015 en la l\u00ednea de oftalmolog\u00eda de Junaeb Valpara\u00edso se realizar\u00e1 en una inversi\u00f3n de $325.290.500, de los cuales $190.655.000, corresponden a la entrega de lentes, que sumaran un total de 11.215 ni\u00f1os que recibir\u00e1n este beneficio. En la comuna de Llay Llay la inversi\u00f3n total del programa de oftalmolog\u00eda para el 2015 ser\u00e1 de $5.736.000, de los cuales $3.400.000 est\u00e1n destinados para la compra de 200 lentes.<\/p>\n","protected":false},"excerpt":{"rendered":"<p>En una ceremonia desarrollada en la Escuela Agust\u00edn Edwards se realiz\u00f3 la entrega de lentes \u00f3pticos a alumnos de establecimientos educacionales municipales y particulares subvencionados de la comuna de Llay Llay. Actividad&#8230;<\/p>\n","protected":false},"author":482,"featured_media":62166,"comment_status":"open","ping_status":"open","sticky":false,"template":"","format":"standard","meta":{"advanced_seo_description":"","jetpack_seo_html_title":"","jetpack_seo_noindex":false,"_jetpack_memberships_contains_paid_content":false,"footnotes":""},"categories":[15],"tags":[],"class_list":["post-62165","post","type-post","status-publish","format-standard","has-post-thumbnail","hentry","category-comunidad"],"jetpack_featured_media_url":"https:\/\/i0.wp.com\/eltrabajo.cl\/portal\/wp-content\/uploads\/2015\/09\/Junaeb-entrega-lentes-Llay-Llay-3.jpg?fit=530%2C349&ssl=1","jetpack_sharing_enabled":true,"jetpack_likes_enabled":true,"jetpack-related-posts":[],"_links":{"self":[{"href":"https:\/\/eltrabajo.cl\/portal\/wp-json\/wp\/v2\/posts\/62165","targetHints":{"allow":["GET"]}}],"collection":[{"href":"https:\/\/eltrabajo.cl\/portal\/wp-json\/wp\/v2\/posts"}],"about":[{"href":"https:\/\/eltrabajo.cl\/portal\/wp-json\/wp\/v2\/types\/post"}],"author":[{"embeddable":true,"href":"https:\/\/eltrabajo.cl\/portal\/wp-json\/wp\/v2\/users\/482"}],"replies":[{"embeddable":true,"href":"https:\/\/eltrabajo.cl\/portal\/wp-json\/wp\/v2\/comments?post=62165"}],"version-history":[{"count":0,"href":"https:\/\/eltrabajo.cl\/portal\/wp-json\/wp\/v2\/posts\/62165\/revisions"}],"wp:featuredmedia":[{"embeddable":true,"href":"https:\/\/eltrabajo.cl\/portal\/wp-json\/wp\/v2\/media\/62166"}],"wp:attachment":[{"href":"https:\/\/eltrabajo.cl\/portal\/wp-json\/wp\/v2\/media?parent=62165"}],"wp:term":[{"taxonomy":"category","embeddable":true,"href":"https:\/\/eltrabajo.cl\/portal\/wp-json\/wp\/v2\/categories?post=62165"},{"taxonomy":"post_tag","embeddable":true,"href":"https:\/\/eltrabajo.cl\/portal\/wp-json\/wp\/v2\/tags?post=62165"}],"curies":[{"name":"wp","href":"https:\/\/api.w.org\/{rel}","templated":true}]}}