{"id":62168,"date":"2015-09-22T09:41:43","date_gmt":"2015-09-22T12:41:43","guid":{"rendered":"http:\/\/www.eltrabajo.cl\/portal\/?p=62168"},"modified":"2015-09-22T09:41:43","modified_gmt":"2015-09-22T12:41:43","slug":"camila-nash-y-felipe-camus-participaran-en-beneficio-por-la-cuarta-region-de-bcd","status":"publish","type":"post","link":"https:\/\/eltrabajo.cl\/portal\/camila-nash-y-felipe-camus-participaran-en-beneficio-por-la-cuarta-region-de-bcd\/","title":{"rendered":"Camila Nash y Felipe Camus participar\u00e1n en beneficio por la Cuarta Regi\u00f3n de BCD"},"content":{"rendered":"<figure id=\"attachment_62169\" aria-describedby=\"caption-attachment-62169\" style=\"width: 300px\" class=\"wp-caption alignleft\"><a href=\"https:\/\/i0.wp.com\/www.eltrabajo.cl\/portal\/wp-content\/uploads\/2015\/09\/flayer.jpg\"><img data-recalc-dims=\"1\" loading=\"lazy\" decoding=\"async\" class=\"wp-image-62169 size-medium\" src=\"https:\/\/i0.wp.com\/www.eltrabajo.cl\/portal\/wp-content\/uploads\/2015\/09\/flayer-300x199.jpg?resize=300%2C199\" alt=\"El evento se desarrollar\u00e1 este Jueves 24.\" width=\"300\" height=\"199\" srcset=\"https:\/\/i0.wp.com\/eltrabajo.cl\/portal\/wp-content\/uploads\/2015\/09\/flayer.jpg?resize=300%2C199&amp;ssl=1 300w, https:\/\/i0.wp.com\/eltrabajo.cl\/portal\/wp-content\/uploads\/2015\/09\/flayer.jpg?resize=200%2C133&amp;ssl=1 200w, https:\/\/i0.wp.com\/eltrabajo.cl\/portal\/wp-content\/uploads\/2015\/09\/flayer.jpg?resize=226%2C150&amp;ssl=1 226w, https:\/\/i0.wp.com\/eltrabajo.cl\/portal\/wp-content\/uploads\/2015\/09\/flayer.jpg?resize=400%2C265&amp;ssl=1 400w, https:\/\/i0.wp.com\/eltrabajo.cl\/portal\/wp-content\/uploads\/2015\/09\/flayer.jpg?w=528&amp;ssl=1 528w\" sizes=\"auto, (max-width: 300px) 100vw, 300px\" \/><\/a><figcaption id=\"caption-attachment-62169\" class=\"wp-caption-text\">El evento se desarrollar\u00e1 este Jueves 24.<\/figcaption><\/figure>\n<p>Como es de costumbre en BCD San Felipe, luego de alguna cat\u00e1strofe natural en nuestro pa\u00eds, este d\u00eda jueves se reunir\u00e1n los mejores dj y animadores de la escena local y figuras discotequeras a nivel nacional con el fin ir en ayuda esta vez de los damnificados de la cuarta regi\u00f3n. Camila Nash, ex pelot\u00f3n y Calle 7 adem\u00e1s del tambi\u00e9n ex Calle 7, Felipe Camus estar\u00e1n presentes en la cita, sum\u00e1ndose el remate de una camiseta oficial del jugador de la Universidad de Chile, Gonzalo Espinoza. El valor de la entrada solo ser\u00e1 una cooperaci\u00f3n en agua embotellada, alimentos no perecibles, pa\u00f1ales y\/o ropa nueva.<br \/>\n\u201cTendremos a los mejores dj de la zona, al Master DJ 2015, DJ Fox, a Dj Marco Fuenzalida desde Beat FM, a Dj Kanito de Eyci &amp; Cody, a los MC Pato Pozas y Pablo Bolvar\u00e1n, adem\u00e1s del baile entretenido y zumba de Jano, el remate de la camiseta de Gonzalo Espinoza y la participaci\u00f3n de Camila Nash y chico Camus, que desinteresadamente vendr\u00e1n a este evento a beneficio\u201d, expres\u00f3 Jos\u00e9 Pereira, propietario de BCD.<br \/>\nEl evento comenzar\u00e1 a las 19 horas y tendr\u00e1n muchas sorpresas, \u201cla idea es colaborar con nuestro granito de arena siempre en estos casos, es lo m\u00ednimo que podemos hacer, agradecer siempre a quienes han estado con la total disposici\u00f3n a colaborar, a Diario El Trabajo, que siempre nos ha dado la tribuna para publicitar estos eventos, adem\u00e1s de los artistas que vienen totalmente gratis\u201d, coment\u00f3 Pereira.<\/p>\n<p><strong>OTROS EVENTOS<\/strong><br \/>\nEn BCD ya se han organizado eventos para ir en ayuda de nuestros compatriotas, Jos\u00e9 coment\u00f3 a Diario El Trabajo que desde el terremoto que afect\u00f3 al sur el 2010 que se organizan eventos solidarios, \u201ces motivante poder ayudar a la gente, ya el 2010, para el terremoto de Iquique, el incendio en Valpara\u00edso y ahora no pod\u00edamos estar ajenos a lo que est\u00e1 pasando\u201d, sostuvo Jos\u00e9.<br \/>\n<strong>Mat\u00edas Ortiz<\/strong><\/p>\n","protected":false},"excerpt":{"rendered":"<p>Como es de costumbre en BCD San Felipe, luego de alguna cat\u00e1strofe natural en nuestro pa\u00eds, este d\u00eda jueves se reunir\u00e1n los mejores dj y animadores de la escena local y figuras&#8230;<\/p>\n","protected":false},"author":482,"featured_media":62169,"comment_status":"open","ping_status":"open","sticky":false,"template":"","format":"standard","meta":{"advanced_seo_description":"","jetpack_seo_html_title":"","jetpack_seo_noindex":false,"_jetpack_memberships_contains_paid_content":false,"footnotes":""},"categories":[1],"tags":[],"class_list":["post-62168","post","type-post","status-publish","format-standard","has-post-thumbnail","hentry","category-cronica"],"jetpack_featured_media_url":"https:\/\/i0.wp.com\/eltrabajo.cl\/portal\/wp-content\/uploads\/2015\/09\/flayer.jpg?fit=528%2C350&ssl=1","jetpack_sharing_enabled":true,"jetpack_likes_enabled":true,"jetpack-related-posts":[],"_links":{"self":[{"href":"https:\/\/eltrabajo.cl\/portal\/wp-json\/wp\/v2\/posts\/62168","targetHints":{"allow":["GET"]}}],"collection":[{"href":"https:\/\/eltrabajo.cl\/portal\/wp-json\/wp\/v2\/posts"}],"about":[{"href":"https:\/\/eltrabajo.cl\/portal\/wp-json\/wp\/v2\/types\/post"}],"author":[{"embeddable":true,"href":"https:\/\/eltrabajo.cl\/portal\/wp-json\/wp\/v2\/users\/482"}],"replies":[{"embeddable":true,"href":"https:\/\/eltrabajo.cl\/portal\/wp-json\/wp\/v2\/comments?post=62168"}],"version-history":[{"count":0,"href":"https:\/\/eltrabajo.cl\/portal\/wp-json\/wp\/v2\/posts\/62168\/revisions"}],"wp:featuredmedia":[{"embeddable":true,"href":"https:\/\/eltrabajo.cl\/portal\/wp-json\/wp\/v2\/media\/62169"}],"wp:attachment":[{"href":"https:\/\/eltrabajo.cl\/portal\/wp-json\/wp\/v2\/media?parent=62168"}],"wp:term":[{"taxonomy":"category","embeddable":true,"href":"https:\/\/eltrabajo.cl\/portal\/wp-json\/wp\/v2\/categories?post=62168"},{"taxonomy":"post_tag","embeddable":true,"href":"https:\/\/eltrabajo.cl\/portal\/wp-json\/wp\/v2\/tags?post=62168"}],"curies":[{"name":"wp","href":"https:\/\/api.w.org\/{rel}","templated":true}]}}