{"id":62172,"date":"2015-09-22T09:43:03","date_gmt":"2015-09-22T12:43:03","guid":{"rendered":"http:\/\/www.eltrabajo.cl\/portal\/?p=62172"},"modified":"2015-09-22T09:43:03","modified_gmt":"2015-09-22T12:43:03","slug":"18-funcionarios-de-salud-municipal-acceden-a-titularidad-en-sus-cargos","status":"publish","type":"post","link":"https:\/\/eltrabajo.cl\/portal\/18-funcionarios-de-salud-municipal-acceden-a-titularidad-en-sus-cargos\/","title":{"rendered":"18 funcionarios de salud municipal acceden a titularidad en sus cargos"},"content":{"rendered":"<figure id=\"attachment_62173\" aria-describedby=\"caption-attachment-62173\" style=\"width: 300px\" class=\"wp-caption alignleft\"><a href=\"https:\/\/i0.wp.com\/www.eltrabajo.cl\/portal\/wp-content\/uploads\/2015\/09\/salud.jpg\"><img data-recalc-dims=\"1\" loading=\"lazy\" decoding=\"async\" class=\"wp-image-62173 size-medium\" src=\"https:\/\/i0.wp.com\/www.eltrabajo.cl\/portal\/wp-content\/uploads\/2015\/09\/salud-300x198.jpg?resize=300%2C198\" alt=\"Junto al alcalde Patricio Freire est\u00e1n los 18 funcionarios de atenci\u00f3n primaria de salud que accedieron a la titularidad en sus cargos.\" width=\"300\" height=\"198\" srcset=\"https:\/\/i0.wp.com\/eltrabajo.cl\/portal\/wp-content\/uploads\/2015\/09\/salud.jpg?resize=300%2C198&amp;ssl=1 300w, https:\/\/i0.wp.com\/eltrabajo.cl\/portal\/wp-content\/uploads\/2015\/09\/salud.jpg?resize=200%2C132&amp;ssl=1 200w, https:\/\/i0.wp.com\/eltrabajo.cl\/portal\/wp-content\/uploads\/2015\/09\/salud.jpg?resize=228%2C150&amp;ssl=1 228w, https:\/\/i0.wp.com\/eltrabajo.cl\/portal\/wp-content\/uploads\/2015\/09\/salud.jpg?resize=400%2C263&amp;ssl=1 400w, https:\/\/i0.wp.com\/eltrabajo.cl\/portal\/wp-content\/uploads\/2015\/09\/salud.jpg?w=530&amp;ssl=1 530w\" sizes=\"auto, (max-width: 300px) 100vw, 300px\" \/><\/a><figcaption id=\"caption-attachment-62173\" class=\"wp-caption-text\">Junto al alcalde Patricio Freire est\u00e1n los 18 funcionarios de atenci\u00f3n primaria de salud que accedieron a la titularidad en sus cargos.<\/figcaption><\/figure>\n<p>Dieciocho funcionarios del sistema municipalizado de atenci\u00f3n primaria de salud de San Felipe, resultaron favorecidos con la puesta en vigencia e implementaci\u00f3n de la Ley 20.858, la que les permiti\u00f3 acceder a la titularidad de sus cargos, lo que favorece su estabilidad laboral.<br \/>\nLa informaci\u00f3n la entreg\u00f3 la directora de Salud municipal, Enfermera Marcela Brito, quien explic\u00f3 que esta iniciativa legal favorece a funcionarios de las distintas \u00e1reas, por lo que accedieron administrativos, t\u00e9cnicos y profesionales que se desempe\u00f1an en los Cesfam Segismundo Iturra, Curim\u00f3n y Cecosf Hugo Cornelissem.<br \/>\nPrecis\u00f3 la personera municipal que la ley establece que de las dotaciones de funcionarios que se desempe\u00f1an en el sistema, un 80 % debe poseer la calidad de titular, por lo que una vez que entr\u00f3 en vigencia, se resolvi\u00f3 llamar a concurso al que postularon m\u00e1s de veinte funcionarios, siendo favorecidos 18 en esta primera etapa.<br \/>\n\u201cEsta ley favorece a los funcionarios de la atenci\u00f3n primaria de salud municipal, donde se promueve que se haga carne un precepto establecido en la ley, que dice que el 80 % de los funcionarios que est\u00e1n en la dotaci\u00f3n contemplada y autorizada, deben estar en la condici\u00f3n de titular. Pero la brecha que se produce es muy amplia entre la realidad y lo que establece la ley, principalmente a ra\u00edz de la dotaci\u00f3n, donde los m\u00e9dicos vienen, van, se producen rotaciones, existiendo cierta movilidad de los funcionarios tambi\u00e9n\u201d, se\u00f1al\u00f3 la directora de salud municipal.<br \/>\nA\u00f1adi\u00f3 que \u201cen lo particular para nuestro municipio ha sido de mucho contento, porque ha permitido a trav\u00e9s de una v\u00eda muy expedita, pasar a titularidad a 18 funcionarios, de 23 que postularon\u201d.<br \/>\nMarcela Brito destac\u00f3 lo r\u00e1pido de este proceso, que fue favorecido por el alcalde Patricio Freire quien dispuso la implementaci\u00f3n de la ley que permite avanzar en un 11 % para acortar esta brecha, resultando favorecidos profesionales del \u00e1rea de la salud, t\u00e9cnicos param\u00e9dicos y administrativos.<br \/>\n\u201cHemos recibido el apoyo de nuestro Alcalde para concretar este proceso, ya que tiene un prop\u00f3sito superior para nuestros funcionarios: familia, educaci\u00f3n para sus hijos y estabilidad, pero junto con ello le hacemos un llamado a ellos, para que nos sumemos y a colaborar mutuamente a hacer posible nuestra misi\u00f3n agreg\u00e1ndole valor\u201d, precis\u00f3 Marcela Brito.<br \/>\nRescat\u00f3 adem\u00e1s el hecho que esta iniciativa permitir\u00e1 garantizar que el personal del sistema de atenci\u00f3n de salud primaria municipal tendr\u00e1 la estabilidad necesaria, evitando as\u00ed la rotaci\u00f3n de funcionarios.<\/p>\n","protected":false},"excerpt":{"rendered":"<p>Dieciocho funcionarios del sistema municipalizado de atenci\u00f3n primaria de salud de San Felipe, resultaron favorecidos con la puesta en vigencia e implementaci\u00f3n de la Ley 20.858, la que les permiti\u00f3 acceder a&#8230;<\/p>\n","protected":false},"author":482,"featured_media":62173,"comment_status":"open","ping_status":"open","sticky":false,"template":"","format":"standard","meta":{"advanced_seo_description":"","jetpack_seo_html_title":"","jetpack_seo_noindex":false,"_jetpack_memberships_contains_paid_content":false,"footnotes":""},"categories":[1],"tags":[],"class_list":["post-62172","post","type-post","status-publish","format-standard","has-post-thumbnail","hentry","category-cronica"],"jetpack_featured_media_url":"https:\/\/i0.wp.com\/eltrabajo.cl\/portal\/wp-content\/uploads\/2015\/09\/salud.jpg?fit=530%2C349&ssl=1","jetpack_sharing_enabled":true,"jetpack_likes_enabled":true,"jetpack-related-posts":[],"_links":{"self":[{"href":"https:\/\/eltrabajo.cl\/portal\/wp-json\/wp\/v2\/posts\/62172","targetHints":{"allow":["GET"]}}],"collection":[{"href":"https:\/\/eltrabajo.cl\/portal\/wp-json\/wp\/v2\/posts"}],"about":[{"href":"https:\/\/eltrabajo.cl\/portal\/wp-json\/wp\/v2\/types\/post"}],"author":[{"embeddable":true,"href":"https:\/\/eltrabajo.cl\/portal\/wp-json\/wp\/v2\/users\/482"}],"replies":[{"embeddable":true,"href":"https:\/\/eltrabajo.cl\/portal\/wp-json\/wp\/v2\/comments?post=62172"}],"version-history":[{"count":0,"href":"https:\/\/eltrabajo.cl\/portal\/wp-json\/wp\/v2\/posts\/62172\/revisions"}],"wp:featuredmedia":[{"embeddable":true,"href":"https:\/\/eltrabajo.cl\/portal\/wp-json\/wp\/v2\/media\/62173"}],"wp:attachment":[{"href":"https:\/\/eltrabajo.cl\/portal\/wp-json\/wp\/v2\/media?parent=62172"}],"wp:term":[{"taxonomy":"category","embeddable":true,"href":"https:\/\/eltrabajo.cl\/portal\/wp-json\/wp\/v2\/categories?post=62172"},{"taxonomy":"post_tag","embeddable":true,"href":"https:\/\/eltrabajo.cl\/portal\/wp-json\/wp\/v2\/tags?post=62172"}],"curies":[{"name":"wp","href":"https:\/\/api.w.org\/{rel}","templated":true}]}}