{"id":62176,"date":"2015-09-22T09:44:28","date_gmt":"2015-09-22T12:44:28","guid":{"rendered":"http:\/\/www.eltrabajo.cl\/portal\/?p=62176"},"modified":"2015-09-22T09:44:28","modified_gmt":"2015-09-22T12:44:28","slug":"frente-a-replicas-autoridades-educacionales-llaman-a-mantener-la-calma-a-la-comunidad-escolar","status":"publish","type":"post","link":"https:\/\/eltrabajo.cl\/portal\/frente-a-replicas-autoridades-educacionales-llaman-a-mantener-la-calma-a-la-comunidad-escolar\/","title":{"rendered":"Frente a r\u00e9plicas autoridades educacionales llaman a mantener la calma a la comunidad escolar"},"content":{"rendered":"<figure id=\"attachment_62177\" aria-describedby=\"caption-attachment-62177\" style=\"width: 300px\" class=\"wp-caption alignleft\"><a href=\"https:\/\/i0.wp.com\/www.eltrabajo.cl\/portal\/wp-content\/uploads\/2015\/09\/alumnos-escuela-rep-argentina-eltambo.jpg\"><img data-recalc-dims=\"1\" loading=\"lazy\" decoding=\"async\" class=\"wp-image-62177 size-medium\" src=\"https:\/\/i0.wp.com\/www.eltrabajo.cl\/portal\/wp-content\/uploads\/2015\/09\/alumnos-escuela-rep-argentina-eltambo-300x198.jpg?resize=300%2C198\" alt=\"Autoridades llaman a apoderados a mantener la calma ante la seguidilla de r\u00e9plicas registradas en la zona posteriores al terremoto.\" width=\"300\" height=\"198\" srcset=\"https:\/\/i0.wp.com\/eltrabajo.cl\/portal\/wp-content\/uploads\/2015\/09\/alumnos-escuela-rep-argentina-eltambo.jpg?resize=300%2C198&amp;ssl=1 300w, https:\/\/i0.wp.com\/eltrabajo.cl\/portal\/wp-content\/uploads\/2015\/09\/alumnos-escuela-rep-argentina-eltambo.jpg?resize=200%2C132&amp;ssl=1 200w, https:\/\/i0.wp.com\/eltrabajo.cl\/portal\/wp-content\/uploads\/2015\/09\/alumnos-escuela-rep-argentina-eltambo.jpg?resize=227%2C150&amp;ssl=1 227w, https:\/\/i0.wp.com\/eltrabajo.cl\/portal\/wp-content\/uploads\/2015\/09\/alumnos-escuela-rep-argentina-eltambo.jpg?resize=400%2C264&amp;ssl=1 400w, https:\/\/i0.wp.com\/eltrabajo.cl\/portal\/wp-content\/uploads\/2015\/09\/alumnos-escuela-rep-argentina-eltambo.jpg?w=530&amp;ssl=1 530w\" sizes=\"auto, (max-width: 300px) 100vw, 300px\" \/><\/a><figcaption id=\"caption-attachment-62177\" class=\"wp-caption-text\">Autoridades llaman a apoderados a mantener la calma ante la seguidilla de r\u00e9plicas registradas en la zona posteriores al terremoto.<\/figcaption><\/figure>\n<ul>\n<li><strong>Luego del terremoto, en los establecimientos se ensayan protocolos de evacuaci\u00f3n.<\/strong><\/li>\n<\/ul>\n<p>Un llamado a la calma realiz\u00f3 esta semana la autoridad de educaci\u00f3n municipal de la comuna de San Felipe, ante la seguidilla de r\u00e9plicas registradas en la zona luego del fuerte terremoto que afect\u00f3 las regiones del centro norte de nuestro pa\u00eds la semana reci\u00e9n pasada.<br \/>\nPatricio Gonz\u00e1lez, director (s) Daem, fue enf\u00e1tico en se\u00f1alar que el sistema escolar se encuentra preparado para enfrentar este tipo de situaciones, por ello llam\u00f3 a la calma a los padres.<br \/>\n\u201cEstamos preparados para enfrentar este tipo de situaciones, durante los \u00faltimos dos a\u00f1os, por instrucciones de nuestro alcalde Patricio Freire, hemos estado realizando, y perfeccionando los sistemas de evacuaci\u00f3n, los que incluso nos llevaron a realizar un simulacro del que participaron todos los establecimientos municipalizados de la comuna, el que fue supervisado por la Daem, permiti\u00e9ndonos detectar nuestras fortalezas, pero principalmente nuestras debilidades, ante la posibilidad de la ocurrencia de un sismo, como el que nos afect\u00f3 la semana reci\u00e9n pasada\u201d.<br \/>\nSeg\u00fan explic\u00f3 Gonz\u00e1lez, los establecimientos tienen protocolos de acci\u00f3n en caso de que los sismos se registren en horario de clases, \u201cpor lo que solicitamos a los padres y apoderados, como una forma de facilitar la puesta en marcha y normal desarrollo de los mismos, informarse y respetar los procedimientos, ya que \u00e9stos est\u00e1n elaborados para mantener a sus hijos e hijas seguros en nuestros establecimientos\u201d, sentenci\u00f3 la autoridad.<\/p>\n","protected":false},"excerpt":{"rendered":"<p>Luego del terremoto, en los establecimientos se ensayan protocolos de evacuaci\u00f3n. Un llamado a la calma realiz\u00f3 esta semana la autoridad de educaci\u00f3n municipal de la comuna de San Felipe, ante la&#8230;<\/p>\n","protected":false},"author":482,"featured_media":62177,"comment_status":"open","ping_status":"open","sticky":false,"template":"","format":"standard","meta":{"advanced_seo_description":"","jetpack_seo_html_title":"","jetpack_seo_noindex":false,"_jetpack_memberships_contains_paid_content":false,"footnotes":""},"categories":[1],"tags":[],"class_list":["post-62176","post","type-post","status-publish","format-standard","has-post-thumbnail","hentry","category-cronica"],"jetpack_featured_media_url":"https:\/\/i0.wp.com\/eltrabajo.cl\/portal\/wp-content\/uploads\/2015\/09\/alumnos-escuela-rep-argentina-eltambo.jpg?fit=530%2C350&ssl=1","jetpack_sharing_enabled":true,"jetpack_likes_enabled":true,"jetpack-related-posts":[],"_links":{"self":[{"href":"https:\/\/eltrabajo.cl\/portal\/wp-json\/wp\/v2\/posts\/62176","targetHints":{"allow":["GET"]}}],"collection":[{"href":"https:\/\/eltrabajo.cl\/portal\/wp-json\/wp\/v2\/posts"}],"about":[{"href":"https:\/\/eltrabajo.cl\/portal\/wp-json\/wp\/v2\/types\/post"}],"author":[{"embeddable":true,"href":"https:\/\/eltrabajo.cl\/portal\/wp-json\/wp\/v2\/users\/482"}],"replies":[{"embeddable":true,"href":"https:\/\/eltrabajo.cl\/portal\/wp-json\/wp\/v2\/comments?post=62176"}],"version-history":[{"count":0,"href":"https:\/\/eltrabajo.cl\/portal\/wp-json\/wp\/v2\/posts\/62176\/revisions"}],"wp:featuredmedia":[{"embeddable":true,"href":"https:\/\/eltrabajo.cl\/portal\/wp-json\/wp\/v2\/media\/62177"}],"wp:attachment":[{"href":"https:\/\/eltrabajo.cl\/portal\/wp-json\/wp\/v2\/media?parent=62176"}],"wp:term":[{"taxonomy":"category","embeddable":true,"href":"https:\/\/eltrabajo.cl\/portal\/wp-json\/wp\/v2\/categories?post=62176"},{"taxonomy":"post_tag","embeddable":true,"href":"https:\/\/eltrabajo.cl\/portal\/wp-json\/wp\/v2\/tags?post=62176"}],"curies":[{"name":"wp","href":"https:\/\/api.w.org\/{rel}","templated":true}]}}