{"id":62179,"date":"2015-09-22T09:46:15","date_gmt":"2015-09-22T12:46:15","guid":{"rendered":"http:\/\/www.eltrabajo.cl\/portal\/?p=62179"},"modified":"2015-09-22T09:46:15","modified_gmt":"2015-09-22T12:46:15","slug":"detienen-a-delincuentes-habituales-que-robaron-en-local-comercial-de-la-villa-alto-aconcagua","status":"publish","type":"post","link":"https:\/\/eltrabajo.cl\/portal\/detienen-a-delincuentes-habituales-que-robaron-en-local-comercial-de-la-villa-alto-aconcagua\/","title":{"rendered":"Detienen a delincuentes habituales que robaron en local comercial de la villa Alto Aconcagua"},"content":{"rendered":"<figure id=\"attachment_62180\" aria-describedby=\"caption-attachment-62180\" style=\"width: 300px\" class=\"wp-caption alignleft\"><a href=\"https:\/\/i0.wp.com\/www.eltrabajo.cl\/portal\/wp-content\/uploads\/2015\/09\/juan-ahumada-mera1.jpg\"><img data-recalc-dims=\"1\" loading=\"lazy\" decoding=\"async\" class=\"wp-image-62180 size-medium\" src=\"https:\/\/i0.wp.com\/www.eltrabajo.cl\/portal\/wp-content\/uploads\/2015\/09\/juan-ahumada-mera1-300x198.jpg?resize=300%2C198\" alt=\"Los delincuentes cuentan con un amplio prontuario delictual, por lo que Carabineros investiga su vinculaci\u00f3n en otros delitos perpetrados en la misma villa. \" width=\"300\" height=\"198\" srcset=\"https:\/\/i0.wp.com\/eltrabajo.cl\/portal\/wp-content\/uploads\/2015\/09\/juan-ahumada-mera1.jpg?resize=300%2C198&amp;ssl=1 300w, https:\/\/i0.wp.com\/eltrabajo.cl\/portal\/wp-content\/uploads\/2015\/09\/juan-ahumada-mera1.jpg?resize=200%2C132&amp;ssl=1 200w, https:\/\/i0.wp.com\/eltrabajo.cl\/portal\/wp-content\/uploads\/2015\/09\/juan-ahumada-mera1.jpg?resize=228%2C150&amp;ssl=1 228w, https:\/\/i0.wp.com\/eltrabajo.cl\/portal\/wp-content\/uploads\/2015\/09\/juan-ahumada-mera1.jpg?resize=400%2C263&amp;ssl=1 400w, https:\/\/i0.wp.com\/eltrabajo.cl\/portal\/wp-content\/uploads\/2015\/09\/juan-ahumada-mera1.jpg?w=530&amp;ssl=1 530w\" sizes=\"auto, (max-width: 300px) 100vw, 300px\" \/><\/a><figcaption id=\"caption-attachment-62180\" class=\"wp-caption-text\">Los delincuentes cuentan con un amplio prontuario delictual, por lo que Carabineros investiga su vinculaci\u00f3n en otros delitos perpetrados en la misma villa.<\/figcaption><\/figure>\n<ul>\n<li><strong>No obstante, fueron recuperadas especies y dinero en efectivo.<\/strong><\/li>\n<\/ul>\n<p><strong>LOS ANDES.<\/strong>&#8211; En una r\u00e1pida acci\u00f3n, personal de Carabineros del cuadrante 4 logr\u00f3 la captura de cuatro peligrosos delincuentes que en horas de la madrugada de este lunes ingresaron a robar a un almac\u00e9n en la villa Alto Aconcagua.<br \/>\nLos antisociales llegaron pasadas las 4 de la madrugada hasta el establecimiento comercial de nombre \u201cJadid\u201d, ubicado en el pasaje Laura Inzulsa y premunidos de un chuzo y un diablito forzaron la reja de protecci\u00f3n de la puerta de acceso.<br \/>\nTres de los delincuentes hicieron ingreso a local, mientras que la mujer que los acompa\u00f1aba se qued\u00f3 fuera para servir de \u2018loro\u2019 y alertar sobre la eventual llegada de la polic\u00eda.<br \/>\nLos antisociales sustrajeron 80 mil pesos en efectivo, un cilindro de gas, cajas con desodorantes y otras mercader\u00edas que fueron avaluados por su due\u00f1o en 280 mil pesos.<br \/>\nCuando se aprestaban a darse a la fuga, lleg\u00f3 una patrulla de Carabineros que hab\u00eda sido alertado por testigos an\u00f3nimos sobre la presencia de los maleantes en el local.<br \/>\nLa mujer fue detenida en el lugar, as\u00ed como tambi\u00e9n uno de los ladrones que qued\u00f3 atrapado en la reja de acceso, mientras los otros dos pudieron escapar, pero fueron finalmente arrestados tras una breve persecuci\u00f3n.<br \/>\nEn poder de uno de los antisociales se hall\u00f3 la mochila con el dinero y parte de las especies, mientras que en las inmediaciones se encontr\u00f3 el diablito, el chuzo y el cilindro de gas.<br \/>\nLos maleantes fueron identificados como Jensen Enrique Boisleve Jara (24), Juan Gabriel Ahumada Mera (21), El\u00edas Israel Tiznado Alveal (18) y Camelin Andrea L\u00edbano Arenas (21), todos poseedores de nutrido prontuario delictual.<br \/>\nLos cuatro delincuentes fueron puestos a disposici\u00f3n del Tribunal de Garant\u00eda de Los Andes donde el fiscal Osvaldo Basso los formaliz\u00f3 por el delito de robo en lugar no habitado, quedando todos en prisi\u00f3n preventiva por ser considerados un peligro para la seguridad de la sociedad durante los 45 d\u00edas que durar\u00e1 la investigaci\u00f3n.<br \/>\nEn el caso de Boisleve Jara estaba gozando del beneficio de la reclusi\u00f3n nocturna en una condena a 541 d\u00edas de presidio como co autor del delito de robo con intimidaci\u00f3n.<br \/>\nA su vez, Ahumada Mera deb\u00eda presentarse el domingo en la c\u00e1rcel de Los Andes a cumplir una condena de 61 d\u00edas por el robo perpetrado a la sede vecinal de la poblaci\u00f3n Bellavista, hecho que nuestro medio inform\u00f3 la semana pasada.<br \/>\nAdem\u00e1s, Carabineros investiga si todo el grupo tambi\u00e9n particip\u00f3 de ese robo y del perpetrado al jard\u00edn infantil Luz de Luna ubicado en la misma villa Alto Aconcagua, delito que fue repudiado ampliamente por todos los habitantes de ese sector poblacional.<\/p>\n","protected":false},"excerpt":{"rendered":"<p>No obstante, fueron recuperadas especies y dinero en efectivo. LOS ANDES.&#8211; En una r\u00e1pida acci\u00f3n, personal de Carabineros del cuadrante 4 logr\u00f3 la captura de cuatro peligrosos delincuentes que en horas de&#8230;<\/p>\n","protected":false},"author":482,"featured_media":62180,"comment_status":"open","ping_status":"open","sticky":false,"template":"","format":"standard","meta":{"advanced_seo_description":"","jetpack_seo_html_title":"","jetpack_seo_noindex":false,"_jetpack_memberships_contains_paid_content":false,"footnotes":""},"categories":[21],"tags":[],"class_list":["post-62179","post","type-post","status-publish","format-standard","has-post-thumbnail","hentry","category-policial"],"jetpack_featured_media_url":"https:\/\/i0.wp.com\/eltrabajo.cl\/portal\/wp-content\/uploads\/2015\/09\/juan-ahumada-mera1.jpg?fit=530%2C349&ssl=1","jetpack_sharing_enabled":true,"jetpack_likes_enabled":true,"jetpack-related-posts":[],"_links":{"self":[{"href":"https:\/\/eltrabajo.cl\/portal\/wp-json\/wp\/v2\/posts\/62179","targetHints":{"allow":["GET"]}}],"collection":[{"href":"https:\/\/eltrabajo.cl\/portal\/wp-json\/wp\/v2\/posts"}],"about":[{"href":"https:\/\/eltrabajo.cl\/portal\/wp-json\/wp\/v2\/types\/post"}],"author":[{"embeddable":true,"href":"https:\/\/eltrabajo.cl\/portal\/wp-json\/wp\/v2\/users\/482"}],"replies":[{"embeddable":true,"href":"https:\/\/eltrabajo.cl\/portal\/wp-json\/wp\/v2\/comments?post=62179"}],"version-history":[{"count":0,"href":"https:\/\/eltrabajo.cl\/portal\/wp-json\/wp\/v2\/posts\/62179\/revisions"}],"wp:featuredmedia":[{"embeddable":true,"href":"https:\/\/eltrabajo.cl\/portal\/wp-json\/wp\/v2\/media\/62180"}],"wp:attachment":[{"href":"https:\/\/eltrabajo.cl\/portal\/wp-json\/wp\/v2\/media?parent=62179"}],"wp:term":[{"taxonomy":"category","embeddable":true,"href":"https:\/\/eltrabajo.cl\/portal\/wp-json\/wp\/v2\/categories?post=62179"},{"taxonomy":"post_tag","embeddable":true,"href":"https:\/\/eltrabajo.cl\/portal\/wp-json\/wp\/v2\/tags?post=62179"}],"curies":[{"name":"wp","href":"https:\/\/api.w.org\/{rel}","templated":true}]}}