{"id":62182,"date":"2015-09-22T09:47:33","date_gmt":"2015-09-22T12:47:33","guid":{"rendered":"http:\/\/www.eltrabajo.cl\/portal\/?p=62182"},"modified":"2015-09-22T09:58:42","modified_gmt":"2015-09-22T12:58:42","slug":"presentaran-recurso-de-nulidad-del-juicio-contra-implicados-en-fraude-a-andina","status":"publish","type":"post","link":"https:\/\/eltrabajo.cl\/portal\/presentaran-recurso-de-nulidad-del-juicio-contra-implicados-en-fraude-a-andina\/","title":{"rendered":"Presentar\u00e1n recurso de nulidad del juicio contra implicados en fraude a Andina"},"content":{"rendered":"<figure id=\"attachment_62183\" aria-describedby=\"caption-attachment-62183\" style=\"width: 300px\" class=\"wp-caption alignleft\"><a href=\"https:\/\/i0.wp.com\/www.eltrabajo.cl\/portal\/wp-content\/uploads\/2015\/09\/carlos_fraile1.jpg\"><img data-recalc-dims=\"1\" loading=\"lazy\" decoding=\"async\" class=\"wp-image-62183 size-medium\" src=\"https:\/\/i0.wp.com\/www.eltrabajo.cl\/portal\/wp-content\/uploads\/2015\/09\/carlos_fraile1-300x199.jpg?resize=300%2C199\" alt=\"Carlos Fairlie, abogado defensor de Jorge Gonz\u00e1lez Ponce y Jorge Gonz\u00e1lez Ahumada.\" width=\"300\" height=\"199\" srcset=\"https:\/\/i0.wp.com\/eltrabajo.cl\/portal\/wp-content\/uploads\/2015\/09\/carlos_fraile1.jpg?resize=300%2C199&amp;ssl=1 300w, https:\/\/i0.wp.com\/eltrabajo.cl\/portal\/wp-content\/uploads\/2015\/09\/carlos_fraile1.jpg?resize=200%2C133&amp;ssl=1 200w, https:\/\/i0.wp.com\/eltrabajo.cl\/portal\/wp-content\/uploads\/2015\/09\/carlos_fraile1.jpg?resize=226%2C150&amp;ssl=1 226w, https:\/\/i0.wp.com\/eltrabajo.cl\/portal\/wp-content\/uploads\/2015\/09\/carlos_fraile1.jpg?resize=400%2C265&amp;ssl=1 400w, https:\/\/i0.wp.com\/eltrabajo.cl\/portal\/wp-content\/uploads\/2015\/09\/carlos_fraile1.jpg?w=528&amp;ssl=1 528w\" sizes=\"auto, (max-width: 300px) 100vw, 300px\" \/><\/a><figcaption id=\"caption-attachment-62183\" class=\"wp-caption-text\">Carlos Fairlie, abogado defensor de Jorge Gonz\u00e1lez Ponce y Jorge Gonz\u00e1lez Ahumada.<\/figcaption><\/figure>\n<ul>\n<li><strong>Abogado de los Gonz\u00e1lez busca revertir condena de 13 a\u00f1os de c\u00e1rcel, indicando que debieron recibir un fallo similar al de Isidoro Camacho.<\/strong><\/li>\n<\/ul>\n<p><strong>LOS ANDES.<\/strong>&#8211; El abogado defensor de Jorge Gonz\u00e1lez Ponce y Jorge Gonz\u00e1lez Ahumada, Carlos Fairlie, consider\u00f3 que el fallo condenatorio emitido en contra de sus representados excede los l\u00edmites de lo que hab\u00edan presupuestado y anunci\u00f3 que recurrir\u00e1n de todos los recursos legales pertinentes para revertir esta condena, ya sea en la Corte de Apelaciones o la Corte Suprema seg\u00fan sea el caso.<br \/>\nIndic\u00f3 que la idea es que sus representados puedan optar al mismo beneficio que se le otorg\u00f3 al otro co imputado Isidoro Camacho que cumplir\u00e1 su condena en libertad.<br \/>\n\u00abHemos sufrido en este juicio, que desde su g\u00e9nesis hubo un reconocimiento de los hechos por parte del se\u00f1or Camacho, lo cual implica que pugna por el principio de autoincriminaci\u00f3n y eso veremos c\u00f3mo se maneja en la Corte Suprema en el recurso pertinente que presentaremos en los plazos legales\u00bb, argument\u00f3 el jurista.<br \/>\nRecord\u00f3 que sus representados est\u00e1n cumpliendo con la cautelar de arresto domiciliario total, \u00abporque siempre la intenci\u00f3n es cumplir con la justicia y dar la cara con los fallos aunque sean adversos\u00bb.<br \/>\nEl abogado insisti\u00f3 en que a sus representados se les aplic\u00f3 una pena que corresponde a funcionarios p\u00fablicos que cometen estos delitos, \u00aby si bien nunca esperamos un fallo condenatorio, porque las obras se ejecutaban, nosotros esper\u00e1bamos una pena igual a la del se\u00f1or Camacho, es decir de cinco a\u00f1os de cumplimiento en libertad vigilada como dicen los informes presentados por Gendarmer\u00eda\u00bb.<br \/>\nLa defensa tendr\u00e1 un plazo de 10 d\u00edas para presentar los recursos correspondientes, vale decir el de nulidad del juicio ante la Corte de Apelaciones de Valpara\u00edso.<\/p>\n","protected":false},"excerpt":{"rendered":"<p>Abogado de los Gonz\u00e1lez busca revertir condena de 13 a\u00f1os de c\u00e1rcel, indicando que debieron recibir un fallo similar al de Isidoro Camacho. LOS ANDES.&#8211; El abogado defensor de Jorge Gonz\u00e1lez Ponce&#8230;<\/p>\n","protected":false},"author":482,"featured_media":62183,"comment_status":"open","ping_status":"open","sticky":false,"template":"","format":"standard","meta":{"advanced_seo_description":"","jetpack_seo_html_title":"","jetpack_seo_noindex":false,"_jetpack_memberships_contains_paid_content":false,"footnotes":""},"categories":[21],"tags":[],"class_list":["post-62182","post","type-post","status-publish","format-standard","has-post-thumbnail","hentry","category-policial"],"jetpack_featured_media_url":"https:\/\/i0.wp.com\/eltrabajo.cl\/portal\/wp-content\/uploads\/2015\/09\/carlos_fraile1.jpg?fit=528%2C350&ssl=1","jetpack_sharing_enabled":true,"jetpack_likes_enabled":true,"jetpack-related-posts":[],"_links":{"self":[{"href":"https:\/\/eltrabajo.cl\/portal\/wp-json\/wp\/v2\/posts\/62182","targetHints":{"allow":["GET"]}}],"collection":[{"href":"https:\/\/eltrabajo.cl\/portal\/wp-json\/wp\/v2\/posts"}],"about":[{"href":"https:\/\/eltrabajo.cl\/portal\/wp-json\/wp\/v2\/types\/post"}],"author":[{"embeddable":true,"href":"https:\/\/eltrabajo.cl\/portal\/wp-json\/wp\/v2\/users\/482"}],"replies":[{"embeddable":true,"href":"https:\/\/eltrabajo.cl\/portal\/wp-json\/wp\/v2\/comments?post=62182"}],"version-history":[{"count":0,"href":"https:\/\/eltrabajo.cl\/portal\/wp-json\/wp\/v2\/posts\/62182\/revisions"}],"wp:featuredmedia":[{"embeddable":true,"href":"https:\/\/eltrabajo.cl\/portal\/wp-json\/wp\/v2\/media\/62183"}],"wp:attachment":[{"href":"https:\/\/eltrabajo.cl\/portal\/wp-json\/wp\/v2\/media?parent=62182"}],"wp:term":[{"taxonomy":"category","embeddable":true,"href":"https:\/\/eltrabajo.cl\/portal\/wp-json\/wp\/v2\/categories?post=62182"},{"taxonomy":"post_tag","embeddable":true,"href":"https:\/\/eltrabajo.cl\/portal\/wp-json\/wp\/v2\/tags?post=62182"}],"curies":[{"name":"wp","href":"https:\/\/api.w.org\/{rel}","templated":true}]}}