{"id":62185,"date":"2015-09-22T09:51:55","date_gmt":"2015-09-22T12:51:55","guid":{"rendered":"http:\/\/www.eltrabajo.cl\/portal\/?p=62185"},"modified":"2015-09-22T09:51:55","modified_gmt":"2015-09-22T12:51:55","slug":"pistola-en-mano-golpean-y-asaltan-a-dos-mujeres-para-robarles-celular","status":"publish","type":"post","link":"https:\/\/eltrabajo.cl\/portal\/pistola-en-mano-golpean-y-asaltan-a-dos-mujeres-para-robarles-celular\/","title":{"rendered":"Pistola en mano golpean y asaltan a dos mujeres para robarles celular"},"content":{"rendered":"<figure id=\"attachment_62186\" aria-describedby=\"caption-attachment-62186\" style=\"width: 300px\" class=\"wp-caption alignleft\"><a href=\"https:\/\/i0.wp.com\/www.eltrabajo.cl\/portal\/wp-content\/uploads\/2015\/09\/antisocial-1-y-2-copia.jpg\"><img data-recalc-dims=\"1\" loading=\"lazy\" decoding=\"async\" class=\"wp-image-62186 size-medium\" src=\"https:\/\/i0.wp.com\/www.eltrabajo.cl\/portal\/wp-content\/uploads\/2015\/09\/antisocial-1-y-2-copia-300x198.jpg?resize=300%2C198\" alt=\"Los detenidos identificados como Felipe Saavedra Manzano y el menor de 15 a\u00f1os de edad fueron puestos a disposici\u00f3n de la Fiscal\u00eda para la investigaci\u00f3n del delito de robo con violencia.\" width=\"300\" height=\"198\" srcset=\"https:\/\/i0.wp.com\/eltrabajo.cl\/portal\/wp-content\/uploads\/2015\/09\/antisocial-1-y-2-copia.jpg?resize=300%2C198&amp;ssl=1 300w, https:\/\/i0.wp.com\/eltrabajo.cl\/portal\/wp-content\/uploads\/2015\/09\/antisocial-1-y-2-copia.jpg?resize=200%2C132&amp;ssl=1 200w, https:\/\/i0.wp.com\/eltrabajo.cl\/portal\/wp-content\/uploads\/2015\/09\/antisocial-1-y-2-copia.jpg?resize=228%2C150&amp;ssl=1 228w, https:\/\/i0.wp.com\/eltrabajo.cl\/portal\/wp-content\/uploads\/2015\/09\/antisocial-1-y-2-copia.jpg?resize=400%2C263&amp;ssl=1 400w, https:\/\/i0.wp.com\/eltrabajo.cl\/portal\/wp-content\/uploads\/2015\/09\/antisocial-1-y-2-copia.jpg?w=530&amp;ssl=1 530w\" sizes=\"auto, (max-width: 300px) 100vw, 300px\" \/><\/a><figcaption id=\"caption-attachment-62186\" class=\"wp-caption-text\">Los detenidos identificados como Felipe Saavedra Manzano y el menor de 15 a\u00f1os de edad fueron puestos a disposici\u00f3n de la Fiscal\u00eda para la investigaci\u00f3n del delito de robo con violencia.<\/figcaption><\/figure>\n<ul>\n<li><strong>Carabineros de Llay Llay detuvo a los antisociales, uno de ellos menor de edad, quienes manten\u00edan armas de fantas\u00eda para intimidar.<\/strong><\/li>\n<\/ul>\n<p>Con lesiones de car\u00e1cter leve resultaron dos mujeres que fueron golpeadas por dos delincuentes, quienes las enca\u00f1onaron con armas de fuego para arrebatarles un tel\u00e9fono celular en los momentos que las muchachas se desplazaban por calle Ignacio Carrera Pinto esquina de Ucuquer en la comuna de Llay Llay.<br \/>\nLos hechos se registraron a eso de las 04:00 horas de la madrugada del pasado domingo, en circunstancias que las v\u00edctimas sorpresivamente fueron abordadas e intimidadas con armas, caus\u00e1ndoles bastante temor. Las mujeres fueron agredidas al tratar de defenderse de estos maleantes que huyeron con el tel\u00e9fono celular que portaba una de ellas.<br \/>\nAfortunadamente a esas horas se desplazaba una patrulla preventiva de Carabineros de la Subcomisar\u00eda de Llay Llay, entrevist\u00e1ndose con las v\u00edctimas quienes proporcionaron las caracter\u00edsticas de los individuos que huyeron en direcci\u00f3n desconocida.<\/p>\n<figure id=\"attachment_62187\" aria-describedby=\"caption-attachment-62187\" style=\"width: 300px\" class=\"wp-caption alignright\"><a href=\"https:\/\/i0.wp.com\/www.eltrabajo.cl\/portal\/wp-content\/uploads\/2015\/09\/PISTOLAS.jpg\"><img data-recalc-dims=\"1\" loading=\"lazy\" decoding=\"async\" class=\"wp-image-62187 size-medium\" src=\"https:\/\/i0.wp.com\/www.eltrabajo.cl\/portal\/wp-content\/uploads\/2015\/09\/PISTOLAS-300x198.jpg?resize=300%2C198\" alt=\"Los antisociales portaban armamentos de fantas\u00eda para intimidar a las v\u00edctimas en horas de la madrugada del pasado domingo.\" width=\"300\" height=\"198\" srcset=\"https:\/\/i0.wp.com\/eltrabajo.cl\/portal\/wp-content\/uploads\/2015\/09\/PISTOLAS.jpg?resize=300%2C198&amp;ssl=1 300w, https:\/\/i0.wp.com\/eltrabajo.cl\/portal\/wp-content\/uploads\/2015\/09\/PISTOLAS.jpg?resize=200%2C132&amp;ssl=1 200w, https:\/\/i0.wp.com\/eltrabajo.cl\/portal\/wp-content\/uploads\/2015\/09\/PISTOLAS.jpg?resize=228%2C150&amp;ssl=1 228w, https:\/\/i0.wp.com\/eltrabajo.cl\/portal\/wp-content\/uploads\/2015\/09\/PISTOLAS.jpg?resize=400%2C263&amp;ssl=1 400w, https:\/\/i0.wp.com\/eltrabajo.cl\/portal\/wp-content\/uploads\/2015\/09\/PISTOLAS.jpg?w=530&amp;ssl=1 530w\" sizes=\"auto, (max-width: 300px) 100vw, 300px\" \/><\/a><figcaption id=\"caption-attachment-62187\" class=\"wp-caption-text\">Los antisociales portaban armamentos de fantas\u00eda para intimidar a las v\u00edctimas en horas de la madrugada del pasado domingo.<\/figcaption><\/figure>\n<p>Efectivos policiales, al realizar patrullajes por el sector, lograron dar alcance a los sujetos que fueron aprehendidos en forma inmediata, comprobando que \u00e9stos manten\u00edan el celular robado adem\u00e1s de cerciorarse que \u00e9stos portaban armamentos de fantas\u00edas para intimidar.<br \/>\nLos sujetos fueron identificados como Felipe Saavedra Manzano, de 23 a\u00f1os de edad, y un adolescente de 15 a\u00f1os de iniciales C.L.F. Asimismo las v\u00edctimas fueron derivadas hasta un centro hospitalario donde fueron diagnosticadas con lesiones de car\u00e1cter leve por el m\u00e9dico de turno.<br \/>\nLos imputados fueron derivados al Juzgado de Garant\u00eda de San Felipe durante la ma\u00f1ana del domingo, para ser formalizados por la Fiscal\u00eda por el delito de robo con violencia, quedando en libertad a la espera del desarrollo del juicio y con prohibici\u00f3n de acercarse a las v\u00edctimas.<br \/>\nPablo Salinas Sald\u00edas<\/p>\n","protected":false},"excerpt":{"rendered":"<p>Carabineros de Llay Llay detuvo a los antisociales, uno de ellos menor de edad, quienes manten\u00edan armas de fantas\u00eda para intimidar. Con lesiones de car\u00e1cter leve resultaron dos mujeres que fueron golpeadas&#8230;<\/p>\n","protected":false},"author":482,"featured_media":62186,"comment_status":"open","ping_status":"open","sticky":false,"template":"","format":"standard","meta":{"advanced_seo_description":"","jetpack_seo_html_title":"","jetpack_seo_noindex":false,"_jetpack_memberships_contains_paid_content":false,"footnotes":""},"categories":[21],"tags":[],"class_list":["post-62185","post","type-post","status-publish","format-standard","has-post-thumbnail","hentry","category-policial"],"jetpack_featured_media_url":"https:\/\/i0.wp.com\/eltrabajo.cl\/portal\/wp-content\/uploads\/2015\/09\/antisocial-1-y-2-copia.jpg?fit=530%2C349&ssl=1","jetpack_sharing_enabled":true,"jetpack_likes_enabled":true,"jetpack-related-posts":[],"_links":{"self":[{"href":"https:\/\/eltrabajo.cl\/portal\/wp-json\/wp\/v2\/posts\/62185","targetHints":{"allow":["GET"]}}],"collection":[{"href":"https:\/\/eltrabajo.cl\/portal\/wp-json\/wp\/v2\/posts"}],"about":[{"href":"https:\/\/eltrabajo.cl\/portal\/wp-json\/wp\/v2\/types\/post"}],"author":[{"embeddable":true,"href":"https:\/\/eltrabajo.cl\/portal\/wp-json\/wp\/v2\/users\/482"}],"replies":[{"embeddable":true,"href":"https:\/\/eltrabajo.cl\/portal\/wp-json\/wp\/v2\/comments?post=62185"}],"version-history":[{"count":0,"href":"https:\/\/eltrabajo.cl\/portal\/wp-json\/wp\/v2\/posts\/62185\/revisions"}],"wp:featuredmedia":[{"embeddable":true,"href":"https:\/\/eltrabajo.cl\/portal\/wp-json\/wp\/v2\/media\/62186"}],"wp:attachment":[{"href":"https:\/\/eltrabajo.cl\/portal\/wp-json\/wp\/v2\/media?parent=62185"}],"wp:term":[{"taxonomy":"category","embeddable":true,"href":"https:\/\/eltrabajo.cl\/portal\/wp-json\/wp\/v2\/categories?post=62185"},{"taxonomy":"post_tag","embeddable":true,"href":"https:\/\/eltrabajo.cl\/portal\/wp-json\/wp\/v2\/tags?post=62185"}],"curies":[{"name":"wp","href":"https:\/\/api.w.org\/{rel}","templated":true}]}}