{"id":62190,"date":"2015-09-22T09:44:52","date_gmt":"2015-09-22T12:44:52","guid":{"rendered":"http:\/\/www.eltrabajo.cl\/portal\/?p=62190"},"modified":"2015-09-22T09:56:16","modified_gmt":"2015-09-22T12:56:16","slug":"bus-gratuito-para-voluntarios-con-el-fin-de-ir-en-ayuda-de-la-cuarta-region","status":"publish","type":"post","link":"https:\/\/eltrabajo.cl\/portal\/bus-gratuito-para-voluntarios-con-el-fin-de-ir-en-ayuda-de-la-cuarta-region\/","title":{"rendered":"Bus gratuito para voluntarios con el fin de ir en ayuda de la Cuarta Regi\u00f3n"},"content":{"rendered":"<figure id=\"attachment_62191\" aria-describedby=\"caption-attachment-62191\" style=\"width: 300px\" class=\"wp-caption alignleft\"><a href=\"https:\/\/i0.wp.com\/www.eltrabajo.cl\/portal\/wp-content\/uploads\/2015\/09\/valpo1.jpg\"><img data-recalc-dims=\"1\" loading=\"lazy\" decoding=\"async\" class=\"wp-image-62191 size-medium\" src=\"https:\/\/i0.wp.com\/www.eltrabajo.cl\/portal\/wp-content\/uploads\/2015\/09\/valpo1-300x198.jpg?resize=300%2C198\" alt=\"Los hinchas del un\u00ed un\u00ed fueron a colaborar a Valpara\u00edso.\" width=\"300\" height=\"198\" srcset=\"https:\/\/i0.wp.com\/eltrabajo.cl\/portal\/wp-content\/uploads\/2015\/09\/valpo1.jpg?resize=300%2C198&amp;ssl=1 300w, https:\/\/i0.wp.com\/eltrabajo.cl\/portal\/wp-content\/uploads\/2015\/09\/valpo1.jpg?resize=200%2C132&amp;ssl=1 200w, https:\/\/i0.wp.com\/eltrabajo.cl\/portal\/wp-content\/uploads\/2015\/09\/valpo1.jpg?resize=227%2C150&amp;ssl=1 227w, https:\/\/i0.wp.com\/eltrabajo.cl\/portal\/wp-content\/uploads\/2015\/09\/valpo1.jpg?resize=400%2C264&amp;ssl=1 400w, https:\/\/i0.wp.com\/eltrabajo.cl\/portal\/wp-content\/uploads\/2015\/09\/valpo1.jpg?w=530&amp;ssl=1 530w\" sizes=\"auto, (max-width: 300px) 100vw, 300px\" \/><\/a><figcaption id=\"caption-attachment-62191\" class=\"wp-caption-text\">Los hinchas del un\u00ed un\u00ed fueron a colaborar a Valpara\u00edso.<\/figcaption><\/figure>\n<p>Luego de los graves destrozos que dej\u00f3 el terremoto y posterior tsunami en el borde costero de la Cuarta Regi\u00f3n, el empresario e hijo ilustre de San Felipe, Manuel Carvallo, ha puesto a disposici\u00f3n de la comunidad uno de sus buses para viajar a Coquimbo con el fin de ir como voluntarios este d\u00eda domingo. El bus tiene como salida la oficina de la Escuela Nacional de Conductores en San Mart\u00edn al llegar a Yungay, a las 5 de la ma\u00f1ana; este viaje es absolutamente gratis para los voluntarios.<br \/>\nTodos quienes quieran viajar a la Cuarta Regi\u00f3n deben llevar su alimentaci\u00f3n y agua para ese d\u00eda, adem\u00e1s de llevar herramientas de trabajo. Cabe mencionar que todos los empresarios que quieran ser parte de esta cruzada con cooperaci\u00f3n para los damnificados o para financiar este viaje, pueden contactarse con Francisco Mu\u00f1oz al n\u00famero de contacto 9795113 \u00f3 dirigirse al lugar de salida del bus donde ser\u00e1 el centro de acopio de las cooperaciones. Adem\u00e1s los voluntarios deben inscribirse al n\u00famero reci\u00e9n mencionado o directamente en la Escuela de Conductores.<\/p>\n<p><strong>NO ES LA PRIMERA VEZ<\/strong><br \/>\nManuel Carvallo ya ha puesto a disposici\u00f3n de los voluntarios sanfelipe\u00f1os sus buses, para ir en ayuda de los damnificados por las cat\u00e1strofes naturales que han azotado a nuestro pa\u00eds, no obstante, para el incendio que afect\u00f3 a los cerros de Valpara\u00edso tambi\u00e9n llev\u00f3 a un grupo de voluntarios sanfelipe\u00f1os, adem\u00e1s de facilitar un cami\u00f3n donde fueron transportados todas las cooperaciones que llegaron al partido en beneficio a las v\u00edctimas que se desarroll\u00f3 entre Uni\u00f3n San Felipe y Trasandino de Los Andes. Don Manuel es quien dispone de sus buses para que los hinchas del Un\u00ed Un\u00ed puedan viajar a acompa\u00f1ar al equipo a los partidos en condici\u00f3n de visitante.<br \/>\nLos organizadores de esta cruzada hacen un llamado a quienes puedan donar picotas, carretillas, palas para que los voluntarios puedan trabajar en el sector, adem\u00e1s quienes asistan por medidas de seguridad deber\u00e1n asistir con ropa c\u00f3moda, guantes y mascarilla.<br \/>\n<strong>Mat\u00edas Ortiz<\/strong><\/p>\n","protected":false},"excerpt":{"rendered":"<p>Luego de los graves destrozos que dej\u00f3 el terremoto y posterior tsunami en el borde costero de la Cuarta Regi\u00f3n, el empresario e hijo ilustre de San Felipe, Manuel Carvallo, ha puesto&#8230;<\/p>\n","protected":false},"author":482,"featured_media":62191,"comment_status":"open","ping_status":"open","sticky":false,"template":"","format":"standard","meta":{"advanced_seo_description":"","jetpack_seo_html_title":"","jetpack_seo_noindex":false,"_jetpack_memberships_contains_paid_content":false,"footnotes":""},"categories":[1],"tags":[],"class_list":["post-62190","post","type-post","status-publish","format-standard","has-post-thumbnail","hentry","category-cronica"],"jetpack_featured_media_url":"https:\/\/i0.wp.com\/eltrabajo.cl\/portal\/wp-content\/uploads\/2015\/09\/valpo1.jpg?fit=530%2C350&ssl=1","jetpack_sharing_enabled":true,"jetpack_likes_enabled":true,"jetpack-related-posts":[],"_links":{"self":[{"href":"https:\/\/eltrabajo.cl\/portal\/wp-json\/wp\/v2\/posts\/62190","targetHints":{"allow":["GET"]}}],"collection":[{"href":"https:\/\/eltrabajo.cl\/portal\/wp-json\/wp\/v2\/posts"}],"about":[{"href":"https:\/\/eltrabajo.cl\/portal\/wp-json\/wp\/v2\/types\/post"}],"author":[{"embeddable":true,"href":"https:\/\/eltrabajo.cl\/portal\/wp-json\/wp\/v2\/users\/482"}],"replies":[{"embeddable":true,"href":"https:\/\/eltrabajo.cl\/portal\/wp-json\/wp\/v2\/comments?post=62190"}],"version-history":[{"count":0,"href":"https:\/\/eltrabajo.cl\/portal\/wp-json\/wp\/v2\/posts\/62190\/revisions"}],"wp:featuredmedia":[{"embeddable":true,"href":"https:\/\/eltrabajo.cl\/portal\/wp-json\/wp\/v2\/media\/62191"}],"wp:attachment":[{"href":"https:\/\/eltrabajo.cl\/portal\/wp-json\/wp\/v2\/media?parent=62190"}],"wp:term":[{"taxonomy":"category","embeddable":true,"href":"https:\/\/eltrabajo.cl\/portal\/wp-json\/wp\/v2\/categories?post=62190"},{"taxonomy":"post_tag","embeddable":true,"href":"https:\/\/eltrabajo.cl\/portal\/wp-json\/wp\/v2\/tags?post=62190"}],"curies":[{"name":"wp","href":"https:\/\/api.w.org\/{rel}","templated":true}]}}