{"id":62198,"date":"2015-09-23T09:23:54","date_gmt":"2015-09-23T12:23:54","guid":{"rendered":"http:\/\/www.eltrabajo.cl\/portal\/?p=62198"},"modified":"2015-09-23T09:23:54","modified_gmt":"2015-09-23T12:23:54","slug":"bomberos-andinos-inician-campana-para-ir-en-ayuda-de-la-localidad-de-tulahuen","status":"publish","type":"post","link":"https:\/\/eltrabajo.cl\/portal\/bomberos-andinos-inician-campana-para-ir-en-ayuda-de-la-localidad-de-tulahuen\/","title":{"rendered":"Bomberos andinos inician campa\u00f1a para ir en ayuda de la localidad de Tulahu\u00e9n"},"content":{"rendered":"<figure id=\"attachment_62199\" aria-describedby=\"caption-attachment-62199\" style=\"width: 300px\" class=\"wp-caption alignleft\"><a href=\"https:\/\/i0.wp.com\/www.eltrabajo.cl\/portal\/wp-content\/uploads\/2015\/09\/selene-covarrubias.jpg\"><img data-recalc-dims=\"1\" loading=\"lazy\" decoding=\"async\" class=\"wp-image-62199 size-medium\" src=\"https:\/\/i0.wp.com\/www.eltrabajo.cl\/portal\/wp-content\/uploads\/2015\/09\/selene-covarrubias-300x198.jpg?resize=300%2C198\" alt=\"Selene Covarrubias, directora de la Segunda Compa\u00f1\u00eda de Bomberos de Los Andes.\" width=\"300\" height=\"198\" srcset=\"https:\/\/i0.wp.com\/eltrabajo.cl\/portal\/wp-content\/uploads\/2015\/09\/selene-covarrubias.jpg?resize=300%2C198&amp;ssl=1 300w, https:\/\/i0.wp.com\/eltrabajo.cl\/portal\/wp-content\/uploads\/2015\/09\/selene-covarrubias.jpg?resize=200%2C132&amp;ssl=1 200w, https:\/\/i0.wp.com\/eltrabajo.cl\/portal\/wp-content\/uploads\/2015\/09\/selene-covarrubias.jpg?resize=227%2C150&amp;ssl=1 227w, https:\/\/i0.wp.com\/eltrabajo.cl\/portal\/wp-content\/uploads\/2015\/09\/selene-covarrubias.jpg?resize=400%2C264&amp;ssl=1 400w, https:\/\/i0.wp.com\/eltrabajo.cl\/portal\/wp-content\/uploads\/2015\/09\/selene-covarrubias.jpg?w=530&amp;ssl=1 530w\" sizes=\"auto, (max-width: 300px) 100vw, 300px\" \/><\/a><figcaption id=\"caption-attachment-62199\" class=\"wp-caption-text\">Selene Covarrubias, directora de la Segunda Compa\u00f1\u00eda de Bomberos de Los Andes.<\/figcaption><\/figure>\n<ul>\n<li><strong>Gran parte de las viviendas de ese lugar resultaron da\u00f1adas por el terremoto.<\/strong><\/li>\n<\/ul>\n<p><strong>LOS ANDES.<\/strong>&#8211; La Segunda Compa\u00f1\u00eda del Cuerpo de Bomberos de Los Andes \u2018Pompa Roma\u2019, inici\u00f3 una campa\u00f1a de recolecci\u00f3n de ayuda para la localidad de Tulahu\u00e9n cercana a Monte Patria en la cuarta regi\u00f3n que result\u00f3 seriamente afectada con el terremoto de la semana pasada.<br \/>\nLa Directora de la Segunda Compa\u00f1\u00eda, Selene Covarrubias, indic\u00f3 que decidieron ayudar a esa localidad debido a que a\u00fan no llega ayuda por parte de entes gubernamentales y cuentas con personas amigas y familiares de voluntarios de la compa\u00f1\u00eda que viven all\u00ed.<br \/>\nLa oficial dijo que lo que m\u00e1s se requiere con urgencia son materiales de construcci\u00f3n y herramientas, a fin de poder reparar las viviendas, ya que si bien muchas no presentan problemas en sus fachadas, el da\u00f1o est\u00e1 al interior por tratarse en su mayor\u00eda de casas de adobe y piedras.<br \/>\nNo obstante, de todas maneras se recibir\u00e1n alimentos no perecibles, art\u00edculos de aseo y principalmente pa\u00f1ales.<br \/>\nManifest\u00f3 que los vecinos no quieren que sus casas sean demolidas porque no desean recibir viviendas de emergencia y por eso un grupo de voluntarios viajar\u00e1 a Tulahu\u00e9n el fin de semana del 3 y 4 de octubre llevando la ayuda recolectada y a la vez participar de los trabajos de reparaci\u00f3n de las viviendas.<br \/>\nSelene Covarrubias dijo que todos los d\u00edas habr\u00e1 voluntarios de turno en el cuartel de la compa\u00f1\u00eda ubicada en calle Esmeralda 130 recibiendo los aportes de la comunidad e hizo un llamado a los vecinos de Los Andes a colaborar con las familias que resultaron afectadas por el terremoto en esa localidad.<br \/>\n\u201cDespu\u00e9s de las 18 horas, todos los d\u00edas saldr\u00e1 un carro de nuestra compa\u00f1\u00eda por todas las villas y poblaciones de la ciudad recolectando esta ayuda, por lo que estaremos informando a trav\u00e9s de redes sociales y medios de comunicaci\u00f3n sobre las villas que iremos visitando cada d\u00eda\u201d, inform\u00f3.<br \/>\nPrecis\u00f3 que un grupo especializado de la compa\u00f1\u00eda viajar\u00e1 en la comitiva para enfrentar eventuales emergencias con materiales peligrosos como fugas de gas u otros problemas que se puedan presentar, \u201cpues la compa\u00f1\u00eda de bomberos que hay en esa localidad tampoco tiene muchos recursos as\u00ed que tambi\u00e9n nosotros nos vamos a enfocar como compa\u00f1\u00eda a juntar recursos para apoyar el cuartel de bomberos\u201d.<br \/>\nAgreg\u00f3 que est\u00e1n enviando cartas a empresas para que puedan donar combustible para las unidades que se desplazar\u00e1n hasta la cuarta regi\u00f3n, \u201cadem\u00e1s de empresas de transportes que nos puedan facilitar camiones para llevar todo lo recolectado\u201d.<\/p>\n","protected":false},"excerpt":{"rendered":"<p>Gran parte de las viviendas de ese lugar resultaron da\u00f1adas por el terremoto. LOS ANDES.&#8211; La Segunda Compa\u00f1\u00eda del Cuerpo de Bomberos de Los Andes \u2018Pompa Roma\u2019, inici\u00f3 una campa\u00f1a de recolecci\u00f3n&#8230;<\/p>\n","protected":false},"author":482,"featured_media":62199,"comment_status":"open","ping_status":"open","sticky":false,"template":"","format":"standard","meta":{"advanced_seo_description":"","jetpack_seo_html_title":"","jetpack_seo_noindex":false,"_jetpack_memberships_contains_paid_content":false,"footnotes":""},"categories":[15],"tags":[],"class_list":["post-62198","post","type-post","status-publish","format-standard","has-post-thumbnail","hentry","category-comunidad"],"jetpack_featured_media_url":"https:\/\/i0.wp.com\/eltrabajo.cl\/portal\/wp-content\/uploads\/2015\/09\/selene-covarrubias.jpg?fit=530%2C350&ssl=1","jetpack_sharing_enabled":true,"jetpack_likes_enabled":true,"jetpack-related-posts":[],"_links":{"self":[{"href":"https:\/\/eltrabajo.cl\/portal\/wp-json\/wp\/v2\/posts\/62198","targetHints":{"allow":["GET"]}}],"collection":[{"href":"https:\/\/eltrabajo.cl\/portal\/wp-json\/wp\/v2\/posts"}],"about":[{"href":"https:\/\/eltrabajo.cl\/portal\/wp-json\/wp\/v2\/types\/post"}],"author":[{"embeddable":true,"href":"https:\/\/eltrabajo.cl\/portal\/wp-json\/wp\/v2\/users\/482"}],"replies":[{"embeddable":true,"href":"https:\/\/eltrabajo.cl\/portal\/wp-json\/wp\/v2\/comments?post=62198"}],"version-history":[{"count":0,"href":"https:\/\/eltrabajo.cl\/portal\/wp-json\/wp\/v2\/posts\/62198\/revisions"}],"wp:featuredmedia":[{"embeddable":true,"href":"https:\/\/eltrabajo.cl\/portal\/wp-json\/wp\/v2\/media\/62199"}],"wp:attachment":[{"href":"https:\/\/eltrabajo.cl\/portal\/wp-json\/wp\/v2\/media?parent=62198"}],"wp:term":[{"taxonomy":"category","embeddable":true,"href":"https:\/\/eltrabajo.cl\/portal\/wp-json\/wp\/v2\/categories?post=62198"},{"taxonomy":"post_tag","embeddable":true,"href":"https:\/\/eltrabajo.cl\/portal\/wp-json\/wp\/v2\/tags?post=62198"}],"curies":[{"name":"wp","href":"https:\/\/api.w.org\/{rel}","templated":true}]}}