{"id":62201,"date":"2015-09-23T09:25:22","date_gmt":"2015-09-23T12:25:22","guid":{"rendered":"http:\/\/www.eltrabajo.cl\/portal\/?p=62201"},"modified":"2015-09-23T09:25:22","modified_gmt":"2015-09-23T12:25:22","slug":"viernes-termina-exposicion-hola-ola-navegando-al-compas-del-mar-en-panquehue","status":"publish","type":"post","link":"https:\/\/eltrabajo.cl\/portal\/viernes-termina-exposicion-hola-ola-navegando-al-compas-del-mar-en-panquehue\/","title":{"rendered":"Viernes termina exposici\u00f3n \u2018Hola Ola: Navegando al Comp\u00e1s del Mar\u2019 en Panquehue"},"content":{"rendered":"<figure id=\"attachment_62202\" aria-describedby=\"caption-attachment-62202\" style=\"width: 300px\" class=\"wp-caption alignleft\"><a href=\"https:\/\/i0.wp.com\/www.eltrabajo.cl\/portal\/wp-content\/uploads\/2015\/09\/Exposicion-Hola-ola.jpg\"><img data-recalc-dims=\"1\" loading=\"lazy\" decoding=\"async\" class=\"wp-image-62202 size-medium\" src=\"https:\/\/i0.wp.com\/www.eltrabajo.cl\/portal\/wp-content\/uploads\/2015\/09\/Exposicion-Hola-ola-300x197.jpg?resize=300%2C197\" alt=\"La exposici\u00f3n se realiza en la biblioteca P\u00fablica de Panquehue hasta este viernes.\" width=\"300\" height=\"197\" srcset=\"https:\/\/i0.wp.com\/eltrabajo.cl\/portal\/wp-content\/uploads\/2015\/09\/Exposicion-Hola-ola.jpg?resize=300%2C197&amp;ssl=1 300w, https:\/\/i0.wp.com\/eltrabajo.cl\/portal\/wp-content\/uploads\/2015\/09\/Exposicion-Hola-ola.jpg?resize=200%2C131&amp;ssl=1 200w, https:\/\/i0.wp.com\/eltrabajo.cl\/portal\/wp-content\/uploads\/2015\/09\/Exposicion-Hola-ola.jpg?resize=228%2C150&amp;ssl=1 228w, https:\/\/i0.wp.com\/eltrabajo.cl\/portal\/wp-content\/uploads\/2015\/09\/Exposicion-Hola-ola.jpg?resize=400%2C263&amp;ssl=1 400w, https:\/\/i0.wp.com\/eltrabajo.cl\/portal\/wp-content\/uploads\/2015\/09\/Exposicion-Hola-ola.jpg?w=530&amp;ssl=1 530w\" sizes=\"auto, (max-width: 300px) 100vw, 300px\" \/><\/a><figcaption id=\"caption-attachment-62202\" class=\"wp-caption-text\">La exposici\u00f3n se realiza en la biblioteca P\u00fablica de Panquehue hasta este viernes.<\/figcaption><\/figure>\n<ul>\n<li><strong>Preguntas sobre el movimiento de los oc\u00e9anos ser\u00e1n respondidas en la exposici\u00f3n interactiva que puede ser visitada en la Biblioteca P\u00fablica de Panquehue hasta el viernes 25 de septiembre.<\/strong><\/li>\n<\/ul>\n<p>El vaiv\u00e9n de las olas nunca se detiene, nuestras exposiciones interactivas tampoco. Invitamos a los habitantes de la Provincia de San Felipe a conocer los fen\u00f3menos detr\u00e1s de estas ondas que abrazan a diario la bah\u00eda en \u2018Hola Ola: Navegando al comp\u00e1s del mar\u2019; la m\u00e1s reciente exposici\u00f3n itinerante e interactiva de la colecci\u00f3n que el Proyecto Asociativo Regional, Par Explora Valpara\u00edso pone a disposici\u00f3n de la comunidad para facilitar su experiencia directa con el conocimiento cient\u00edfico y tecnol\u00f3gico en la regi\u00f3n.<br \/>\nLa exposici\u00f3n, dise\u00f1ada para cautivar a todo tipo de p\u00fablico, cuenta con cinco m\u00f3dulos interactivos en los cuales el visitante podr\u00e1 aprender de forma l\u00fadica acerca de las olas y sus fen\u00f3menos: Qu\u00e9 son y c\u00f3mo se forman, sus tipos, por qu\u00e9 rompen, qu\u00e9 pasa cuando se encuentran con un obst\u00e1culo, y c\u00f3mo es que se mueven las part\u00edculas de agua en su interior.<br \/>\nPuedes visitar \u2018Hola Ola\u2019 hasta este viernes 25 de septiembre en la Biblioteca P\u00fablica de Panquehue (Las Chilcas esquina Pasaje 3, Panquehue). Para concertar visitas comun\u00edcate con el Departamento de Educaci\u00f3n (Daem) de la Municipalidad de Panquehue en el tel\u00e9fono (34) 259 7761.<br \/>\nLa itinerancia de estos contenidos se debe al trabajo conjunto del Par Explora Valpara\u00edso y la Red Territorial de Coordinadores Comunales e Institucionales, que se compone por corporaciones y departamentos de educaci\u00f3n de todas las comunas de la regi\u00f3n y cuyo objetivo es facilitar la participaci\u00f3n ciudadana en acciones de divulgaci\u00f3n de la ciencia y la tecnolog\u00eda a nivel regional.<br \/>\nPara m\u00e1s informaci\u00f3n sobre la exposici\u00f3n y el contenido de sus m\u00f3dulos visita este enlace.<\/p>\n","protected":false},"excerpt":{"rendered":"<p>Preguntas sobre el movimiento de los oc\u00e9anos ser\u00e1n respondidas en la exposici\u00f3n interactiva que puede ser visitada en la Biblioteca P\u00fablica de Panquehue hasta el viernes 25 de septiembre. El vaiv\u00e9n de&#8230;<\/p>\n","protected":false},"author":482,"featured_media":62202,"comment_status":"open","ping_status":"open","sticky":false,"template":"","format":"standard","meta":{"advanced_seo_description":"","jetpack_seo_html_title":"","jetpack_seo_noindex":false,"_jetpack_memberships_contains_paid_content":false,"footnotes":""},"categories":[15],"tags":[],"class_list":["post-62201","post","type-post","status-publish","format-standard","has-post-thumbnail","hentry","category-comunidad"],"jetpack_featured_media_url":"https:\/\/i0.wp.com\/eltrabajo.cl\/portal\/wp-content\/uploads\/2015\/09\/Exposicion-Hola-ola.jpg?fit=530%2C348&ssl=1","jetpack_sharing_enabled":true,"jetpack_likes_enabled":true,"jetpack-related-posts":[],"_links":{"self":[{"href":"https:\/\/eltrabajo.cl\/portal\/wp-json\/wp\/v2\/posts\/62201","targetHints":{"allow":["GET"]}}],"collection":[{"href":"https:\/\/eltrabajo.cl\/portal\/wp-json\/wp\/v2\/posts"}],"about":[{"href":"https:\/\/eltrabajo.cl\/portal\/wp-json\/wp\/v2\/types\/post"}],"author":[{"embeddable":true,"href":"https:\/\/eltrabajo.cl\/portal\/wp-json\/wp\/v2\/users\/482"}],"replies":[{"embeddable":true,"href":"https:\/\/eltrabajo.cl\/portal\/wp-json\/wp\/v2\/comments?post=62201"}],"version-history":[{"count":0,"href":"https:\/\/eltrabajo.cl\/portal\/wp-json\/wp\/v2\/posts\/62201\/revisions"}],"wp:featuredmedia":[{"embeddable":true,"href":"https:\/\/eltrabajo.cl\/portal\/wp-json\/wp\/v2\/media\/62202"}],"wp:attachment":[{"href":"https:\/\/eltrabajo.cl\/portal\/wp-json\/wp\/v2\/media?parent=62201"}],"wp:term":[{"taxonomy":"category","embeddable":true,"href":"https:\/\/eltrabajo.cl\/portal\/wp-json\/wp\/v2\/categories?post=62201"},{"taxonomy":"post_tag","embeddable":true,"href":"https:\/\/eltrabajo.cl\/portal\/wp-json\/wp\/v2\/tags?post=62201"}],"curies":[{"name":"wp","href":"https:\/\/api.w.org\/{rel}","templated":true}]}}