{"id":62204,"date":"2015-09-23T09:26:35","date_gmt":"2015-09-23T12:26:35","guid":{"rendered":"http:\/\/www.eltrabajo.cl\/portal\/?p=62204"},"modified":"2015-09-23T09:26:35","modified_gmt":"2015-09-23T12:26:35","slug":"vecinos-del-cerro-el-llano-reforestan-con-mas-de-120-arboles-antiguo-basural","status":"publish","type":"post","link":"https:\/\/eltrabajo.cl\/portal\/vecinos-del-cerro-el-llano-reforestan-con-mas-de-120-arboles-antiguo-basural\/","title":{"rendered":"Vecinos del Cerro El Llano reforestan con m\u00e1s de 120 \u00e1rboles antiguo basural"},"content":{"rendered":"<figure id=\"attachment_62205\" aria-describedby=\"caption-attachment-62205\" style=\"width: 300px\" class=\"wp-caption alignleft\"><a href=\"https:\/\/i0.wp.com\/www.eltrabajo.cl\/portal\/wp-content\/uploads\/2015\/09\/Reforestacion-Cerro-El-Llano.jpg\"><img data-recalc-dims=\"1\" loading=\"lazy\" decoding=\"async\" class=\"wp-image-62205 size-medium\" src=\"https:\/\/i0.wp.com\/www.eltrabajo.cl\/portal\/wp-content\/uploads\/2015\/09\/Reforestacion-Cerro-El-Llano-300x198.jpg?resize=300%2C198\" alt=\"Los vecinos, en una labor conjunta con la empresa Vivartes y el municipio, plantaron m\u00e1s de 120 \u00e1rboles en un sitio que antiguamente era un basural.\" width=\"300\" height=\"198\" srcset=\"https:\/\/i0.wp.com\/eltrabajo.cl\/portal\/wp-content\/uploads\/2015\/09\/Reforestacion-Cerro-El-Llano.jpg?resize=300%2C198&amp;ssl=1 300w, https:\/\/i0.wp.com\/eltrabajo.cl\/portal\/wp-content\/uploads\/2015\/09\/Reforestacion-Cerro-El-Llano.jpg?resize=200%2C132&amp;ssl=1 200w, https:\/\/i0.wp.com\/eltrabajo.cl\/portal\/wp-content\/uploads\/2015\/09\/Reforestacion-Cerro-El-Llano.jpg?resize=227%2C150&amp;ssl=1 227w, https:\/\/i0.wp.com\/eltrabajo.cl\/portal\/wp-content\/uploads\/2015\/09\/Reforestacion-Cerro-El-Llano.jpg?resize=400%2C264&amp;ssl=1 400w, https:\/\/i0.wp.com\/eltrabajo.cl\/portal\/wp-content\/uploads\/2015\/09\/Reforestacion-Cerro-El-Llano.jpg?w=530&amp;ssl=1 530w\" sizes=\"auto, (max-width: 300px) 100vw, 300px\" \/><\/a><figcaption id=\"caption-attachment-62205\" class=\"wp-caption-text\">Los vecinos, en una labor conjunta con la empresa Vivartes y el municipio, plantaron m\u00e1s de 120 \u00e1rboles en un sitio que antiguamente era un basural.<\/figcaption><\/figure>\n<p><strong>PUTAENDO<\/strong>.- Gracias al importante trabajo de un grupo de residentes del Cerro El Llano se ha logrado la plantaci\u00f3n de m\u00e1s de 120 \u00e1rboles.<br \/>\nFernando Irarr\u00e1zabal, presidente de la Junta de Vecinos del sector, junto al Concejal Sergio Zamora explicaron a nuestro medio que con el apoyo de otros vecinos han logrado plantar estas especies desde hace poco m\u00e1s de un a\u00f1o, lo que ha permitido forestar un lugar que antiguamente era un basural, hecho que hoy es reconocido por las personas que concurren a esa zona.<br \/>\nEn este sentido, el dirigente agradeci\u00f3 el apoyo de la empresa Vivartes y de la Municipalidad de Putaendo, asegurando que esperan que dentro de dos a\u00f1os m\u00e1s los \u00e1rboles que fueron plantados ya est\u00e9n dando sombra y transformen ese lugar en un peque\u00f1o bosque donde las familias puedan compartir gratos momentos.<br \/>\nPor su parte el Concejal Sergio Zamora destac\u00f3 la iniciativa de la Junta de Vecinos del Cerro El Llano, e hizo un llamado a otros vecinos del sector a sumarse a esta idea, expresando que gracias al trabajo mancomunado de los residentes del sector, se ha permitido hermosear un \u00e1rea importante para la comuna de Putaendo.<br \/>\n<strong>Patricio Gallardo M.<\/strong><\/p>\n","protected":false},"excerpt":{"rendered":"<p>PUTAENDO.- Gracias al importante trabajo de un grupo de residentes del Cerro El Llano se ha logrado la plantaci\u00f3n de m\u00e1s de 120 \u00e1rboles. Fernando Irarr\u00e1zabal, presidente de la Junta de Vecinos&#8230;<\/p>\n","protected":false},"author":482,"featured_media":62205,"comment_status":"open","ping_status":"open","sticky":false,"template":"","format":"standard","meta":{"advanced_seo_description":"","jetpack_seo_html_title":"","jetpack_seo_noindex":false,"_jetpack_memberships_contains_paid_content":false,"footnotes":""},"categories":[15],"tags":[],"class_list":["post-62204","post","type-post","status-publish","format-standard","has-post-thumbnail","hentry","category-comunidad"],"jetpack_featured_media_url":"https:\/\/i0.wp.com\/eltrabajo.cl\/portal\/wp-content\/uploads\/2015\/09\/Reforestacion-Cerro-El-Llano.jpg?fit=530%2C350&ssl=1","jetpack_sharing_enabled":true,"jetpack_likes_enabled":true,"jetpack-related-posts":[],"_links":{"self":[{"href":"https:\/\/eltrabajo.cl\/portal\/wp-json\/wp\/v2\/posts\/62204","targetHints":{"allow":["GET"]}}],"collection":[{"href":"https:\/\/eltrabajo.cl\/portal\/wp-json\/wp\/v2\/posts"}],"about":[{"href":"https:\/\/eltrabajo.cl\/portal\/wp-json\/wp\/v2\/types\/post"}],"author":[{"embeddable":true,"href":"https:\/\/eltrabajo.cl\/portal\/wp-json\/wp\/v2\/users\/482"}],"replies":[{"embeddable":true,"href":"https:\/\/eltrabajo.cl\/portal\/wp-json\/wp\/v2\/comments?post=62204"}],"version-history":[{"count":0,"href":"https:\/\/eltrabajo.cl\/portal\/wp-json\/wp\/v2\/posts\/62204\/revisions"}],"wp:featuredmedia":[{"embeddable":true,"href":"https:\/\/eltrabajo.cl\/portal\/wp-json\/wp\/v2\/media\/62205"}],"wp:attachment":[{"href":"https:\/\/eltrabajo.cl\/portal\/wp-json\/wp\/v2\/media?parent=62204"}],"wp:term":[{"taxonomy":"category","embeddable":true,"href":"https:\/\/eltrabajo.cl\/portal\/wp-json\/wp\/v2\/categories?post=62204"},{"taxonomy":"post_tag","embeddable":true,"href":"https:\/\/eltrabajo.cl\/portal\/wp-json\/wp\/v2\/tags?post=62204"}],"curies":[{"name":"wp","href":"https:\/\/api.w.org\/{rel}","templated":true}]}}