{"id":62207,"date":"2015-09-23T09:27:46","date_gmt":"2015-09-23T12:27:46","guid":{"rendered":"http:\/\/www.eltrabajo.cl\/portal\/?p=62207"},"modified":"2015-09-23T09:27:46","modified_gmt":"2015-09-23T12:27:46","slug":"sin-danos-resultaron-casas-de-conjunto-habitacional-esperanza-del-halcon-tras-terremoto","status":"publish","type":"post","link":"https:\/\/eltrabajo.cl\/portal\/sin-danos-resultaron-casas-de-conjunto-habitacional-esperanza-del-halcon-tras-terremoto\/","title":{"rendered":"Sin da\u00f1os resultaron casas de conjunto habitacional Esperanza del Halc\u00f3n tras terremoto"},"content":{"rendered":"<figure id=\"attachment_62208\" aria-describedby=\"caption-attachment-62208\" style=\"width: 300px\" class=\"wp-caption alignleft\"><a href=\"https:\/\/i0.wp.com\/www.eltrabajo.cl\/portal\/wp-content\/uploads\/2015\/09\/Conjunto-habitacional-panquehue.jpg\"><img data-recalc-dims=\"1\" loading=\"lazy\" decoding=\"async\" class=\"wp-image-62208 size-medium\" src=\"https:\/\/i0.wp.com\/www.eltrabajo.cl\/portal\/wp-content\/uploads\/2015\/09\/Conjunto-habitacional-panquehue-300x198.jpg?resize=300%2C198\" alt=\"Funcionarios de la Direcci\u00f3n de Obras realizaron una inspecci\u00f3n del estado estructural de las 159 casas que conforman el conjunto habitacional Esperanza del Halc\u00f3n.\" width=\"300\" height=\"198\" srcset=\"https:\/\/i0.wp.com\/eltrabajo.cl\/portal\/wp-content\/uploads\/2015\/09\/Conjunto-habitacional-panquehue.jpg?resize=300%2C198&amp;ssl=1 300w, https:\/\/i0.wp.com\/eltrabajo.cl\/portal\/wp-content\/uploads\/2015\/09\/Conjunto-habitacional-panquehue.jpg?resize=200%2C132&amp;ssl=1 200w, https:\/\/i0.wp.com\/eltrabajo.cl\/portal\/wp-content\/uploads\/2015\/09\/Conjunto-habitacional-panquehue.jpg?resize=228%2C150&amp;ssl=1 228w, https:\/\/i0.wp.com\/eltrabajo.cl\/portal\/wp-content\/uploads\/2015\/09\/Conjunto-habitacional-panquehue.jpg?resize=400%2C263&amp;ssl=1 400w, https:\/\/i0.wp.com\/eltrabajo.cl\/portal\/wp-content\/uploads\/2015\/09\/Conjunto-habitacional-panquehue.jpg?w=530&amp;ssl=1 530w\" sizes=\"auto, (max-width: 300px) 100vw, 300px\" \/><\/a><figcaption id=\"caption-attachment-62208\" class=\"wp-caption-text\">Funcionarios de la Direcci\u00f3n de Obras realizaron una inspecci\u00f3n del estado estructural de las 159 casas que conforman el conjunto habitacional Esperanza del Halc\u00f3n.<\/figcaption><\/figure>\n<ul>\n<li><strong>Funcionarios de la Direcci\u00f3n de Obras realizaron una inspecci\u00f3n a la construcci\u00f3n de las viviendas, las que no presentan da\u00f1os estructurales.<\/strong><\/li>\n<\/ul>\n<p><strong>PANQUEHUE<\/strong>.- Con el fin de dar tranquilidad a los vecinos del Comit\u00e9 Habitacional Esperanza del Halc\u00f3n, el alcalde Luis Pradenas orden\u00f3 a funcionarios de la Direcci\u00f3n de Obras, realizar una inspecci\u00f3n del estado estructural de las 159 casas que se est\u00e1n construyendo en el lugar.<br \/>\nLa autoridad comunal, tras el terremoto de 8,4 grados en el norte chico del pa\u00eds y que tuvo un movimiento considerable en nuestra zona, solicit\u00f3 a los profesionales de obras, verificar el estado de las viviendas en construcci\u00f3n y si encontraban algunas observaciones hacerlas notar de inmediato.<br \/>\n\u201cTras el terremoto del pasado mi\u00e9rcoles en la noche, orden\u00e9 para el d\u00eda siguiente hacer una visita a este conjunto habitacional y de esta forma saber si el movimiento tel\u00farico provoc\u00f3 alg\u00fan da\u00f1\u00f3 estructural en la edificaci\u00f3n de estas viviendas.<br \/>\nLo importante y asimismo lo hago saber a la comunidad de Panquehue, que las viviendas no tuvieron mayores complicaciones y eso deja de manifiesto que los trabajos que se est\u00e1n haciendo, cumplen con los est\u00e1ndares solicitados por esta municipalidad\u201d.<br \/>\nEn tanto la Directora de Obras Municipales, Loreto Galdames coment\u00f3 que en este tipo de terremotos, si bien el epicentro fue en la cuarta regi\u00f3n, el movimiento de la tierra se sinti\u00f3 por varios minutos y por lo mismo se hizo una fiscalizaci\u00f3n de ocular.<br \/>\n\u201cSiempre suelen registrarse alg\u00fan tipo de fisuras, sin embargo podemos se\u00f1alar que con seguridad, que las viviendas en construcci\u00f3n del conjunto habitacional Esperanza del Halc\u00f3n, tuvieron complicaciones tras el sismo.\u201d<br \/>\nAgreg\u00f3 Galdames que debido a las constantes replicas, no se descarta hacer una nueva visita inspectiva a las obras.<\/p>\n","protected":false},"excerpt":{"rendered":"<p>Funcionarios de la Direcci\u00f3n de Obras realizaron una inspecci\u00f3n a la construcci\u00f3n de las viviendas, las que no presentan da\u00f1os estructurales. PANQUEHUE.- Con el fin de dar tranquilidad a los vecinos del&#8230;<\/p>\n","protected":false},"author":482,"featured_media":62208,"comment_status":"open","ping_status":"open","sticky":false,"template":"","format":"standard","meta":{"advanced_seo_description":"","jetpack_seo_html_title":"","jetpack_seo_noindex":false,"_jetpack_memberships_contains_paid_content":false,"footnotes":""},"categories":[15],"tags":[],"class_list":["post-62207","post","type-post","status-publish","format-standard","has-post-thumbnail","hentry","category-comunidad"],"jetpack_featured_media_url":"https:\/\/i0.wp.com\/eltrabajo.cl\/portal\/wp-content\/uploads\/2015\/09\/Conjunto-habitacional-panquehue.jpg?fit=530%2C349&ssl=1","jetpack_sharing_enabled":true,"jetpack_likes_enabled":true,"jetpack-related-posts":[],"_links":{"self":[{"href":"https:\/\/eltrabajo.cl\/portal\/wp-json\/wp\/v2\/posts\/62207","targetHints":{"allow":["GET"]}}],"collection":[{"href":"https:\/\/eltrabajo.cl\/portal\/wp-json\/wp\/v2\/posts"}],"about":[{"href":"https:\/\/eltrabajo.cl\/portal\/wp-json\/wp\/v2\/types\/post"}],"author":[{"embeddable":true,"href":"https:\/\/eltrabajo.cl\/portal\/wp-json\/wp\/v2\/users\/482"}],"replies":[{"embeddable":true,"href":"https:\/\/eltrabajo.cl\/portal\/wp-json\/wp\/v2\/comments?post=62207"}],"version-history":[{"count":0,"href":"https:\/\/eltrabajo.cl\/portal\/wp-json\/wp\/v2\/posts\/62207\/revisions"}],"wp:featuredmedia":[{"embeddable":true,"href":"https:\/\/eltrabajo.cl\/portal\/wp-json\/wp\/v2\/media\/62208"}],"wp:attachment":[{"href":"https:\/\/eltrabajo.cl\/portal\/wp-json\/wp\/v2\/media?parent=62207"}],"wp:term":[{"taxonomy":"category","embeddable":true,"href":"https:\/\/eltrabajo.cl\/portal\/wp-json\/wp\/v2\/categories?post=62207"},{"taxonomy":"post_tag","embeddable":true,"href":"https:\/\/eltrabajo.cl\/portal\/wp-json\/wp\/v2\/tags?post=62207"}],"curies":[{"name":"wp","href":"https:\/\/api.w.org\/{rel}","templated":true}]}}