{"id":62210,"date":"2015-09-23T09:29:02","date_gmt":"2015-09-23T12:29:02","guid":{"rendered":"http:\/\/www.eltrabajo.cl\/portal\/?p=62210"},"modified":"2015-09-23T09:29:02","modified_gmt":"2015-09-23T12:29:02","slug":"cansadas-de-los-escombros-vecinas-de-poblacion-ejercito-libertador-limpian-calles-aledanas","status":"publish","type":"post","link":"https:\/\/eltrabajo.cl\/portal\/cansadas-de-los-escombros-vecinas-de-poblacion-ejercito-libertador-limpian-calles-aledanas\/","title":{"rendered":"Cansadas de los escombros, vecinas de poblaci\u00f3n Ej\u00e9rcito Libertador limpian calles aleda\u00f1as"},"content":{"rendered":"<figure id=\"attachment_62211\" aria-describedby=\"caption-attachment-62211\" style=\"width: 300px\" class=\"wp-caption alignleft\"><a href=\"https:\/\/i0.wp.com\/www.eltrabajo.cl\/portal\/wp-content\/uploads\/2015\/09\/Limpieza-de-poblacion-Ejercito-Libertador-3.jpg\"><img data-recalc-dims=\"1\" loading=\"lazy\" decoding=\"async\" class=\"wp-image-62211 size-medium\" src=\"https:\/\/i0.wp.com\/www.eltrabajo.cl\/portal\/wp-content\/uploads\/2015\/09\/Limpieza-de-poblacion-Ejercito-Libertador-3-300x197.jpg?resize=300%2C197\" alt=\"Estas vecinas, cansadas de la basura acumulada en su sector, por iniciativa propia limpiaron las calles aleda\u00f1as a la poblaci\u00f3n Ej\u00e9rcito Libertador.\" width=\"300\" height=\"197\" srcset=\"https:\/\/i0.wp.com\/eltrabajo.cl\/portal\/wp-content\/uploads\/2015\/09\/Limpieza-de-poblacion-Ejercito-Libertador-3.jpg?resize=300%2C197&amp;ssl=1 300w, https:\/\/i0.wp.com\/eltrabajo.cl\/portal\/wp-content\/uploads\/2015\/09\/Limpieza-de-poblacion-Ejercito-Libertador-3.jpg?resize=200%2C131&amp;ssl=1 200w, https:\/\/i0.wp.com\/eltrabajo.cl\/portal\/wp-content\/uploads\/2015\/09\/Limpieza-de-poblacion-Ejercito-Libertador-3.jpg?resize=228%2C150&amp;ssl=1 228w, https:\/\/i0.wp.com\/eltrabajo.cl\/portal\/wp-content\/uploads\/2015\/09\/Limpieza-de-poblacion-Ejercito-Libertador-3.jpg?resize=400%2C263&amp;ssl=1 400w, https:\/\/i0.wp.com\/eltrabajo.cl\/portal\/wp-content\/uploads\/2015\/09\/Limpieza-de-poblacion-Ejercito-Libertador-3.jpg?w=530&amp;ssl=1 530w\" sizes=\"auto, (max-width: 300px) 100vw, 300px\" \/><\/a><figcaption id=\"caption-attachment-62211\" class=\"wp-caption-text\">Estas vecinas, cansadas de la basura acumulada en su sector, por iniciativa propia limpiaron las calles aleda\u00f1as a la poblaci\u00f3n Ej\u00e9rcito Libertador.<\/figcaption><\/figure>\n<p><strong>PUTAENDO<\/strong>.- Una muy buena iniciativa es la que llevaron adelante un grupo de mujeres, vecinas de la poblaci\u00f3n Ej\u00e9rcito Libertador, que salieron a limpiar las calles aleda\u00f1as a dicha poblaci\u00f3n, recogiendo cientos de kilos de basura.<br \/>\nLa ma\u00f1ana de este martes, estas mujeres se abocaron con pala, escoba y rastrillo en mano a recoger todo tipo de desperdicios desde la calle Eduardo Weggener, que pasa en forma paralela a la poblaci\u00f3n, desde donde sacaron kilos y kilos de todo tipo de basura, arrojados en su mayor\u00eda por los mismos transe\u00fantes, y en algunos casos por veh\u00edculos que llegan al lugar donde votan hasta escombros.<br \/>\nEstas mujeres coincidieron en se\u00f1alar que no hay conciencia con el tema de arrojar mugre en cualquier lugar y que esta calle estaba literalmente colapsada de basura dando una muy mala imagen hacia la poblaci\u00f3n, por lo que decidieron juntarse y limpiarla.<br \/>\nCoincidentemente, cuando convers\u00e1bamos con las vecinas, pas\u00f3 por el lugar el alcalde Guillermo Reyes, quien bajo de su veh\u00edculo y primero felicito a las vecinas, luego escuch\u00f3 una de las peticiones y se comprometi\u00f3 a mandar pintar los dos paraderos de la locomoci\u00f3n colectiva existente en el lugar; adem\u00e1s les informo a las vecinas que ya pronto comenzar\u00e1 el asfalto y ensanchamiento de Eduardo Weggener en el tramo que pasa por el costado de la poblaci\u00f3n Ejercito Libertador.<br \/>\n<strong>Patricio Gallardo M.<\/strong><\/p>\n","protected":false},"excerpt":{"rendered":"<p>PUTAENDO.- Una muy buena iniciativa es la que llevaron adelante un grupo de mujeres, vecinas de la poblaci\u00f3n Ej\u00e9rcito Libertador, que salieron a limpiar las calles aleda\u00f1as a dicha poblaci\u00f3n, recogiendo cientos&#8230;<\/p>\n","protected":false},"author":482,"featured_media":62211,"comment_status":"open","ping_status":"open","sticky":false,"template":"","format":"standard","meta":{"advanced_seo_description":"","jetpack_seo_html_title":"","jetpack_seo_noindex":false,"_jetpack_memberships_contains_paid_content":false,"footnotes":""},"categories":[15],"tags":[],"class_list":["post-62210","post","type-post","status-publish","format-standard","has-post-thumbnail","hentry","category-comunidad"],"jetpack_featured_media_url":"https:\/\/i0.wp.com\/eltrabajo.cl\/portal\/wp-content\/uploads\/2015\/09\/Limpieza-de-poblacion-Ejercito-Libertador-3.jpg?fit=530%2C348&ssl=1","jetpack_sharing_enabled":true,"jetpack_likes_enabled":true,"jetpack-related-posts":[],"_links":{"self":[{"href":"https:\/\/eltrabajo.cl\/portal\/wp-json\/wp\/v2\/posts\/62210","targetHints":{"allow":["GET"]}}],"collection":[{"href":"https:\/\/eltrabajo.cl\/portal\/wp-json\/wp\/v2\/posts"}],"about":[{"href":"https:\/\/eltrabajo.cl\/portal\/wp-json\/wp\/v2\/types\/post"}],"author":[{"embeddable":true,"href":"https:\/\/eltrabajo.cl\/portal\/wp-json\/wp\/v2\/users\/482"}],"replies":[{"embeddable":true,"href":"https:\/\/eltrabajo.cl\/portal\/wp-json\/wp\/v2\/comments?post=62210"}],"version-history":[{"count":0,"href":"https:\/\/eltrabajo.cl\/portal\/wp-json\/wp\/v2\/posts\/62210\/revisions"}],"wp:featuredmedia":[{"embeddable":true,"href":"https:\/\/eltrabajo.cl\/portal\/wp-json\/wp\/v2\/media\/62211"}],"wp:attachment":[{"href":"https:\/\/eltrabajo.cl\/portal\/wp-json\/wp\/v2\/media?parent=62210"}],"wp:term":[{"taxonomy":"category","embeddable":true,"href":"https:\/\/eltrabajo.cl\/portal\/wp-json\/wp\/v2\/categories?post=62210"},{"taxonomy":"post_tag","embeddable":true,"href":"https:\/\/eltrabajo.cl\/portal\/wp-json\/wp\/v2\/tags?post=62210"}],"curies":[{"name":"wp","href":"https:\/\/api.w.org\/{rel}","templated":true}]}}