{"id":62213,"date":"2015-09-23T09:31:12","date_gmt":"2015-09-23T12:31:12","guid":{"rendered":"http:\/\/www.eltrabajo.cl\/portal\/?p=62213"},"modified":"2015-09-23T09:31:12","modified_gmt":"2015-09-23T12:31:12","slug":"benefician-a-usuarios-de-prodesal-con-maquinarias","status":"publish","type":"post","link":"https:\/\/eltrabajo.cl\/portal\/benefician-a-usuarios-de-prodesal-con-maquinarias\/","title":{"rendered":"Benefician a usuarios de Prodesal con maquinarias"},"content":{"rendered":"<figure id=\"attachment_62214\" aria-describedby=\"caption-attachment-62214\" style=\"width: 300px\" class=\"wp-caption alignleft\"><a href=\"https:\/\/i0.wp.com\/www.eltrabajo.cl\/portal\/wp-content\/uploads\/2015\/09\/DESBROZADORAS.jpg\"><img data-recalc-dims=\"1\" loading=\"lazy\" decoding=\"async\" class=\"wp-image-62214 size-medium\" src=\"https:\/\/i0.wp.com\/www.eltrabajo.cl\/portal\/wp-content\/uploads\/2015\/09\/DESBROZADORAS-300x199.jpg?resize=300%2C199\" alt=\"Tal como lo muestra la foto, los usuarios de Prodesal fueron capacitados en el manejo de desbrozadoras, para mejorar su uso.\" width=\"300\" height=\"199\" srcset=\"https:\/\/i0.wp.com\/eltrabajo.cl\/portal\/wp-content\/uploads\/2015\/09\/DESBROZADORAS.jpg?resize=300%2C199&amp;ssl=1 300w, https:\/\/i0.wp.com\/eltrabajo.cl\/portal\/wp-content\/uploads\/2015\/09\/DESBROZADORAS.jpg?resize=200%2C133&amp;ssl=1 200w, https:\/\/i0.wp.com\/eltrabajo.cl\/portal\/wp-content\/uploads\/2015\/09\/DESBROZADORAS.jpg?resize=226%2C150&amp;ssl=1 226w, https:\/\/i0.wp.com\/eltrabajo.cl\/portal\/wp-content\/uploads\/2015\/09\/DESBROZADORAS.jpg?resize=400%2C265&amp;ssl=1 400w, https:\/\/i0.wp.com\/eltrabajo.cl\/portal\/wp-content\/uploads\/2015\/09\/DESBROZADORAS.jpg?w=528&amp;ssl=1 528w\" sizes=\"auto, (max-width: 300px) 100vw, 300px\" \/><\/a><figcaption id=\"caption-attachment-62214\" class=\"wp-caption-text\">Tal como lo muestra la foto, los usuarios de Prodesal fueron capacitados en el manejo de desbrozadoras, para mejorar su uso.<\/figcaption><\/figure>\n<p><strong>LLAY LLAY<\/strong>.- El programa Prodesal de Indap que funciona en convenio con la municipalidad entreg\u00f3 un total de 18 proyectos a usuarios de las l\u00edneas agr\u00edcola y ganadera. En la actividad estuvo en representaci\u00f3n de la Municipalidad, la concejal Margarita Puebla, representantes de la Unidad Ejecutiva de Indap; los jefes t\u00e9cnicos de Prodesal: Ra\u00fal Vega y Guillermo V\u00e1squez, los t\u00e9cnicos Ivonne Jeria y Adri\u00e1n Silva y los usuarios beneficiados.<br \/>\nEl jefe t\u00e9cnico de la L\u00ednea Agr\u00edcola de Prodesal, Ra\u00fal Vega coment\u00f3 \u201cque estos proyectos son de Fomento Productivo correspondiente al quinto llamado\u201d.<br \/>\nEn la ocasi\u00f3n, los usuarios fueron capacitados en el manejo de las desbrozadoras, los cercos el\u00e9ctricos, las orde\u00f1adoras de cabras de uno y dos puntos y los trituradores de granos.<br \/>\nGuillermo V\u00e1squez resalt\u00f3 las caracter\u00edsticas de los equipos entregados y su utilidad \u201cvan en mejora de la producci\u00f3n de nuestros usuarios\u201d, dijo. Una cualidad que tiene contento a Juan Godoy Olivares, que fue beneficiado con una desbrozadora \u201cpostule y me dieron la herramienta. Con esto puedo segar el pasto a mis animales\u201d, expres\u00f3. La m\u00e1quina le facilita su trabajo.<br \/>\n<strong>Marianela Quevedo<\/strong><\/p>\n","protected":false},"excerpt":{"rendered":"<p>LLAY LLAY.- El programa Prodesal de Indap que funciona en convenio con la municipalidad entreg\u00f3 un total de 18 proyectos a usuarios de las l\u00edneas agr\u00edcola y ganadera. En la actividad estuvo&#8230;<\/p>\n","protected":false},"author":482,"featured_media":62214,"comment_status":"open","ping_status":"open","sticky":false,"template":"","format":"standard","meta":{"advanced_seo_description":"","jetpack_seo_html_title":"","jetpack_seo_noindex":false,"_jetpack_memberships_contains_paid_content":false,"footnotes":""},"categories":[1],"tags":[],"class_list":["post-62213","post","type-post","status-publish","format-standard","has-post-thumbnail","hentry","category-cronica"],"jetpack_featured_media_url":"https:\/\/i0.wp.com\/eltrabajo.cl\/portal\/wp-content\/uploads\/2015\/09\/DESBROZADORAS.jpg?fit=528%2C350&ssl=1","jetpack_sharing_enabled":true,"jetpack_likes_enabled":true,"jetpack-related-posts":[],"_links":{"self":[{"href":"https:\/\/eltrabajo.cl\/portal\/wp-json\/wp\/v2\/posts\/62213","targetHints":{"allow":["GET"]}}],"collection":[{"href":"https:\/\/eltrabajo.cl\/portal\/wp-json\/wp\/v2\/posts"}],"about":[{"href":"https:\/\/eltrabajo.cl\/portal\/wp-json\/wp\/v2\/types\/post"}],"author":[{"embeddable":true,"href":"https:\/\/eltrabajo.cl\/portal\/wp-json\/wp\/v2\/users\/482"}],"replies":[{"embeddable":true,"href":"https:\/\/eltrabajo.cl\/portal\/wp-json\/wp\/v2\/comments?post=62213"}],"version-history":[{"count":0,"href":"https:\/\/eltrabajo.cl\/portal\/wp-json\/wp\/v2\/posts\/62213\/revisions"}],"wp:featuredmedia":[{"embeddable":true,"href":"https:\/\/eltrabajo.cl\/portal\/wp-json\/wp\/v2\/media\/62214"}],"wp:attachment":[{"href":"https:\/\/eltrabajo.cl\/portal\/wp-json\/wp\/v2\/media?parent=62213"}],"wp:term":[{"taxonomy":"category","embeddable":true,"href":"https:\/\/eltrabajo.cl\/portal\/wp-json\/wp\/v2\/categories?post=62213"},{"taxonomy":"post_tag","embeddable":true,"href":"https:\/\/eltrabajo.cl\/portal\/wp-json\/wp\/v2\/tags?post=62213"}],"curies":[{"name":"wp","href":"https:\/\/api.w.org\/{rel}","templated":true}]}}