{"id":62216,"date":"2015-09-23T09:32:30","date_gmt":"2015-09-23T12:32:30","guid":{"rendered":"http:\/\/www.eltrabajo.cl\/portal\/?p=62216"},"modified":"2015-09-23T09:32:30","modified_gmt":"2015-09-23T12:32:30","slug":"miercoles-30-de-septiembre-cierra-licitacion-para-servicentro-en-av-alejandrina-carvajal","status":"publish","type":"post","link":"https:\/\/eltrabajo.cl\/portal\/miercoles-30-de-septiembre-cierra-licitacion-para-servicentro-en-av-alejandrina-carvajal\/","title":{"rendered":"Mi\u00e9rcoles 30 de septiembre cierra licitaci\u00f3n para servicentro en Av. Alejandrina Carvajal"},"content":{"rendered":"<figure id=\"attachment_62217\" aria-describedby=\"caption-attachment-62217\" style=\"width: 300px\" class=\"wp-caption alignleft\"><a href=\"https:\/\/i0.wp.com\/www.eltrabajo.cl\/portal\/wp-content\/uploads\/2015\/09\/Foto-Alejandrina-Carvajal.jpg\"><img data-recalc-dims=\"1\" loading=\"lazy\" decoding=\"async\" class=\"wp-image-62217 size-medium\" src=\"https:\/\/i0.wp.com\/www.eltrabajo.cl\/portal\/wp-content\/uploads\/2015\/09\/Foto-Alejandrina-Carvajal-300x199.jpg?resize=300%2C199\" alt=\"Durante la semana pasada comenz\u00f3 la licitaci\u00f3n para instalar un servicentro en avenida Alejandrina Carvajal, proceso que termina el 30 de septiembre.\" width=\"300\" height=\"199\" srcset=\"https:\/\/i0.wp.com\/eltrabajo.cl\/portal\/wp-content\/uploads\/2015\/09\/Foto-Alejandrina-Carvajal.jpg?resize=300%2C199&amp;ssl=1 300w, https:\/\/i0.wp.com\/eltrabajo.cl\/portal\/wp-content\/uploads\/2015\/09\/Foto-Alejandrina-Carvajal.jpg?resize=200%2C133&amp;ssl=1 200w, https:\/\/i0.wp.com\/eltrabajo.cl\/portal\/wp-content\/uploads\/2015\/09\/Foto-Alejandrina-Carvajal.jpg?resize=226%2C150&amp;ssl=1 226w, https:\/\/i0.wp.com\/eltrabajo.cl\/portal\/wp-content\/uploads\/2015\/09\/Foto-Alejandrina-Carvajal.jpg?resize=400%2C265&amp;ssl=1 400w, https:\/\/i0.wp.com\/eltrabajo.cl\/portal\/wp-content\/uploads\/2015\/09\/Foto-Alejandrina-Carvajal.jpg?w=528&amp;ssl=1 528w\" sizes=\"auto, (max-width: 300px) 100vw, 300px\" \/><\/a><figcaption id=\"caption-attachment-62217\" class=\"wp-caption-text\">Durante la semana pasada comenz\u00f3 la licitaci\u00f3n para instalar un servicentro en avenida Alejandrina Carvajal, proceso que termina el 30 de septiembre.<\/figcaption><\/figure>\n<ul>\n<li><strong>Iniciativa es parte del plan de urbanizaci\u00f3n de la transitada arteria. Visita a terreno es este martes a las 12 del d\u00eda y el cierre de la licitaci\u00f3n para el pr\u00f3ximo 30 de septiembre.<\/strong><\/li>\n<\/ul>\n<p><strong>PUTAENDO<\/strong>.- Hace a\u00f1os que el municipio de Putaendo viene trabajando en la idea de urbanizar la avenida Alejandrina Carvajal. Proyectos de alcantarillado, Parque Puente Cimbra, la reposici\u00f3n de dicha arteria y la instalaci\u00f3n de ciclov\u00edas son parte de las iniciativas que se han trabajado en el \u00faltimo tiempo.<br \/>\nEn este sentido, la semana pasada se levant\u00f3 la licitaci\u00f3n para instalar un servicentro en avenida Alejandrina Carvajal. Las bases, que fueron aprobadas anteriormente por el Concejo Municipal, indican que la concesi\u00f3n ser\u00e1 por 20 a\u00f1os. Este ayer martes 22 de septiembre, a las 12 del d\u00eda, fue la visita a terreno de los interesados.<br \/>\nEl pr\u00f3ximo 30 de septiembre, tambi\u00e9n al mediod\u00eda, se cierra la licitaci\u00f3n. Desde el municipio informaron que la intenci\u00f3n viene en la l\u00ednea de concretar avenida Carvajal como polo de desarrollo urbano.<br \/>\nEn efecto, ya se han entregado concesiones para diferentes actividades productivas. A su vez, existen peticiones para instalar restaurantes y otros comercios que son estudiadas con rigurosidad. Adem\u00e1s se pretende, a futuro, seguir mejorando la conectividad que permita un mejor flujo en el tr\u00e1nsito de norte a sur de la comuna.<br \/>\nUn ejemplo de lo anterior es el proyecto de 500 millones de pesos, que se efect\u00faa actualmente y en el cual se ha recarpeteado la totalidad de la v\u00eda, desde avenida Alessandri hasta la intersecci\u00f3n con calle Sarmiento.<\/p>\n","protected":false},"excerpt":{"rendered":"<p>Iniciativa es parte del plan de urbanizaci\u00f3n de la transitada arteria. Visita a terreno es este martes a las 12 del d\u00eda y el cierre de la licitaci\u00f3n para el pr\u00f3ximo 30&#8230;<\/p>\n","protected":false},"author":482,"featured_media":62217,"comment_status":"open","ping_status":"open","sticky":false,"template":"","format":"standard","meta":{"advanced_seo_description":"","jetpack_seo_html_title":"","jetpack_seo_noindex":false,"_jetpack_memberships_contains_paid_content":false,"footnotes":""},"categories":[1],"tags":[],"class_list":["post-62216","post","type-post","status-publish","format-standard","has-post-thumbnail","hentry","category-cronica"],"jetpack_featured_media_url":"https:\/\/i0.wp.com\/eltrabajo.cl\/portal\/wp-content\/uploads\/2015\/09\/Foto-Alejandrina-Carvajal.jpg?fit=528%2C350&ssl=1","jetpack_sharing_enabled":true,"jetpack_likes_enabled":true,"jetpack-related-posts":[],"_links":{"self":[{"href":"https:\/\/eltrabajo.cl\/portal\/wp-json\/wp\/v2\/posts\/62216","targetHints":{"allow":["GET"]}}],"collection":[{"href":"https:\/\/eltrabajo.cl\/portal\/wp-json\/wp\/v2\/posts"}],"about":[{"href":"https:\/\/eltrabajo.cl\/portal\/wp-json\/wp\/v2\/types\/post"}],"author":[{"embeddable":true,"href":"https:\/\/eltrabajo.cl\/portal\/wp-json\/wp\/v2\/users\/482"}],"replies":[{"embeddable":true,"href":"https:\/\/eltrabajo.cl\/portal\/wp-json\/wp\/v2\/comments?post=62216"}],"version-history":[{"count":0,"href":"https:\/\/eltrabajo.cl\/portal\/wp-json\/wp\/v2\/posts\/62216\/revisions"}],"wp:featuredmedia":[{"embeddable":true,"href":"https:\/\/eltrabajo.cl\/portal\/wp-json\/wp\/v2\/media\/62217"}],"wp:attachment":[{"href":"https:\/\/eltrabajo.cl\/portal\/wp-json\/wp\/v2\/media?parent=62216"}],"wp:term":[{"taxonomy":"category","embeddable":true,"href":"https:\/\/eltrabajo.cl\/portal\/wp-json\/wp\/v2\/categories?post=62216"},{"taxonomy":"post_tag","embeddable":true,"href":"https:\/\/eltrabajo.cl\/portal\/wp-json\/wp\/v2\/tags?post=62216"}],"curies":[{"name":"wp","href":"https:\/\/api.w.org\/{rel}","templated":true}]}}