{"id":62219,"date":"2015-09-23T09:33:52","date_gmt":"2015-09-23T12:33:52","guid":{"rendered":"http:\/\/www.eltrabajo.cl\/portal\/?p=62219"},"modified":"2015-09-23T09:33:52","modified_gmt":"2015-09-23T12:33:52","slug":"autoridades-lanzaron-programa-pace-en-valle-de-aconcagua","status":"publish","type":"post","link":"https:\/\/eltrabajo.cl\/portal\/autoridades-lanzaron-programa-pace-en-valle-de-aconcagua\/","title":{"rendered":"Autoridades lanzaron programa Pace en Valle de Aconcagua"},"content":{"rendered":"<figure id=\"attachment_62220\" aria-describedby=\"caption-attachment-62220\" style=\"width: 300px\" class=\"wp-caption alignleft\"><a href=\"https:\/\/i0.wp.com\/www.eltrabajo.cl\/portal\/wp-content\/uploads\/2015\/09\/Reunion-Pace.jpg\"><img data-recalc-dims=\"1\" loading=\"lazy\" decoding=\"async\" class=\"wp-image-62220 size-medium\" src=\"https:\/\/i0.wp.com\/www.eltrabajo.cl\/portal\/wp-content\/uploads\/2015\/09\/Reunion-Pace-300x197.jpg?resize=300%2C197\" alt=\"Diversas autoridades provinciales asistieron a la ceremonia junto a estudiantes de los colegios donde se est\u00e1 implementando el programa.\" width=\"300\" height=\"197\" srcset=\"https:\/\/i0.wp.com\/eltrabajo.cl\/portal\/wp-content\/uploads\/2015\/09\/Reunion-Pace.jpg?resize=300%2C197&amp;ssl=1 300w, https:\/\/i0.wp.com\/eltrabajo.cl\/portal\/wp-content\/uploads\/2015\/09\/Reunion-Pace.jpg?resize=200%2C131&amp;ssl=1 200w, https:\/\/i0.wp.com\/eltrabajo.cl\/portal\/wp-content\/uploads\/2015\/09\/Reunion-Pace.jpg?resize=228%2C150&amp;ssl=1 228w, https:\/\/i0.wp.com\/eltrabajo.cl\/portal\/wp-content\/uploads\/2015\/09\/Reunion-Pace.jpg?resize=400%2C263&amp;ssl=1 400w, https:\/\/i0.wp.com\/eltrabajo.cl\/portal\/wp-content\/uploads\/2015\/09\/Reunion-Pace.jpg?w=530&amp;ssl=1 530w\" sizes=\"auto, (max-width: 300px) 100vw, 300px\" \/><\/a><figcaption id=\"caption-attachment-62220\" class=\"wp-caption-text\">Diversas autoridades provinciales asistieron a la ceremonia junto a estudiantes de los colegios donde se est\u00e1 implementando el programa.<\/figcaption><\/figure>\n<ul>\n<li><strong>En la Provincia de Los Andes y San Felipe participan este a\u00f1o 10 liceos representantes de cada comuna, favoreciendo a 591 alumnos.<\/strong><\/li>\n<\/ul>\n<p>En el campus San Felipe de la Universidad de Valpara\u00edso se realiz\u00f3 el lanzamiento del Programa de Acompa\u00f1amiento y Acceso Efectivo a la Educaci\u00f3n Superior (Pace), que en la Provincia son 6 los establecimientos pilotos que ya pasaron la etapa de diagn\u00f3stico e iniciar\u00e1n el proceso de implementaci\u00f3n: Liceo Roberto Humeres de San Felipe, Liceo Dar\u00edo Salas de Santa Mar\u00eda, Colegio Panquehue, Liceo Polit\u00e9cnico de Llay Llay, Liceo Mar\u00edn Fritis de Putaendo y Liceo Chagres de Catemu.<br \/>\nCabe recordar que el objetivo general del Pace es restituir el derecho a la educaci\u00f3n superior, iniciando un Programa que asegure el Acceso Efectivo a la Educaci\u00f3n Superior, que incluya la Preparaci\u00f3n, Acceso, Nivelaci\u00f3n y la Permanencia para asegurar la titulaci\u00f3n de estudiantes de establecimientos municipales con alto rendimiento en contexto.<br \/>\nEn la Provincia de Los Andes y San Felipe participan este a\u00f1o 10 liceos representantes de cada comuna, favoreciendo a 591 alumnos.<br \/>\nA la ceremonia, asistieron el gobernador Eduardo Le\u00f3n, representantes de la Gobernaci\u00f3n de Los Andes, el Coordinador Nacional del Programa, Jaumet Bachs, el Seremi de Educaci\u00f3n, directivos de la UV y alumnos de los colegios donde se est\u00e1 implementando el Pace.<br \/>\nEl Gobernador Eduardo Le\u00f3n, agradeci\u00f3 a la Universidad de Valpara\u00edso ser la instituci\u00f3n que ejecuta el programa en el Valle de Aconcagua y manifest\u00f3 que \u201ceste programa est\u00e1 incorporado en el programa de gobierno de la Presidenta y la idea es emparejar la cancha, darle oportunidad a los mejores alumnos de cada colegio, darle acompa\u00f1amiento para que se preparen ingresar a la universidad por otra v\u00eda. El alumno que es bueno para estudiar, lo ser\u00e1 en cualquier parte y lo necesitamos\u201d.<br \/>\nEn tanto, el Seremi (s) de Educaci\u00f3n, Alejandro Tapia, se\u00f1al\u00f3 que se est\u00e1 cumpliendo con este compromiso presidencial y que se est\u00e1 implementando en todas las provincias de la Regi\u00f3n. \u201cPara nosotros es muy importante, porque el Pace da acceso a la universidad tempranamente, aun cuando est\u00e1n en tercero o cuarto medio y cuando ya ingresan a la universidad, los acompa\u00f1a, los orienta y los apoya. Este programa es un pilar de la reforma educacional que no s\u00f3lo sea un derecho sino que un orgullo\u201d.<br \/>\nEn tanto, el Coordinador Nacional del Programa, Jaumet Bachs, manifest\u00f3 que \u201ctenemos la sensaci\u00f3n de que estamos haciendo bien el trabajo. Este a\u00f1o ya iniciamos un escalamiento, estamos en 356 establecimientos de 293 comunas a lo largo del pa\u00eds. Es decir, estamos avanzando en cobertura, para cumplir con el mandato de la Presidenta\u201d, finaliz\u00f3.<br \/>\nEn el discurso del 21 de mayo pasado, la Presidenta Michelle Bachelet manifest\u00f3 que dentro de 4 a\u00f1os, en el 100% de los establecimientos p\u00fablicos de chile.<\/p>\n","protected":false},"excerpt":{"rendered":"<p>En la Provincia de Los Andes y San Felipe participan este a\u00f1o 10 liceos representantes de cada comuna, favoreciendo a 591 alumnos. En el campus San Felipe de la Universidad de Valpara\u00edso&#8230;<\/p>\n","protected":false},"author":482,"featured_media":62220,"comment_status":"open","ping_status":"open","sticky":false,"template":"","format":"standard","meta":{"advanced_seo_description":"","jetpack_seo_html_title":"","jetpack_seo_noindex":false,"_jetpack_memberships_contains_paid_content":false,"footnotes":""},"categories":[1],"tags":[],"class_list":["post-62219","post","type-post","status-publish","format-standard","has-post-thumbnail","hentry","category-cronica"],"jetpack_featured_media_url":"https:\/\/i0.wp.com\/eltrabajo.cl\/portal\/wp-content\/uploads\/2015\/09\/Reunion-Pace.jpg?fit=530%2C348&ssl=1","jetpack_sharing_enabled":true,"jetpack_likes_enabled":true,"jetpack-related-posts":[],"_links":{"self":[{"href":"https:\/\/eltrabajo.cl\/portal\/wp-json\/wp\/v2\/posts\/62219","targetHints":{"allow":["GET"]}}],"collection":[{"href":"https:\/\/eltrabajo.cl\/portal\/wp-json\/wp\/v2\/posts"}],"about":[{"href":"https:\/\/eltrabajo.cl\/portal\/wp-json\/wp\/v2\/types\/post"}],"author":[{"embeddable":true,"href":"https:\/\/eltrabajo.cl\/portal\/wp-json\/wp\/v2\/users\/482"}],"replies":[{"embeddable":true,"href":"https:\/\/eltrabajo.cl\/portal\/wp-json\/wp\/v2\/comments?post=62219"}],"version-history":[{"count":0,"href":"https:\/\/eltrabajo.cl\/portal\/wp-json\/wp\/v2\/posts\/62219\/revisions"}],"wp:featuredmedia":[{"embeddable":true,"href":"https:\/\/eltrabajo.cl\/portal\/wp-json\/wp\/v2\/media\/62220"}],"wp:attachment":[{"href":"https:\/\/eltrabajo.cl\/portal\/wp-json\/wp\/v2\/media?parent=62219"}],"wp:term":[{"taxonomy":"category","embeddable":true,"href":"https:\/\/eltrabajo.cl\/portal\/wp-json\/wp\/v2\/categories?post=62219"},{"taxonomy":"post_tag","embeddable":true,"href":"https:\/\/eltrabajo.cl\/portal\/wp-json\/wp\/v2\/tags?post=62219"}],"curies":[{"name":"wp","href":"https:\/\/api.w.org\/{rel}","templated":true}]}}