{"id":62222,"date":"2015-09-23T09:36:05","date_gmt":"2015-09-23T12:36:05","guid":{"rendered":"http:\/\/www.eltrabajo.cl\/portal\/?p=62222"},"modified":"2015-09-23T09:36:05","modified_gmt":"2015-09-23T12:36:05","slug":"autoridades-participan-en-mesa-de-trabajo-en-marco-de-6-aniversario-de-programa-chile-crece-contigo","status":"publish","type":"post","link":"https:\/\/eltrabajo.cl\/portal\/autoridades-participan-en-mesa-de-trabajo-en-marco-de-6-aniversario-de-programa-chile-crece-contigo\/","title":{"rendered":"Autoridades participan en mesa de trabajo en marco de 6\u00b0 aniversario de Programa Chile Crece Contigo"},"content":{"rendered":"<figure id=\"attachment_62223\" aria-describedby=\"caption-attachment-62223\" style=\"width: 300px\" class=\"wp-caption alignleft\"><a href=\"https:\/\/i0.wp.com\/www.eltrabajo.cl\/portal\/wp-content\/uploads\/2015\/09\/Mesa-de-trabajo.jpg\"><img data-recalc-dims=\"1\" loading=\"lazy\" decoding=\"async\" class=\"wp-image-62223 size-medium\" src=\"https:\/\/i0.wp.com\/www.eltrabajo.cl\/portal\/wp-content\/uploads\/2015\/09\/Mesa-de-trabajo-300x198.jpg?resize=300%2C198\" alt=\"La mesa de trabajo cont\u00f3 con la participaron de diversas autoridades provinciales y busc\u00f3 coordinar la correcta ejecuci\u00f3n del programa Chile Crece Contigo.\" width=\"300\" height=\"198\" srcset=\"https:\/\/i0.wp.com\/eltrabajo.cl\/portal\/wp-content\/uploads\/2015\/09\/Mesa-de-trabajo.jpg?resize=300%2C198&amp;ssl=1 300w, https:\/\/i0.wp.com\/eltrabajo.cl\/portal\/wp-content\/uploads\/2015\/09\/Mesa-de-trabajo.jpg?resize=200%2C132&amp;ssl=1 200w, https:\/\/i0.wp.com\/eltrabajo.cl\/portal\/wp-content\/uploads\/2015\/09\/Mesa-de-trabajo.jpg?resize=228%2C150&amp;ssl=1 228w, https:\/\/i0.wp.com\/eltrabajo.cl\/portal\/wp-content\/uploads\/2015\/09\/Mesa-de-trabajo.jpg?resize=400%2C263&amp;ssl=1 400w, https:\/\/i0.wp.com\/eltrabajo.cl\/portal\/wp-content\/uploads\/2015\/09\/Mesa-de-trabajo.jpg?w=530&amp;ssl=1 530w\" sizes=\"auto, (max-width: 300px) 100vw, 300px\" \/><\/a><figcaption id=\"caption-attachment-62223\" class=\"wp-caption-text\">La mesa de trabajo cont\u00f3 con la participaron de diversas autoridades provinciales y busc\u00f3 coordinar la correcta ejecuci\u00f3n del programa Chile Crece Contigo.<\/figcaption><\/figure>\n<ul>\n<li><strong>Profesionales de este programa a nivel municipal y cesfam, Gobernaci\u00f3n, SSA y Seremi de Desarrollo Social participaron en esta coordinaci\u00f3n que apunta a la correcta ejecuci\u00f3n del proyecto y, adem\u00e1s, mejorar la coordinaci\u00f3n entre la funci\u00f3n que se desarrolla en salud y en los municipios.<\/strong><\/li>\n<\/ul>\n<p>Este martes se llev\u00f3 a cabo una importante mesa de trabajo Provincial entre los encargados del Programa Chile Crece Contigo a nivel municipal y cesfam, la Gobernaci\u00f3n, el Servicio de Salud Aconcagua y la Serem\u00eda de Desarrollo Social de Valpara\u00edso, en la cual se plantearon los nuevos lineamientos de esta iniciativa que ya cumple 6 a\u00f1os desde su implementaci\u00f3n.<br \/>\nEn la oportunidad, el Gobernador Eduardo Le\u00f3n destac\u00f3 que esta pol\u00edtica p\u00fablica busca principalmente la equidad, teniendo como misi\u00f3n el acompa\u00f1amiento, protecci\u00f3n y apoyo integral a todos los ni\u00f1os y sus familias. \u201cLa desigualdad parte desde la cuna y este programa los acompa\u00f1a desde antes de su nacimiento. Creemos que la desigualdad no es s\u00f3lo un tema t\u00e9cnico sino que tambi\u00e9n humano. Hoy podemos ver c\u00f3mo en distintas instituciones se atiende de mejora manera a ni\u00f1as y ni\u00f1os que est\u00e1n naciendo, como tambi\u00e9n a sus padres\u201d, finaliz\u00f3 la autoridad.<br \/>\nEn tanto, Cristian Salas, Encargado Regional del Programa de la Serem\u00eda de Desarrollo Social, manifest\u00f3 que el trabajo de esta mesa se enfoca a la correcta ejecuci\u00f3n del proyecto y, adem\u00e1s, mejorar la coordinaci\u00f3n entre la funci\u00f3n que se desarrolla en salud y en los municipios. \u201cLo que hacemos ac\u00e1 es reforzar el trabajo con las familias. Sabemos que el ni\u00f1o es la puerta de entrada a este programa, pero detr\u00e1s de \u00e9l hay una familia, por lo que el trabajo se realiza de forma integral. Lo importante, es que ahora la ejecuci\u00f3n de esta iniciativa ser\u00e1 anual, lo cual nos genera mayores ventajas en relaci\u00f3n a la duraci\u00f3n de los proyectos y el nivel de intervenci\u00f3n con los ni\u00f1os\u201d, puntualiz\u00f3.<br \/>\nPor su parte, la Directora del Servicio de Salud Aconcagua, Vilma Olave, se\u00f1al\u00f3 que \u201cla intenci\u00f3n es disminuir las brechas de inequiedad que tiene nuestras poblaci\u00f3n. Es decir, este es un programa que est\u00e1 dirigido a entregar mayores recursos en t\u00e9rminos de oportunidades de desarrollo a aquellos ni\u00f1os y ni\u00f1as que, por sus factores condicionantes psicosociales, pobreza o educaci\u00f3n de la familia u otro factor de riesgo, puedan ver disminuida sus posibilidades de desarrollo\u201d, destac\u00f3.<br \/>\nEn este sentido, el Programa Chile Crece Contigo consiste en la articulaci\u00f3n intersectorial de iniciativas, prestaciones y programas orientados a la infancia, de manera de generar una red de apoyo para el adecuado desarrollo de los ni\u00f1os y ni\u00f1as hasta los 4 o 5 a\u00f1os de edad (primera infancia).<\/p>\n","protected":false},"excerpt":{"rendered":"<p>Profesionales de este programa a nivel municipal y cesfam, Gobernaci\u00f3n, SSA y Seremi de Desarrollo Social participaron en esta coordinaci\u00f3n que apunta a la correcta ejecuci\u00f3n del proyecto y, adem\u00e1s, mejorar la&#8230;<\/p>\n","protected":false},"author":482,"featured_media":62223,"comment_status":"open","ping_status":"open","sticky":false,"template":"","format":"standard","meta":{"advanced_seo_description":"","jetpack_seo_html_title":"","jetpack_seo_noindex":false,"_jetpack_memberships_contains_paid_content":false,"footnotes":""},"categories":[1],"tags":[],"class_list":["post-62222","post","type-post","status-publish","format-standard","has-post-thumbnail","hentry","category-cronica"],"jetpack_featured_media_url":"https:\/\/i0.wp.com\/eltrabajo.cl\/portal\/wp-content\/uploads\/2015\/09\/Mesa-de-trabajo.jpg?fit=530%2C349&ssl=1","jetpack_sharing_enabled":true,"jetpack_likes_enabled":true,"jetpack-related-posts":[],"_links":{"self":[{"href":"https:\/\/eltrabajo.cl\/portal\/wp-json\/wp\/v2\/posts\/62222","targetHints":{"allow":["GET"]}}],"collection":[{"href":"https:\/\/eltrabajo.cl\/portal\/wp-json\/wp\/v2\/posts"}],"about":[{"href":"https:\/\/eltrabajo.cl\/portal\/wp-json\/wp\/v2\/types\/post"}],"author":[{"embeddable":true,"href":"https:\/\/eltrabajo.cl\/portal\/wp-json\/wp\/v2\/users\/482"}],"replies":[{"embeddable":true,"href":"https:\/\/eltrabajo.cl\/portal\/wp-json\/wp\/v2\/comments?post=62222"}],"version-history":[{"count":0,"href":"https:\/\/eltrabajo.cl\/portal\/wp-json\/wp\/v2\/posts\/62222\/revisions"}],"wp:featuredmedia":[{"embeddable":true,"href":"https:\/\/eltrabajo.cl\/portal\/wp-json\/wp\/v2\/media\/62223"}],"wp:attachment":[{"href":"https:\/\/eltrabajo.cl\/portal\/wp-json\/wp\/v2\/media?parent=62222"}],"wp:term":[{"taxonomy":"category","embeddable":true,"href":"https:\/\/eltrabajo.cl\/portal\/wp-json\/wp\/v2\/categories?post=62222"},{"taxonomy":"post_tag","embeddable":true,"href":"https:\/\/eltrabajo.cl\/portal\/wp-json\/wp\/v2\/tags?post=62222"}],"curies":[{"name":"wp","href":"https:\/\/api.w.org\/{rel}","templated":true}]}}