{"id":62225,"date":"2015-09-23T09:38:33","date_gmt":"2015-09-23T12:38:33","guid":{"rendered":"http:\/\/www.eltrabajo.cl\/portal\/?p=62225"},"modified":"2015-09-23T09:38:33","modified_gmt":"2015-09-23T12:38:33","slug":"a-la-carcel-dos-antisociales-que-intimidaron-a-escolar-para-robarle-costoso-celular","status":"publish","type":"post","link":"https:\/\/eltrabajo.cl\/portal\/a-la-carcel-dos-antisociales-que-intimidaron-a-escolar-para-robarle-costoso-celular\/","title":{"rendered":"A la c\u00e1rcel dos antisociales que intimidaron\u00a0a escolar para robarle costoso celular"},"content":{"rendered":"<figure id=\"attachment_62226\" aria-describedby=\"caption-attachment-62226\" style=\"width: 300px\" class=\"wp-caption alignleft\"><a href=\"https:\/\/i0.wp.com\/www.eltrabajo.cl\/portal\/wp-content\/uploads\/2015\/09\/antisocial-cristopher-y-boris-copia.jpg\"><img data-recalc-dims=\"1\" loading=\"lazy\" decoding=\"async\" class=\"wp-image-62226 size-medium\" src=\"https:\/\/i0.wp.com\/www.eltrabajo.cl\/portal\/wp-content\/uploads\/2015\/09\/antisocial-cristopher-y-boris-copia-300x198.jpg?resize=300%2C198\" alt=\"Los imputados identificados como Christopher Ortiz Maldonado de 18 a\u00f1os de edad y Boris Cabrera Cabrera de 20 a\u00f1os, quedaron en prisi\u00f3n preventiva por un plazo de 60 d\u00edas.\" width=\"300\" height=\"198\" srcset=\"https:\/\/i0.wp.com\/eltrabajo.cl\/portal\/wp-content\/uploads\/2015\/09\/antisocial-cristopher-y-boris-copia.jpg?resize=300%2C198&amp;ssl=1 300w, https:\/\/i0.wp.com\/eltrabajo.cl\/portal\/wp-content\/uploads\/2015\/09\/antisocial-cristopher-y-boris-copia.jpg?resize=200%2C132&amp;ssl=1 200w, https:\/\/i0.wp.com\/eltrabajo.cl\/portal\/wp-content\/uploads\/2015\/09\/antisocial-cristopher-y-boris-copia.jpg?resize=228%2C150&amp;ssl=1 228w, https:\/\/i0.wp.com\/eltrabajo.cl\/portal\/wp-content\/uploads\/2015\/09\/antisocial-cristopher-y-boris-copia.jpg?resize=400%2C263&amp;ssl=1 400w, https:\/\/i0.wp.com\/eltrabajo.cl\/portal\/wp-content\/uploads\/2015\/09\/antisocial-cristopher-y-boris-copia.jpg?w=530&amp;ssl=1 530w\" sizes=\"auto, (max-width: 300px) 100vw, 300px\" \/><\/a><figcaption id=\"caption-attachment-62226\" class=\"wp-caption-text\">Los imputados identificados como Christopher Ortiz Maldonado de 18 a\u00f1os de edad y Boris Cabrera Cabrera de 20 a\u00f1os, quedaron en prisi\u00f3n preventiva por un plazo de 60 d\u00edas.<\/figcaption><\/figure>\n<ul>\n<li><strong>Efectiva labor de Carabineros y c\u00e1maras de televigilancia de la comuna, lograron ubicar a los delincuentes que fueron detenidos y formalizados por la Fiscal\u00eda, quedando bajo cautelar de prisi\u00f3n preventiva.<\/strong><\/li>\n<\/ul>\n<p>Prisi\u00f3n preventiva fue la medida cautelar impuesta por el Tribunal de Garant\u00eda de San Felipe, luego de formalizar a dos individuos, quienes amenazaron a un escolar de 14 a\u00f1os de edad para robarle su tel\u00e9fono Iphone. Los antisociales amedrentaron al menor dici\u00e9ndole que lo apu\u00f1alar\u00edan si no obedec\u00eda sus \u00f3rdenes, para despu\u00e9s trasladarlo hasta otro sector para arrebatarle la especie en la comuna de Llay Llay.<br \/>\nEl asalto se produjo a eso de las 18:00 horas del pasado lunes, en los momentos que el estudiante, luego de concluir su jornada escolar, se dirigi\u00f3 por calle Salvador Gonz\u00e1lez en direcci\u00f3n al norte, cuando sorpresivamente dos desconocidos lo interceptaron con el pretexto de consultarle la hora.<br \/>\nEl menor casualmente extrajo desde su bolsillo su tel\u00e9fono celular de alto costo para indicarles la hora, hecho que tent\u00f3 a los delincuentes a cometer el robo, intimidando verbalmente a la v\u00edctima, se\u00f1alando que resultar\u00eda apu\u00f1alado si no entregaba voluntariamente el preciado Iphone, provocando temor al escolar quien consternado ante el amedrentamiento les entreg\u00f3 lo solicitado, luego de ser acorralado por los sujetos.<\/p>\n<figure id=\"attachment_62227\" aria-describedby=\"caption-attachment-62227\" style=\"width: 300px\" class=\"wp-caption alignright\"><a href=\"https:\/\/i0.wp.com\/www.eltrabajo.cl\/portal\/wp-content\/uploads\/2015\/09\/Capitan-Felipe-Maureira.jpg\"><img data-recalc-dims=\"1\" loading=\"lazy\" decoding=\"async\" class=\"wp-image-62227 size-medium\" src=\"https:\/\/i0.wp.com\/www.eltrabajo.cl\/portal\/wp-content\/uploads\/2015\/09\/Capitan-Felipe-Maureira-300x198.jpg?resize=300%2C198\" alt=\"El Capit\u00e1n de la Subcomisar\u00eda de Carabineros de Llay Llay, Felipe Maureira.\" width=\"300\" height=\"198\" srcset=\"https:\/\/i0.wp.com\/eltrabajo.cl\/portal\/wp-content\/uploads\/2015\/09\/Capitan-Felipe-Maureira.jpg?resize=300%2C198&amp;ssl=1 300w, https:\/\/i0.wp.com\/eltrabajo.cl\/portal\/wp-content\/uploads\/2015\/09\/Capitan-Felipe-Maureira.jpg?resize=200%2C132&amp;ssl=1 200w, https:\/\/i0.wp.com\/eltrabajo.cl\/portal\/wp-content\/uploads\/2015\/09\/Capitan-Felipe-Maureira.jpg?resize=228%2C150&amp;ssl=1 228w, https:\/\/i0.wp.com\/eltrabajo.cl\/portal\/wp-content\/uploads\/2015\/09\/Capitan-Felipe-Maureira.jpg?resize=400%2C263&amp;ssl=1 400w, https:\/\/i0.wp.com\/eltrabajo.cl\/portal\/wp-content\/uploads\/2015\/09\/Capitan-Felipe-Maureira.jpg?w=530&amp;ssl=1 530w\" sizes=\"auto, (max-width: 300px) 100vw, 300px\" \/><\/a><figcaption id=\"caption-attachment-62227\" class=\"wp-caption-text\">El Capit\u00e1n de la Subcomisar\u00eda de Carabineros de Llay Llay, Felipe Maureira.<\/figcaption><\/figure>\n<p>Luego del delito, el joven completamente desorientado observ\u00f3 a los sujetos que huyeron con su tel\u00e9fono, solicitando ayuda a los efectivos de la Subcomisar\u00eda de Carabineros, quienes acompa\u00f1ados del estudiante en una de las patrullas, realizaron vigilancias por distintas arterias de la comuna en conjunto con los operadores de las c\u00e1maras de televigilancia para establecer la ubicaci\u00f3n de los antisociales.<br \/>\nAl cabo de unos minutos, los sujetos lograron ser ubicados por Carabineros en calle Prieto Letelier de esa localidad, los cuales tras el reconocimiento de la v\u00edctima, fueron capturados para ser reducidos y esposados por el delito de robo con intimidaci\u00f3n, toda vez que uno de los sujetos portaba el tel\u00e9fono celular del escolar v\u00edctima.<br \/>\nLos imputados fueron identificados como Christopher Ortiz Maldonado de 18 a\u00f1os de edad y Boris Cabrera Cabrera de 20 a\u00f1os, ambos con antecedentes delictuales anteriores, fueron conducidos la ma\u00f1ana de ayer martes hasta el Juzgado de Garant\u00eda de San Felipe para ser formalizados por este delito.<\/p>\n<p><strong>PRISI\u00d3N PREVENTIVA<\/strong><br \/>\nEn audiencia de control de detenci\u00f3n, la Fiscal\u00eda al detallar los sucesos ante el Juez de Garant\u00eda, requiri\u00f3 la cautelar de prisi\u00f3n preventiva debido a que su libertad representa un serio peligro para la sociedad y la propia v\u00edctima de este robo, medida cautelar que fue aceptada por el tribunal ordenando a los imputados ser conducidos hasta el Centro de Cumplimiento Penitenciario de San Felipe por un plazo de 60 d\u00edas fijados para la investigaci\u00f3n del caso.<br \/>\nEn este sentido el Capit\u00e1n de la Subcomisar\u00eda de Carabineros de Llay Llay, Felipe Maureira recomend\u00f3 a la ciudadan\u00eda, en especial los estudiantes, el autocuidado de estas modernas tecnolog\u00edas que son de frecuente uso por los usuarios, poniendo el cuidado necesario cuando son utilizados en la v\u00eda p\u00fablica que son la tentaci\u00f3n de estos delincuentes que aprovechan la instancia para cometer un robo.<br \/>\n\u201cReiterar el llamado a los escolares y la misma comunidad al cuidado de sus pertenencias como el uso de los celulares en la v\u00eda p\u00fablica como en este caso en particular que un escolar fue v\u00edctima de robo. Sin embargo la oportuna intervenci\u00f3n de nuestros Carabineros se logr\u00f3 recuperar la especie y poner tras las rejas a estos delincuentes\u201d, precis\u00f3 el oficial policial.<br \/>\n<strong>Pablo Salinas Sald\u00edas<\/strong><\/p>\n","protected":false},"excerpt":{"rendered":"<p>Efectiva labor de Carabineros y c\u00e1maras de televigilancia de la comuna, lograron ubicar a los delincuentes que fueron detenidos y formalizados por la Fiscal\u00eda, quedando bajo cautelar de prisi\u00f3n preventiva. Prisi\u00f3n preventiva&#8230;<\/p>\n","protected":false},"author":482,"featured_media":62226,"comment_status":"open","ping_status":"open","sticky":false,"template":"","format":"standard","meta":{"advanced_seo_description":"","jetpack_seo_html_title":"","jetpack_seo_noindex":false,"_jetpack_memberships_contains_paid_content":false,"footnotes":""},"categories":[21],"tags":[],"class_list":["post-62225","post","type-post","status-publish","format-standard","has-post-thumbnail","hentry","category-policial"],"jetpack_featured_media_url":"https:\/\/i0.wp.com\/eltrabajo.cl\/portal\/wp-content\/uploads\/2015\/09\/antisocial-cristopher-y-boris-copia.jpg?fit=530%2C349&ssl=1","jetpack_sharing_enabled":true,"jetpack_likes_enabled":true,"jetpack-related-posts":[],"_links":{"self":[{"href":"https:\/\/eltrabajo.cl\/portal\/wp-json\/wp\/v2\/posts\/62225","targetHints":{"allow":["GET"]}}],"collection":[{"href":"https:\/\/eltrabajo.cl\/portal\/wp-json\/wp\/v2\/posts"}],"about":[{"href":"https:\/\/eltrabajo.cl\/portal\/wp-json\/wp\/v2\/types\/post"}],"author":[{"embeddable":true,"href":"https:\/\/eltrabajo.cl\/portal\/wp-json\/wp\/v2\/users\/482"}],"replies":[{"embeddable":true,"href":"https:\/\/eltrabajo.cl\/portal\/wp-json\/wp\/v2\/comments?post=62225"}],"version-history":[{"count":0,"href":"https:\/\/eltrabajo.cl\/portal\/wp-json\/wp\/v2\/posts\/62225\/revisions"}],"wp:featuredmedia":[{"embeddable":true,"href":"https:\/\/eltrabajo.cl\/portal\/wp-json\/wp\/v2\/media\/62226"}],"wp:attachment":[{"href":"https:\/\/eltrabajo.cl\/portal\/wp-json\/wp\/v2\/media?parent=62225"}],"wp:term":[{"taxonomy":"category","embeddable":true,"href":"https:\/\/eltrabajo.cl\/portal\/wp-json\/wp\/v2\/categories?post=62225"},{"taxonomy":"post_tag","embeddable":true,"href":"https:\/\/eltrabajo.cl\/portal\/wp-json\/wp\/v2\/tags?post=62225"}],"curies":[{"name":"wp","href":"https:\/\/api.w.org\/{rel}","templated":true}]}}