{"id":62237,"date":"2015-09-24T09:27:39","date_gmt":"2015-09-24T12:27:39","guid":{"rendered":"http:\/\/www.eltrabajo.cl\/portal\/?p=62237"},"modified":"2015-09-24T09:27:39","modified_gmt":"2015-09-24T12:27:39","slug":"invitan-a-la-comunidad-a-participar-de-talleres-de-ginecologia-natural-y-yoga","status":"publish","type":"post","link":"https:\/\/eltrabajo.cl\/portal\/invitan-a-la-comunidad-a-participar-de-talleres-de-ginecologia-natural-y-yoga\/","title":{"rendered":"Invitan a la comunidad a participar de talleres de Ginecolog\u00eda natural y Yoga"},"content":{"rendered":"<figure id=\"attachment_62238\" aria-describedby=\"caption-attachment-62238\" style=\"width: 300px\" class=\"wp-caption alignleft\"><a href=\"https:\/\/i0.wp.com\/www.eltrabajo.cl\/portal\/wp-content\/uploads\/2015\/09\/sabina-castro.jpg\"><img data-recalc-dims=\"1\" loading=\"lazy\" decoding=\"async\" class=\"wp-image-62238 size-medium\" src=\"https:\/\/i0.wp.com\/www.eltrabajo.cl\/portal\/wp-content\/uploads\/2015\/09\/sabina-castro-300x197.jpg?resize=300%2C197\" alt=\"Sabina Castro, encargada de la Oficina Municipal de la Juventud.\" width=\"300\" height=\"197\" srcset=\"https:\/\/i0.wp.com\/eltrabajo.cl\/portal\/wp-content\/uploads\/2015\/09\/sabina-castro.jpg?resize=300%2C197&amp;ssl=1 300w, https:\/\/i0.wp.com\/eltrabajo.cl\/portal\/wp-content\/uploads\/2015\/09\/sabina-castro.jpg?resize=200%2C131&amp;ssl=1 200w, https:\/\/i0.wp.com\/eltrabajo.cl\/portal\/wp-content\/uploads\/2015\/09\/sabina-castro.jpg?resize=228%2C150&amp;ssl=1 228w, https:\/\/i0.wp.com\/eltrabajo.cl\/portal\/wp-content\/uploads\/2015\/09\/sabina-castro.jpg?resize=400%2C263&amp;ssl=1 400w, https:\/\/i0.wp.com\/eltrabajo.cl\/portal\/wp-content\/uploads\/2015\/09\/sabina-castro.jpg?w=530&amp;ssl=1 530w\" sizes=\"auto, (max-width: 300px) 100vw, 300px\" \/><\/a><figcaption id=\"caption-attachment-62238\" class=\"wp-caption-text\">Sabina Castro, encargada de la Oficina Municipal de la Juventud.<\/figcaption><\/figure>\n<p>Dos talleres tienen contemplados para los pr\u00f3ximos d\u00edas la Oficina Municipal de la Juventud, iniciativas que est\u00e1n dirigidas no s\u00f3lo a los j\u00f3venes sino tambi\u00e9n a toda la comunidad sanfelipe\u00f1a.<br \/>\nSeg\u00fan explic\u00f3 la encargada de esta unidad, Sabina Castro, se trata de un taller de Ginecolog\u00eda Natural, que impartir\u00e1 este viernes a partir de las 18 horas en el sal\u00f3n de honor de la municipalidad la profesional Valeria Vargas, con un costo de participaci\u00f3n de 1.500 pesos; y de un taller denominado \u2018Yoga a luca\u2019, que se desarrollar\u00e1 en la Alameda Chacabuco, entre Salinas y Combate de las Coimas, frente al Departamento de Cultura, de 17:30 a 19:00 horas, a partir de este lunes.<br \/>\n\u201cEstas son actividades transversales, dirigidas a toda la comunidad. Nacen de la inquietud por parte de la juventud de no quedarse con lo t\u00edpico en relaci\u00f3n a sus \u00e1reas de inter\u00e9s, sino abarcar otras instancias que para ellos tambi\u00e9n resultan atractivas y de gran utilidad\u201d, se\u00f1al\u00f3 Sabina Castro.<br \/>\nSeg\u00fan precis\u00f3 la relatora e instructora de ambas actividades, Valeria Vargas, en el caso del taller introductorio a la ginecolog\u00eda natural, este corresponde a pr\u00e1cticas y saberes ancestrales, que permiten al participante conocer y cambiar algunos patrones que permiten favorecer la esencia de mujeres en relaci\u00f3n a su ciclo, la posibilidad de dar vida, pudiendo en todo caso participar no solo mujeres, sino tambi\u00e9n hombres.<br \/>\n\u201cA\u00fan as\u00ed esta actividad est\u00e1 dirigida a hombres y mujeres, e igual cosa sucede con el taller de yoga, donde esperamos contar con una amplia participaci\u00f3n de la gente\u201d, indic\u00f3 Valeria Vargas.<br \/>\nDesde la oficina de la juventud, Sabina Castro resalt\u00f3 el impulso que ha otorgado el alcalde Patricio Freire para promover instancias de participaci\u00f3n y desarrollo de los y las j\u00f3venes de la comuna, por lo mismo les formul\u00f3 una invitaci\u00f3n para que aprovechen estas iniciativas.<\/p>\n","protected":false},"excerpt":{"rendered":"<p>Dos talleres tienen contemplados para los pr\u00f3ximos d\u00edas la Oficina Municipal de la Juventud, iniciativas que est\u00e1n dirigidas no s\u00f3lo a los j\u00f3venes sino tambi\u00e9n a toda la comunidad sanfelipe\u00f1a. Seg\u00fan explic\u00f3&#8230;<\/p>\n","protected":false},"author":482,"featured_media":62238,"comment_status":"open","ping_status":"open","sticky":false,"template":"","format":"standard","meta":{"advanced_seo_description":"","jetpack_seo_html_title":"","jetpack_seo_noindex":false,"_jetpack_memberships_contains_paid_content":false,"footnotes":""},"categories":[1],"tags":[],"class_list":["post-62237","post","type-post","status-publish","format-standard","has-post-thumbnail","hentry","category-cronica"],"jetpack_featured_media_url":"https:\/\/i0.wp.com\/eltrabajo.cl\/portal\/wp-content\/uploads\/2015\/09\/sabina-castro.jpg?fit=530%2C348&ssl=1","jetpack_sharing_enabled":true,"jetpack_likes_enabled":true,"jetpack-related-posts":[],"_links":{"self":[{"href":"https:\/\/eltrabajo.cl\/portal\/wp-json\/wp\/v2\/posts\/62237","targetHints":{"allow":["GET"]}}],"collection":[{"href":"https:\/\/eltrabajo.cl\/portal\/wp-json\/wp\/v2\/posts"}],"about":[{"href":"https:\/\/eltrabajo.cl\/portal\/wp-json\/wp\/v2\/types\/post"}],"author":[{"embeddable":true,"href":"https:\/\/eltrabajo.cl\/portal\/wp-json\/wp\/v2\/users\/482"}],"replies":[{"embeddable":true,"href":"https:\/\/eltrabajo.cl\/portal\/wp-json\/wp\/v2\/comments?post=62237"}],"version-history":[{"count":0,"href":"https:\/\/eltrabajo.cl\/portal\/wp-json\/wp\/v2\/posts\/62237\/revisions"}],"wp:featuredmedia":[{"embeddable":true,"href":"https:\/\/eltrabajo.cl\/portal\/wp-json\/wp\/v2\/media\/62238"}],"wp:attachment":[{"href":"https:\/\/eltrabajo.cl\/portal\/wp-json\/wp\/v2\/media?parent=62237"}],"wp:term":[{"taxonomy":"category","embeddable":true,"href":"https:\/\/eltrabajo.cl\/portal\/wp-json\/wp\/v2\/categories?post=62237"},{"taxonomy":"post_tag","embeddable":true,"href":"https:\/\/eltrabajo.cl\/portal\/wp-json\/wp\/v2\/tags?post=62237"}],"curies":[{"name":"wp","href":"https:\/\/api.w.org\/{rel}","templated":true}]}}