{"id":62243,"date":"2015-09-24T09:30:07","date_gmt":"2015-09-24T12:30:07","guid":{"rendered":"http:\/\/www.eltrabajo.cl\/portal\/?p=62243"},"modified":"2015-09-24T09:30:07","modified_gmt":"2015-09-24T12:30:07","slug":"subprefecto-asume-como-nuevo-jefe-de-la-prefectura-provincial-los-andes-de-la-pdi","status":"publish","type":"post","link":"https:\/\/eltrabajo.cl\/portal\/subprefecto-asume-como-nuevo-jefe-de-la-prefectura-provincial-los-andes-de-la-pdi\/","title":{"rendered":"Subprefecto asume como nuevo jefe de la Prefectura Provincial Los Andes de la PDI"},"content":{"rendered":"<figure id=\"attachment_62244\" aria-describedby=\"caption-attachment-62244\" style=\"width: 300px\" class=\"wp-caption alignleft\"><a href=\"https:\/\/i0.wp.com\/www.eltrabajo.cl\/portal\/wp-content\/uploads\/2015\/09\/prefect-fernandez2.jpg\"><img data-recalc-dims=\"1\" loading=\"lazy\" decoding=\"async\" class=\"wp-image-62244 size-medium\" src=\"https:\/\/i0.wp.com\/www.eltrabajo.cl\/portal\/wp-content\/uploads\/2015\/09\/prefect-fernandez2-300x197.jpg?resize=300%2C197\" alt=\"Subprefecto Patricio Fern\u00e1ndez Maureira, asumi\u00f3 como Jefe de la Prefectura Provincial Los Andes de la Polic\u00eda de Investigaciones.\" width=\"300\" height=\"197\" srcset=\"https:\/\/i0.wp.com\/eltrabajo.cl\/portal\/wp-content\/uploads\/2015\/09\/prefect-fernandez2.jpg?resize=300%2C197&amp;ssl=1 300w, https:\/\/i0.wp.com\/eltrabajo.cl\/portal\/wp-content\/uploads\/2015\/09\/prefect-fernandez2.jpg?resize=200%2C131&amp;ssl=1 200w, https:\/\/i0.wp.com\/eltrabajo.cl\/portal\/wp-content\/uploads\/2015\/09\/prefect-fernandez2.jpg?resize=228%2C150&amp;ssl=1 228w, https:\/\/i0.wp.com\/eltrabajo.cl\/portal\/wp-content\/uploads\/2015\/09\/prefect-fernandez2.jpg?resize=400%2C263&amp;ssl=1 400w, https:\/\/i0.wp.com\/eltrabajo.cl\/portal\/wp-content\/uploads\/2015\/09\/prefect-fernandez2.jpg?w=530&amp;ssl=1 530w\" sizes=\"auto, (max-width: 300px) 100vw, 300px\" \/><\/a><figcaption id=\"caption-attachment-62244\" class=\"wp-caption-text\">Subprefecto Patricio Fern\u00e1ndez Maureira, asumi\u00f3 como Jefe de la Prefectura Provincial Los Andes de la Polic\u00eda de Investigaciones.<\/figcaption><\/figure>\n<ul>\n<li><strong>Se trata del Subprefecto Patricio Fern\u00e1ndez Maureira, quien anteriormente desempe\u00f1\u00f3 labores en la prefectura de Coyhaique.<\/strong><\/li>\n<\/ul>\n<p><strong>LOS ANDES.<\/strong>&#8211; Esta semana asumi\u00f3 de manera oficial como Jefe de la Prefectura Provincial Los Andes de la Polic\u00eda de Investigaciones el Subprefecto Patricio Fern\u00e1ndez Maureira, quien anteriormente desempe\u00f1\u00f3 sus labores profesionales en la prefectura de Coyhaique en la und\u00e9cima regi\u00f3n.<br \/>\nEn su presentaci\u00f3n formal, el alto oficial record\u00f3 que conoce la zona ya que es oriundo de la ciudad de San Felipe y lleva 29 a\u00f1os prestando servicios en la PDI.<br \/>\nComent\u00f3 que en sus inicios, estuvo destacado en la avanzada los Libertadores y luego su carrera estuvo ligada a las Brigada de Investigaci\u00f3n Criminal de La Calera, Quillota y Vi\u00f1a del Mar, para luego asumir funciones en el extremo sur del pa\u00eds.<br \/>\nEl Subprefecto Fern\u00e1ndez dijo que entre los objetivos de su gesti\u00f3n est\u00e1 el seguir atentos a los requerimientos de la comunidad y trabajar codo a codo con los vecinos, \u201cpor lo que espero estar a la altura de la exigencia y cuento con toda la experiencia para llevarlo a cabo gracias al buen equipo humano con el que contamos\u201d.<\/p>\n","protected":false},"excerpt":{"rendered":"<p>Se trata del Subprefecto Patricio Fern\u00e1ndez Maureira, quien anteriormente desempe\u00f1\u00f3 labores en la prefectura de Coyhaique. LOS ANDES.&#8211; Esta semana asumi\u00f3 de manera oficial como Jefe de la Prefectura Provincial Los Andes&#8230;<\/p>\n","protected":false},"author":482,"featured_media":62244,"comment_status":"open","ping_status":"open","sticky":false,"template":"","format":"standard","meta":{"advanced_seo_description":"","jetpack_seo_html_title":"","jetpack_seo_noindex":false,"_jetpack_memberships_contains_paid_content":false,"footnotes":""},"categories":[15],"tags":[],"class_list":["post-62243","post","type-post","status-publish","format-standard","has-post-thumbnail","hentry","category-comunidad"],"jetpack_featured_media_url":"https:\/\/i0.wp.com\/eltrabajo.cl\/portal\/wp-content\/uploads\/2015\/09\/prefect-fernandez2.jpg?fit=530%2C348&ssl=1","jetpack_sharing_enabled":true,"jetpack_likes_enabled":true,"jetpack-related-posts":[],"_links":{"self":[{"href":"https:\/\/eltrabajo.cl\/portal\/wp-json\/wp\/v2\/posts\/62243","targetHints":{"allow":["GET"]}}],"collection":[{"href":"https:\/\/eltrabajo.cl\/portal\/wp-json\/wp\/v2\/posts"}],"about":[{"href":"https:\/\/eltrabajo.cl\/portal\/wp-json\/wp\/v2\/types\/post"}],"author":[{"embeddable":true,"href":"https:\/\/eltrabajo.cl\/portal\/wp-json\/wp\/v2\/users\/482"}],"replies":[{"embeddable":true,"href":"https:\/\/eltrabajo.cl\/portal\/wp-json\/wp\/v2\/comments?post=62243"}],"version-history":[{"count":0,"href":"https:\/\/eltrabajo.cl\/portal\/wp-json\/wp\/v2\/posts\/62243\/revisions"}],"wp:featuredmedia":[{"embeddable":true,"href":"https:\/\/eltrabajo.cl\/portal\/wp-json\/wp\/v2\/media\/62244"}],"wp:attachment":[{"href":"https:\/\/eltrabajo.cl\/portal\/wp-json\/wp\/v2\/media?parent=62243"}],"wp:term":[{"taxonomy":"category","embeddable":true,"href":"https:\/\/eltrabajo.cl\/portal\/wp-json\/wp\/v2\/categories?post=62243"},{"taxonomy":"post_tag","embeddable":true,"href":"https:\/\/eltrabajo.cl\/portal\/wp-json\/wp\/v2\/tags?post=62243"}],"curies":[{"name":"wp","href":"https:\/\/api.w.org\/{rel}","templated":true}]}}