{"id":62246,"date":"2015-09-24T09:31:58","date_gmt":"2015-09-24T12:31:58","guid":{"rendered":"http:\/\/www.eltrabajo.cl\/portal\/?p=62246"},"modified":"2015-09-24T09:31:58","modified_gmt":"2015-09-24T12:31:58","slug":"el-siete-de-octubre-cierran-postulaciones-para-campamento-cientifico-en-parque-tantauco","status":"publish","type":"post","link":"https:\/\/eltrabajo.cl\/portal\/el-siete-de-octubre-cierran-postulaciones-para-campamento-cientifico-en-parque-tantauco\/","title":{"rendered":"El siete de octubre cierran postulaciones para campamento cient\u00edfico en parque Tantauco"},"content":{"rendered":"<figure id=\"attachment_62247\" aria-describedby=\"caption-attachment-62247\" style=\"width: 300px\" class=\"wp-caption alignleft\"><a href=\"https:\/\/i0.wp.com\/www.eltrabajo.cl\/portal\/wp-content\/uploads\/2015\/09\/campamento-2015.jpg\"><img data-recalc-dims=\"1\" loading=\"lazy\" decoding=\"async\" class=\"wp-image-62247 size-medium\" src=\"https:\/\/i0.wp.com\/www.eltrabajo.cl\/portal\/wp-content\/uploads\/2015\/09\/campamento-2015-300x198.jpg?resize=300%2C198\" alt=\"Durante 10 d\u00edas, los estudiantes realizar\u00e1n una investigaci\u00f3n cient\u00edfica en terreno, rutas de trekking y actividades socio-recreativas, en un entorno privilegiado.\" width=\"300\" height=\"198\" srcset=\"https:\/\/i0.wp.com\/eltrabajo.cl\/portal\/wp-content\/uploads\/2015\/09\/campamento-2015.jpg?resize=300%2C198&amp;ssl=1 300w, https:\/\/i0.wp.com\/eltrabajo.cl\/portal\/wp-content\/uploads\/2015\/09\/campamento-2015.jpg?resize=200%2C132&amp;ssl=1 200w, https:\/\/i0.wp.com\/eltrabajo.cl\/portal\/wp-content\/uploads\/2015\/09\/campamento-2015.jpg?resize=227%2C150&amp;ssl=1 227w, https:\/\/i0.wp.com\/eltrabajo.cl\/portal\/wp-content\/uploads\/2015\/09\/campamento-2015.jpg?resize=400%2C264&amp;ssl=1 400w, https:\/\/i0.wp.com\/eltrabajo.cl\/portal\/wp-content\/uploads\/2015\/09\/campamento-2015.jpg?w=530&amp;ssl=1 530w\" sizes=\"auto, (max-width: 300px) 100vw, 300px\" \/><\/a><figcaption id=\"caption-attachment-62247\" class=\"wp-caption-text\">Durante 10 d\u00edas, los estudiantes realizar\u00e1n una investigaci\u00f3n cient\u00edfica en terreno, rutas de trekking y actividades socio-recreativas, en un entorno privilegiado.<\/figcaption><\/figure>\n<ul>\n<li><strong>Iniciativa que busca formar a la pr\u00f3xima generaci\u00f3n de j\u00f3venes cient\u00edficos de Chile.<\/strong><\/li>\n<\/ul>\n<p>Hasta el 7 de octubre se extendi\u00f3 el proceso de postulaci\u00f3n para ser uno de los 40 j\u00f3venes de Chile y Argentina que ser\u00e1n parte de la quinta versi\u00f3n del Campamento Cient\u00edfico Bayer Kimlu, iniciativa organizada por Bayer y Fundaci\u00f3n Ciencia Joven, en colaboraci\u00f3n con Parque Tantauco y Unesco. Para participar, j\u00f3venes de ambos pa\u00edses, entre 14 y 18 a\u00f1os, deben ingresar a www.destinociencia.cl\/kimlu y llenar el formulario requerido.<br \/>\nLos j\u00f3venes seleccionados viajar\u00e1n entre el 2 y 12 de marzo al Parque Tantauco, uno de los lugares menos explorados de nuestro pa\u00eds, ubicado al sur de la Isla Grande de Chilo\u00e9, donde vivir\u00e1n una experiencia \u00fanica para potenciar al m\u00e1ximo sus competencias cient\u00edficas y de liderazgo. Durante 10 d\u00edas, los estudiantes vivir\u00e1n un programa de formaci\u00f3n integral que incluir\u00e1 realizar una investigaci\u00f3n cient\u00edfica en terreno, rutas de trekking y actividades socio-recreativas, en un entorno privilegiado.<br \/>\n\u201cEstamos felices, preparando los \u00faltimos detalles para darle la bienvenida a la quinta generaci\u00f3n de j\u00f3venes que ser\u00e1n parte del Campamento Cient\u00edfico Bayer Kimlu. A\u00fan queda tiempo para postular y ser parte de la pr\u00f3xima generaci\u00f3n de j\u00f3venes l\u00edderes en ciencia\u201d, explica Oscar Contreras, Director Ejecutivo de Fundaci\u00f3n Ciencia Joven.<br \/>\n\u201cEsperamos que muchos j\u00f3venes apasionados por la ciencia aprovechen esta gran oportunidad que les ofrece este campamento. Queremos que las nuevas generaciones se inspiren y desarrollen sus competencias cient\u00edficas y compartan sus experiencias\u201d, dice Camila Reid, Directora de Relaciones Institucionales de Bayer.<\/p>\n","protected":false},"excerpt":{"rendered":"<p>Iniciativa que busca formar a la pr\u00f3xima generaci\u00f3n de j\u00f3venes cient\u00edficos de Chile. Hasta el 7 de octubre se extendi\u00f3 el proceso de postulaci\u00f3n para ser uno de los 40 j\u00f3venes de&#8230;<\/p>\n","protected":false},"author":482,"featured_media":62247,"comment_status":"open","ping_status":"open","sticky":false,"template":"","format":"standard","meta":{"advanced_seo_description":"","jetpack_seo_html_title":"","jetpack_seo_noindex":false,"_jetpack_memberships_contains_paid_content":false,"footnotes":""},"categories":[15],"tags":[],"class_list":["post-62246","post","type-post","status-publish","format-standard","has-post-thumbnail","hentry","category-comunidad"],"jetpack_featured_media_url":"https:\/\/i0.wp.com\/eltrabajo.cl\/portal\/wp-content\/uploads\/2015\/09\/campamento-2015.jpg?fit=530%2C350&ssl=1","jetpack_sharing_enabled":true,"jetpack_likes_enabled":true,"jetpack-related-posts":[],"_links":{"self":[{"href":"https:\/\/eltrabajo.cl\/portal\/wp-json\/wp\/v2\/posts\/62246","targetHints":{"allow":["GET"]}}],"collection":[{"href":"https:\/\/eltrabajo.cl\/portal\/wp-json\/wp\/v2\/posts"}],"about":[{"href":"https:\/\/eltrabajo.cl\/portal\/wp-json\/wp\/v2\/types\/post"}],"author":[{"embeddable":true,"href":"https:\/\/eltrabajo.cl\/portal\/wp-json\/wp\/v2\/users\/482"}],"replies":[{"embeddable":true,"href":"https:\/\/eltrabajo.cl\/portal\/wp-json\/wp\/v2\/comments?post=62246"}],"version-history":[{"count":0,"href":"https:\/\/eltrabajo.cl\/portal\/wp-json\/wp\/v2\/posts\/62246\/revisions"}],"wp:featuredmedia":[{"embeddable":true,"href":"https:\/\/eltrabajo.cl\/portal\/wp-json\/wp\/v2\/media\/62247"}],"wp:attachment":[{"href":"https:\/\/eltrabajo.cl\/portal\/wp-json\/wp\/v2\/media?parent=62246"}],"wp:term":[{"taxonomy":"category","embeddable":true,"href":"https:\/\/eltrabajo.cl\/portal\/wp-json\/wp\/v2\/categories?post=62246"},{"taxonomy":"post_tag","embeddable":true,"href":"https:\/\/eltrabajo.cl\/portal\/wp-json\/wp\/v2\/tags?post=62246"}],"curies":[{"name":"wp","href":"https:\/\/api.w.org\/{rel}","templated":true}]}}