{"id":62249,"date":"2015-09-24T09:33:28","date_gmt":"2015-09-24T12:33:28","guid":{"rendered":"http:\/\/www.eltrabajo.cl\/portal\/?p=62249"},"modified":"2015-09-24T09:33:28","modified_gmt":"2015-09-24T12:33:28","slug":"futuros-estilistas-realizan-operativo-de-belleza-a-usuarios-de-hospital-psiquiatrico-dr-philippe-pinel","status":"publish","type":"post","link":"https:\/\/eltrabajo.cl\/portal\/futuros-estilistas-realizan-operativo-de-belleza-a-usuarios-de-hospital-psiquiatrico-dr-philippe-pinel\/","title":{"rendered":"Futuros estilistas realizan operativo de belleza a usuarios de Hospital Psiqui\u00e1trico Dr. Philippe Pinel"},"content":{"rendered":"<figure id=\"attachment_62250\" aria-describedby=\"caption-attachment-62250\" style=\"width: 300px\" class=\"wp-caption alignleft\"><a href=\"https:\/\/i0.wp.com\/www.eltrabajo.cl\/portal\/wp-content\/uploads\/2015\/09\/Operativo-de-belleza.jpg\"><img data-recalc-dims=\"1\" loading=\"lazy\" decoding=\"async\" class=\"wp-image-62250 size-medium\" src=\"https:\/\/i0.wp.com\/www.eltrabajo.cl\/portal\/wp-content\/uploads\/2015\/09\/Operativo-de-belleza-300x198.jpg?resize=300%2C198\" alt=\"Fueron 40 estudiantes quienes brindaron a los usuarios del Hospital Psiqui\u00e1trico una tarde de belleza.\" width=\"300\" height=\"198\" srcset=\"https:\/\/i0.wp.com\/eltrabajo.cl\/portal\/wp-content\/uploads\/2015\/09\/Operativo-de-belleza.jpg?resize=300%2C198&amp;ssl=1 300w, https:\/\/i0.wp.com\/eltrabajo.cl\/portal\/wp-content\/uploads\/2015\/09\/Operativo-de-belleza.jpg?resize=200%2C132&amp;ssl=1 200w, https:\/\/i0.wp.com\/eltrabajo.cl\/portal\/wp-content\/uploads\/2015\/09\/Operativo-de-belleza.jpg?resize=227%2C150&amp;ssl=1 227w, https:\/\/i0.wp.com\/eltrabajo.cl\/portal\/wp-content\/uploads\/2015\/09\/Operativo-de-belleza.jpg?resize=400%2C264&amp;ssl=1 400w, https:\/\/i0.wp.com\/eltrabajo.cl\/portal\/wp-content\/uploads\/2015\/09\/Operativo-de-belleza.jpg?w=530&amp;ssl=1 530w\" sizes=\"auto, (max-width: 300px) 100vw, 300px\" \/><\/a><figcaption id=\"caption-attachment-62250\" class=\"wp-caption-text\">Fueron 40 estudiantes quienes brindaron a los usuarios del Hospital Psiqui\u00e1trico una tarde de belleza.<\/figcaption><\/figure>\n<ul>\n<li><strong>Estudiantes de la Academia Amelia Jurgens de San Felipe atendieron a m\u00e1s de cien usuarias y usuarios de la instituci\u00f3n de salud mental de la comuna de Putaendo.<\/strong><\/li>\n<\/ul>\n<p>Contentos y agradecidos se mostraron los usuarios del Hospital Psiqui\u00e1trico Dr. Philippe Pinel de Putaendo luego de recibir la visita de 40 estudiantes de la Academia Amelia Jurgens de San Felipe, quienes con mucha dedicaci\u00f3n y cari\u00f1o les brindaron una tarde de belleza en dependencias del establecimiento de salud mental.<br \/>\nEn efecto, aprendices de la academia sanfelipe\u00f1a efectuaron m\u00e1s de cien cortes de cabello y embellecimiento a usuarias y usuarios pertenecientes a diferentes unidades del Hospital Psiqui\u00e1trico, cuya gratitud hacia los estudiantes se vio reflejada en la alegr\u00eda de sus rostros.<br \/>\nIvonne Armijo Brito, Coordinadora de la Academia Amelia Jurgens de San Felipe, sostuvo que acudieron gustosos a realizar esta atenci\u00f3n a los usuarios del Hospital, agregando que para sus estudiantes, conocer la experiencia de trabajar con personas con discapacidad mental se traduce en un aprendizaje inolvidable y un crecimiento amplio en su formaci\u00f3n profesional. Para el terapeuta ocupacional y Jefe de la Unidad de Mediana Estad\u00eda III de la instituci\u00f3n de salud mental, Henry Rom\u00e1n Escobar, intervenciones como esta vienen a romper los estigmas que se generan hacia las personas con discapacidad mental y a reforzar los lazos de vinculaci\u00f3n entre el Hospital Dr. Philippe Pinel y la comunidad de Aconcagua \u201cy eso lo pudieron apreciar los estudiantes de la academia, ya que m\u00e1s que realizar un operativo pudieron interactuar con nuestros usuarios y comprenderlos, rompiendo con ello varios estigmas que a veces por desconocimiento se originan hacia ellas y ellos\u201d, concluy\u00f3 el profesional.<\/p>\n","protected":false},"excerpt":{"rendered":"<p>Estudiantes de la Academia Amelia Jurgens de San Felipe atendieron a m\u00e1s de cien usuarias y usuarios de la instituci\u00f3n de salud mental de la comuna de Putaendo. Contentos y agradecidos se&#8230;<\/p>\n","protected":false},"author":482,"featured_media":62250,"comment_status":"open","ping_status":"open","sticky":false,"template":"","format":"standard","meta":{"advanced_seo_description":"","jetpack_seo_html_title":"","jetpack_seo_noindex":false,"_jetpack_memberships_contains_paid_content":false,"footnotes":""},"categories":[15],"tags":[],"class_list":["post-62249","post","type-post","status-publish","format-standard","has-post-thumbnail","hentry","category-comunidad"],"jetpack_featured_media_url":"https:\/\/i0.wp.com\/eltrabajo.cl\/portal\/wp-content\/uploads\/2015\/09\/Operativo-de-belleza.jpg?fit=530%2C350&ssl=1","jetpack_sharing_enabled":true,"jetpack_likes_enabled":true,"jetpack-related-posts":[],"_links":{"self":[{"href":"https:\/\/eltrabajo.cl\/portal\/wp-json\/wp\/v2\/posts\/62249","targetHints":{"allow":["GET"]}}],"collection":[{"href":"https:\/\/eltrabajo.cl\/portal\/wp-json\/wp\/v2\/posts"}],"about":[{"href":"https:\/\/eltrabajo.cl\/portal\/wp-json\/wp\/v2\/types\/post"}],"author":[{"embeddable":true,"href":"https:\/\/eltrabajo.cl\/portal\/wp-json\/wp\/v2\/users\/482"}],"replies":[{"embeddable":true,"href":"https:\/\/eltrabajo.cl\/portal\/wp-json\/wp\/v2\/comments?post=62249"}],"version-history":[{"count":0,"href":"https:\/\/eltrabajo.cl\/portal\/wp-json\/wp\/v2\/posts\/62249\/revisions"}],"wp:featuredmedia":[{"embeddable":true,"href":"https:\/\/eltrabajo.cl\/portal\/wp-json\/wp\/v2\/media\/62250"}],"wp:attachment":[{"href":"https:\/\/eltrabajo.cl\/portal\/wp-json\/wp\/v2\/media?parent=62249"}],"wp:term":[{"taxonomy":"category","embeddable":true,"href":"https:\/\/eltrabajo.cl\/portal\/wp-json\/wp\/v2\/categories?post=62249"},{"taxonomy":"post_tag","embeddable":true,"href":"https:\/\/eltrabajo.cl\/portal\/wp-json\/wp\/v2\/tags?post=62249"}],"curies":[{"name":"wp","href":"https:\/\/api.w.org\/{rel}","templated":true}]}}