{"id":62257,"date":"2015-09-24T09:37:15","date_gmt":"2015-09-24T12:37:15","guid":{"rendered":"http:\/\/www.eltrabajo.cl\/portal\/?p=62257"},"modified":"2015-09-24T09:37:15","modified_gmt":"2015-09-24T12:37:15","slug":"escuela-del-dirigente-certificara-a-45-vecinos-este-sabado","status":"publish","type":"post","link":"https:\/\/eltrabajo.cl\/portal\/escuela-del-dirigente-certificara-a-45-vecinos-este-sabado\/","title":{"rendered":"Escuela del Dirigente certificar\u00e1 a 45 vecinos este s\u00e1bado"},"content":{"rendered":"<figure id=\"attachment_62258\" aria-describedby=\"caption-attachment-62258\" style=\"width: 300px\" class=\"wp-caption alignleft\"><a href=\"https:\/\/i0.wp.com\/www.eltrabajo.cl\/portal\/wp-content\/uploads\/2015\/09\/alicia-nicloux.jpg\"><img data-recalc-dims=\"1\" loading=\"lazy\" decoding=\"async\" class=\"wp-image-62258 size-medium\" src=\"https:\/\/i0.wp.com\/www.eltrabajo.cl\/portal\/wp-content\/uploads\/2015\/09\/alicia-nicloux-300x198.jpg?resize=300%2C198\" alt=\"Alicia Nicloux, asistente social del Departamento de Organizaciones Comunitarias de la Municipalidad de San Felipe.\" width=\"300\" height=\"198\" srcset=\"https:\/\/i0.wp.com\/eltrabajo.cl\/portal\/wp-content\/uploads\/2015\/09\/alicia-nicloux.jpg?resize=300%2C198&amp;ssl=1 300w, https:\/\/i0.wp.com\/eltrabajo.cl\/portal\/wp-content\/uploads\/2015\/09\/alicia-nicloux.jpg?resize=200%2C132&amp;ssl=1 200w, https:\/\/i0.wp.com\/eltrabajo.cl\/portal\/wp-content\/uploads\/2015\/09\/alicia-nicloux.jpg?resize=227%2C150&amp;ssl=1 227w, https:\/\/i0.wp.com\/eltrabajo.cl\/portal\/wp-content\/uploads\/2015\/09\/alicia-nicloux.jpg?resize=400%2C264&amp;ssl=1 400w, https:\/\/i0.wp.com\/eltrabajo.cl\/portal\/wp-content\/uploads\/2015\/09\/alicia-nicloux.jpg?w=530&amp;ssl=1 530w\" sizes=\"auto, (max-width: 300px) 100vw, 300px\" \/><\/a><figcaption id=\"caption-attachment-62258\" class=\"wp-caption-text\">Alicia Nicloux, asistente social del Departamento de Organizaciones Comunitarias de la Municipalidad de San Felipe.<\/figcaption><\/figure>\n<p>Para este s\u00e1bado est\u00e1 contemplada la certificaci\u00f3n de los 45 alumnos que este a\u00f1o participaron de la quinta versi\u00f3n de la Escuela del Dirigente, iniciativa que impulsa el Departamento de Organizaciones Comunitarias, dependiente de la Dideco de la municipalidad de San Felipe.<br \/>\nSe trata de una iniciativa que se enmarca en la pol\u00edtica de participaci\u00f3n ciudadana que ha caracterizado la administraci\u00f3n del alcalde Patricio Freire, quien ha definido la necesidad de fortalecer este tipo de acciones que permitan empoderar y entregar la mayor cantidad de conocimientos e informaci\u00f3n a los vecinos, a objeto de que puedan ser actores protag\u00f3nicos en el proceso de desarrollo comunal.<br \/>\nLa asistente social de esta unidad, Alicia Niclaux, manifest\u00f3 que tras una serie de sesiones, desarrolladas cada s\u00e1bado en dependencias municipales, dirigentes vecinales, organizacionales y vecinos con inter\u00e9s en adquirir herramientas que los fortalezcan en su labor con la comunidad, se incorporaron con gran entusiasmo en un proceso de aprendizaje y empoderamiento acerca de la labor dirigencial.<br \/>\nSe\u00f1al\u00f3 que esta instancia, les permiti\u00f3 interiorizarse a cabalidad del quehacer y el servicio que prestan las distintas instancias municipales y gubernamentales.<br \/>\n\u201cSe est\u00e1n certificando los alumnos de primero, segundo y tercero de la Escuela del Dirigente, que asistieron cada semana a clases desde el mes de abril y hasta agosto de este a\u00f1o. Lo que se entrega en la escuela es informaci\u00f3n y capacitaci\u00f3n sobre las oficinas y departamentos municipales, adem\u00e1s de temas de inter\u00e9s como manejo alternativo de conflictos, manejo de estr\u00e9s, Ley de Junta de Vecinos, entre otros\u201d, expres\u00f3.<br \/>\nA\u00f1adi\u00f3 que \u201cellos est\u00e1n adquiriendo conocimientos y habilidades que no ten\u00edan o que estaban escondidos y pudieron desarrollar y fortalecer. Aqu\u00ed ellos aprenden para ayudar al resto\u201d.<br \/>\nAlicia Niclaux destac\u00f3 el inter\u00e9s y compromiso mostrado por los alumnos participantes de esta instancia, precisando que se trata de una enorme oportunidad que los vecinos saben aprovechar, en el entendido que les permite adquirir herramientas para su labor con la comunidad, pero lo que es mejor, para favorecer la participaci\u00f3n y desarrollo de la ciudad de San Felipe.<\/p>\n","protected":false},"excerpt":{"rendered":"<p>Para este s\u00e1bado est\u00e1 contemplada la certificaci\u00f3n de los 45 alumnos que este a\u00f1o participaron de la quinta versi\u00f3n de la Escuela del Dirigente, iniciativa que impulsa el Departamento de Organizaciones Comunitarias,&#8230;<\/p>\n","protected":false},"author":482,"featured_media":62258,"comment_status":"open","ping_status":"open","sticky":false,"template":"","format":"standard","meta":{"advanced_seo_description":"","jetpack_seo_html_title":"","jetpack_seo_noindex":false,"_jetpack_memberships_contains_paid_content":false,"footnotes":""},"categories":[1],"tags":[],"class_list":["post-62257","post","type-post","status-publish","format-standard","has-post-thumbnail","hentry","category-cronica"],"jetpack_featured_media_url":"https:\/\/i0.wp.com\/eltrabajo.cl\/portal\/wp-content\/uploads\/2015\/09\/alicia-nicloux.jpg?fit=530%2C350&ssl=1","jetpack_sharing_enabled":true,"jetpack_likes_enabled":true,"jetpack-related-posts":[],"_links":{"self":[{"href":"https:\/\/eltrabajo.cl\/portal\/wp-json\/wp\/v2\/posts\/62257","targetHints":{"allow":["GET"]}}],"collection":[{"href":"https:\/\/eltrabajo.cl\/portal\/wp-json\/wp\/v2\/posts"}],"about":[{"href":"https:\/\/eltrabajo.cl\/portal\/wp-json\/wp\/v2\/types\/post"}],"author":[{"embeddable":true,"href":"https:\/\/eltrabajo.cl\/portal\/wp-json\/wp\/v2\/users\/482"}],"replies":[{"embeddable":true,"href":"https:\/\/eltrabajo.cl\/portal\/wp-json\/wp\/v2\/comments?post=62257"}],"version-history":[{"count":0,"href":"https:\/\/eltrabajo.cl\/portal\/wp-json\/wp\/v2\/posts\/62257\/revisions"}],"wp:featuredmedia":[{"embeddable":true,"href":"https:\/\/eltrabajo.cl\/portal\/wp-json\/wp\/v2\/media\/62258"}],"wp:attachment":[{"href":"https:\/\/eltrabajo.cl\/portal\/wp-json\/wp\/v2\/media?parent=62257"}],"wp:term":[{"taxonomy":"category","embeddable":true,"href":"https:\/\/eltrabajo.cl\/portal\/wp-json\/wp\/v2\/categories?post=62257"},{"taxonomy":"post_tag","embeddable":true,"href":"https:\/\/eltrabajo.cl\/portal\/wp-json\/wp\/v2\/tags?post=62257"}],"curies":[{"name":"wp","href":"https:\/\/api.w.org\/{rel}","templated":true}]}}