{"id":62260,"date":"2015-09-24T09:42:06","date_gmt":"2015-09-24T12:42:06","guid":{"rendered":"http:\/\/www.eltrabajo.cl\/portal\/?p=62260"},"modified":"2015-09-24T09:42:06","modified_gmt":"2015-09-24T12:42:06","slug":"inauguran-de-manera-oficial-jardin-el-peneca-de-san-felipe","status":"publish","type":"post","link":"https:\/\/eltrabajo.cl\/portal\/inauguran-de-manera-oficial-jardin-el-peneca-de-san-felipe\/","title":{"rendered":"Inauguran de manera oficial Jard\u00edn El Peneca de San Felipe"},"content":{"rendered":"<figure id=\"attachment_62261\" aria-describedby=\"caption-attachment-62261\" style=\"width: 300px\" class=\"wp-caption alignleft\"><a href=\"https:\/\/i0.wp.com\/www.eltrabajo.cl\/portal\/wp-content\/uploads\/2015\/09\/Cinta1.jpg\"><img data-recalc-dims=\"1\" loading=\"lazy\" decoding=\"async\" class=\"wp-image-62261 size-medium\" src=\"https:\/\/i0.wp.com\/www.eltrabajo.cl\/portal\/wp-content\/uploads\/2015\/09\/Cinta1-300x198.jpg?resize=300%2C198\" alt=\"NUEVO PENECA.- La directora del Peneca, Mar\u00eda Antonieta Contreras, corta de manera oficial la cinta de este jard\u00edn infantil, le acompa\u00f1an las autoridades de Junji, Municipios y Gobierno Regional de la V Regi\u00f3n.\" width=\"300\" height=\"198\" srcset=\"https:\/\/i0.wp.com\/eltrabajo.cl\/portal\/wp-content\/uploads\/2015\/09\/Cinta1.jpg?resize=300%2C198&amp;ssl=1 300w, https:\/\/i0.wp.com\/eltrabajo.cl\/portal\/wp-content\/uploads\/2015\/09\/Cinta1.jpg?resize=200%2C132&amp;ssl=1 200w, https:\/\/i0.wp.com\/eltrabajo.cl\/portal\/wp-content\/uploads\/2015\/09\/Cinta1.jpg?resize=228%2C150&amp;ssl=1 228w, https:\/\/i0.wp.com\/eltrabajo.cl\/portal\/wp-content\/uploads\/2015\/09\/Cinta1.jpg?resize=400%2C263&amp;ssl=1 400w, https:\/\/i0.wp.com\/eltrabajo.cl\/portal\/wp-content\/uploads\/2015\/09\/Cinta1.jpg?w=530&amp;ssl=1 530w\" sizes=\"auto, (max-width: 300px) 100vw, 300px\" \/><\/a><figcaption id=\"caption-attachment-62261\" class=\"wp-caption-text\">NUEVO PENECA.- La directora del Peneca, Mar\u00eda Antonieta Contreras, corta de manera oficial la cinta de este jard\u00edn infantil, le acompa\u00f1an las autoridades de Junji, Municipios y Gobierno Regional de la V Regi\u00f3n.<\/figcaption><\/figure>\n<ul>\n<li><strong>Recinto educativo consider\u00f3 una inversi\u00f3n superior a los $380 millones, aportados por el Fondo Nacional de Desarrollo Regional.<\/strong><\/li>\n<\/ul>\n<p>M\u00e1s de 135 ni\u00f1os de la comuna de San Felipe ya cuentan con un moderno recinto educativo para desarrollar todas sus potencialidades y habilidades educativas, luego de que ayer mi\u00e9rcoles se inauguraran de manera oficial las nuevas dependencias de Jard\u00edn Infantil El Peneca.<br \/>\nLa ceremonia que se llev\u00f3 a cabo en el nuevo recinto, ubicado en el sector de El Descanso y cont\u00f3 con la asistencia de la vicepresidenta de la Junji, Desir\u00e9e L\u00f3pez de Maturana Luna, quien en compa\u00f1\u00eda del gobernador Eduardo Le\u00f3n; el Seremi de Educaci\u00f3n, Alejandro Tapia; la directora regional de Junji, Priscila Corsi; el alcalde Patricio Freire y concejales, junto a Cores cortaron la cinta de este nuevo jard\u00edn financiado por el Fondo Nacional de Desarrollo Regional y que consider\u00f3 una inversi\u00f3n de $387.528.434.<\/p>\n<p><strong>SU TRAYECTORIA<\/strong><br \/>\nPor 38 a\u00f1os Jard\u00edn Infantil El Peneca funcion\u00f3 en un recinto ubicado en calle San Mart\u00edn. Debido al deterioro evidente del inmueble producto del paso de los a\u00f1os, durante la primera administraci\u00f3n de la presidente Michelle Bachelet se iniciaron las gestiones para conseguir un terreno y dise\u00f1ar un proyecto que ofreciera a los ni\u00f1os y sus familias un espacio m\u00e1s moderno, c\u00f3modo y seguro donde recibir educaci\u00f3n inicial.<br \/>\nEs as\u00ed como se gesta la construcci\u00f3n de este jard\u00edn que hoy atiende a un total de 136 p\u00e1rvulos, entre ellos 40 nuevos lactantes gracias a la incorporaci\u00f3n de dos salacuna. Ni\u00f1os que hoy se desarrollan cognitivamente y socialmente en un lugar pensado absolutamente para ellos y que da respuesta a todas sus necesidades.<\/p>\n<p><strong>VOCES OFICIALES<\/strong><br \/>\nEn este sentido, la vicepresidente de Junji, Desir\u00e9e L\u00f3pez de Maturana, manifest\u00f3 que \u00abestamos en una nueva inauguraci\u00f3n, a prop\u00f3sito de esta tremenda meta para nuestro pa\u00eds, que es la ampliaci\u00f3n de cobertura para los niveles de cero a cuatro a\u00f1os. Ac\u00e1 estamos compartiendo con las autoridades esta posibilidad de ampliar, gracias a los fondos de Desarrollo Regional, este jard\u00edn infantil y por supuesto con eso, ampliar el acceso para los ni\u00f1as de la comuna\u00bb, finaliz\u00f3.<br \/>\nEn tanto el gobernador Eduardo Le\u00f3n, destac\u00f3 que \u00abpara el Gobierno de la presidenta Bachelet, las salacuna, el nivel de educaci\u00f3n preb\u00e1sico y b\u00e1sico, son esenciales. La desigualdad parte desde las salas cunas y equiparar la cancha consiste en esto. La ampliaci\u00f3n de meta cuna es una actividad donde todos tenemos que estar comprometidos y a continuar trabajando que queda mucho trabajo por hacer\u00bb, apunt\u00f3 Le\u00f3n.<br \/>\nPor su parte el alcalde Patricio Freire, manifest\u00f3 que fue un largo e intenso trabajo desde la construcci\u00f3n del establecimiento hasta las coordinaciones con los vecinos. \u00abHab\u00edan otros anhelos de parte de los habitantes de estos sectores, pero agradecemos a la Junji y los vecinos por valorar el bien mayor. Este jard\u00edn infantil dar\u00e1 m\u00e1s cobertura en San Felipe e implica un avance en cuanto a la educaci\u00f3n p\u00fablica\u00bb, finaliz\u00f3 el jefe comunal.<br \/>\nLa directora regional de Junji, Priscila Corsi, dijo que \u00abde este compromiso presidencial de ampliaci\u00f3n de cobertura este a\u00f1o, en San Felipe hemos inaugurado tres establecimientos, el primero junto a la presidenta Bachelet en Putaendo (El Trencito), otro en Llay Llay (El Remolino) y hoy inauguramos un tradicional jard\u00edn de la comuna de San Felipe, por lo que estamos muy contento y satisfechos de lo que se est\u00e1 haciendo\u00bb, puntualiz\u00f3.<\/p>\n<p><strong>REUNI\u00d3N VITAL<\/strong><br \/>\nLuego de la inauguraci\u00f3n y con el objetivo de dar una se\u00f1al de descentralizaci\u00f3n, la vicepresidente de Junji, Desir\u00e9e L\u00f3pez, se dirigi\u00f3 a la sede San Felipe de la Universidad de Playa Ancha, para sostener una reuni\u00f3n con todas las directoras de los jardines infantiles que la Junji Valpara\u00edso administra en la regi\u00f3n.<br \/>\nEl encuentro permiti\u00f3 a las parvularias de los jardines infantiles, dialogar con la m\u00e1xima autoridad de Junji sobre el importante proceso de transformaci\u00f3n que vive hoy la instituci\u00f3n y que no s\u00f3lo se caracteriza por la apertura de nuevas salas cuna y jardines infantiles, sino que adem\u00e1s implica desaf\u00edos importantes como revitalizar nuestros procesos para as\u00ed asegurar una educaci\u00f3n de calidad y gratuita para todos los ni\u00f1os del pa\u00eds.<\/p>\n<div class=\"tiled-gallery type-rectangular tiled-gallery-unresized\" data-original-width=\"640\" data-carousel-extra='null' itemscope itemtype=\"http:\/\/schema.org\/ImageGallery\" > <div class=\"gallery-row\" style=\"width: 640px; height: 283px;\" data-original-width=\"640\" data-original-height=\"283\" > <div class=\"gallery-group images-1\" style=\"width: 427px; height: 283px;\" data-original-width=\"427\" data-original-height=\"283\" > <div class=\"tiled-gallery-item tiled-gallery-item-large\" itemprop=\"associatedMedia\" itemscope itemtype=\"http:\/\/schema.org\/ImageObject\"> <a href=\"https:\/\/eltrabajo.cl\/portal\/inauguran-de-manera-oficial-jardin-el-peneca-de-san-felipe\/parvularias1-2\/\" border=\"0\" itemprop=\"url\"> <meta itemprop=\"width\" content=\"423\"> <meta itemprop=\"height\" content=\"279\"> <img decoding=\"async\" class=\"\" data-attachment-id=\"62263\" data-orig-file=\"https:\/\/eltrabajo.cl\/portal\/wp-content\/uploads\/2015\/09\/Parvularias1.jpg\" data-orig-size=\"530,350\" data-comments-opened=\"1\" data-image-meta=\"{&quot;aperture&quot;:&quot;0&quot;,&quot;credit&quot;:&quot;&quot;,&quot;camera&quot;:&quot;&quot;,&quot;caption&quot;:&quot;&quot;,&quot;created_timestamp&quot;:&quot;0&quot;,&quot;copyright&quot;:&quot;&quot;,&quot;focal_length&quot;:&quot;0&quot;,&quot;iso&quot;:&quot;0&quot;,&quot;shutter_speed&quot;:&quot;0&quot;,&quot;title&quot;:&quot;&quot;,&quot;orientation&quot;:&quot;0&quot;}\" data-image-title=\"Parvularias1\" data-image-description=\"&lt;p&gt;PARVULARIAS.- Decenas de parvularias de la Red Junji de nuestra regi\u00f3n, se dieron cita en este acto hist\u00f3rico.&lt;\/p&gt; \" data-medium-file=\"https:\/\/i0.wp.com\/eltrabajo.cl\/portal\/wp-content\/uploads\/2015\/09\/Parvularias1.jpg?fit=300%2C198&#038;ssl=1\" data-large-file=\"https:\/\/i0.wp.com\/eltrabajo.cl\/portal\/wp-content\/uploads\/2015\/09\/Parvularias1.jpg?fit=530%2C350&#038;ssl=1\" src=\"https:\/\/i0.wp.com\/eltrabajo.cl\/portal\/wp-content\/uploads\/2015\/09\/Parvularias1.jpg?w=423&#038;h=279&#038;ssl=1\" srcset=\"https:\/\/i0.wp.com\/eltrabajo.cl\/portal\/wp-content\/uploads\/2015\/09\/Parvularias1.jpg?w=530&amp;ssl=1 530w, https:\/\/i0.wp.com\/eltrabajo.cl\/portal\/wp-content\/uploads\/2015\/09\/Parvularias1.jpg?resize=200%2C132&amp;ssl=1 200w, https:\/\/i0.wp.com\/eltrabajo.cl\/portal\/wp-content\/uploads\/2015\/09\/Parvularias1.jpg?resize=300%2C198&amp;ssl=1 300w, https:\/\/i0.wp.com\/eltrabajo.cl\/portal\/wp-content\/uploads\/2015\/09\/Parvularias1.jpg?resize=227%2C150&amp;ssl=1 227w, https:\/\/i0.wp.com\/eltrabajo.cl\/portal\/wp-content\/uploads\/2015\/09\/Parvularias1.jpg?resize=400%2C264&amp;ssl=1 400w\" width=\"423\" height=\"279\" loading=\"lazy\" data-original-width=\"423\" data-original-height=\"279\" itemprop=\"http:\/\/schema.org\/image\" title=\"Parvularias1\" alt=\"PARVULARIAS.- Decenas de parvularias de la Red Junji de nuestra regi\u00f3n, se dieron cita en este acto hist\u00f3rico.\" style=\"width: 423px; height: 279px;\" \/> <\/a> <div class=\"tiled-gallery-caption\" itemprop=\"caption description\"> PARVULARIAS.- Decenas de parvularias de la Red Junji de nuestra regi\u00f3n, se dieron cita en este acto hist\u00f3rico. <\/div> <\/div> <\/div> <!-- close group --> <div class=\"gallery-group images-2\" style=\"width: 213px; height: 283px;\" data-original-width=\"213\" data-original-height=\"283\" > <div class=\"tiled-gallery-item tiled-gallery-item-small\" itemprop=\"associatedMedia\" itemscope itemtype=\"http:\/\/schema.org\/ImageObject\"> <a href=\"https:\/\/eltrabajo.cl\/portal\/inauguran-de-manera-oficial-jardin-el-peneca-de-san-felipe\/publico1-12\/\" border=\"0\" itemprop=\"url\"> <meta itemprop=\"width\" content=\"209\"> <meta itemprop=\"height\" content=\"138\"> <img decoding=\"async\" class=\"\" data-attachment-id=\"62264\" data-orig-file=\"https:\/\/eltrabajo.cl\/portal\/wp-content\/uploads\/2015\/09\/Publico1.jpg\" data-orig-size=\"528,350\" data-comments-opened=\"1\" data-image-meta=\"{&quot;aperture&quot;:&quot;0&quot;,&quot;credit&quot;:&quot;&quot;,&quot;camera&quot;:&quot;&quot;,&quot;caption&quot;:&quot;&quot;,&quot;created_timestamp&quot;:&quot;0&quot;,&quot;copyright&quot;:&quot;&quot;,&quot;focal_length&quot;:&quot;0&quot;,&quot;iso&quot;:&quot;0&quot;,&quot;shutter_speed&quot;:&quot;0&quot;,&quot;title&quot;:&quot;&quot;,&quot;orientation&quot;:&quot;0&quot;}\" data-image-title=\"Publico1\" data-image-description=\"&lt;p&gt;MUCHO INTER\u00c9S.- Aunque este jard\u00edn infantil funcion\u00f3 por 38 a\u00f1os en calle San Mart\u00edn, desde ahora estar\u00e1 en villa El Descanso.&lt;\/p&gt; \" data-medium-file=\"https:\/\/i0.wp.com\/eltrabajo.cl\/portal\/wp-content\/uploads\/2015\/09\/Publico1.jpg?fit=300%2C199&#038;ssl=1\" data-large-file=\"https:\/\/i0.wp.com\/eltrabajo.cl\/portal\/wp-content\/uploads\/2015\/09\/Publico1.jpg?fit=528%2C350&#038;ssl=1\" src=\"https:\/\/i0.wp.com\/eltrabajo.cl\/portal\/wp-content\/uploads\/2015\/09\/Publico1.jpg?w=209&#038;h=138&#038;ssl=1\" srcset=\"https:\/\/i0.wp.com\/eltrabajo.cl\/portal\/wp-content\/uploads\/2015\/09\/Publico1.jpg?w=528&amp;ssl=1 528w, https:\/\/i0.wp.com\/eltrabajo.cl\/portal\/wp-content\/uploads\/2015\/09\/Publico1.jpg?resize=200%2C133&amp;ssl=1 200w, https:\/\/i0.wp.com\/eltrabajo.cl\/portal\/wp-content\/uploads\/2015\/09\/Publico1.jpg?resize=300%2C199&amp;ssl=1 300w, https:\/\/i0.wp.com\/eltrabajo.cl\/portal\/wp-content\/uploads\/2015\/09\/Publico1.jpg?resize=226%2C150&amp;ssl=1 226w, https:\/\/i0.wp.com\/eltrabajo.cl\/portal\/wp-content\/uploads\/2015\/09\/Publico1.jpg?resize=400%2C265&amp;ssl=1 400w\" width=\"209\" height=\"138\" loading=\"lazy\" data-original-width=\"209\" data-original-height=\"138\" itemprop=\"http:\/\/schema.org\/image\" title=\"Publico1\" alt=\"MUCHO INTER\u00c9S.- Aunque este jard\u00edn infantil funcion\u00f3 por 38 a\u00f1os en calle San Mart\u00edn, desde ahora estar\u00e1 en villa El Descanso.\" style=\"width: 209px; height: 138px;\" \/> <\/a> <div class=\"tiled-gallery-caption\" itemprop=\"caption description\"> MUCHO INTER\u00c9S.- Aunque este jard\u00edn infantil funcion\u00f3 por 38 a\u00f1os en calle San Mart\u00edn, desde ahora estar\u00e1 en villa El Descanso. <\/div> <\/div> <div class=\"tiled-gallery-item tiled-gallery-item-small\" itemprop=\"associatedMedia\" itemscope itemtype=\"http:\/\/schema.org\/ImageObject\"> <a href=\"https:\/\/eltrabajo.cl\/portal\/inauguran-de-manera-oficial-jardin-el-peneca-de-san-felipe\/desiree-lopez\/\" border=\"0\" itemprop=\"url\"> <meta itemprop=\"width\" content=\"209\"> <meta itemprop=\"height\" content=\"137\"> <img decoding=\"async\" class=\"\" data-attachment-id=\"62262\" data-orig-file=\"https:\/\/eltrabajo.cl\/portal\/wp-content\/uploads\/2015\/09\/Desiree-Lopez.jpg\" data-orig-size=\"530,348\" data-comments-opened=\"1\" data-image-meta=\"{&quot;aperture&quot;:&quot;0&quot;,&quot;credit&quot;:&quot;&quot;,&quot;camera&quot;:&quot;&quot;,&quot;caption&quot;:&quot;&quot;,&quot;created_timestamp&quot;:&quot;0&quot;,&quot;copyright&quot;:&quot;&quot;,&quot;focal_length&quot;:&quot;0&quot;,&quot;iso&quot;:&quot;0&quot;,&quot;shutter_speed&quot;:&quot;0&quot;,&quot;title&quot;:&quot;&quot;,&quot;orientation&quot;:&quot;0&quot;}\" data-image-title=\"Desiree Lopez\" data-image-description=\"&lt;p&gt;Vicepresidente de Junji, Desir\u00e9e L\u00f3pez de Maturana.&lt;\/p&gt; \" data-medium-file=\"https:\/\/i0.wp.com\/eltrabajo.cl\/portal\/wp-content\/uploads\/2015\/09\/Desiree-Lopez.jpg?fit=300%2C197&#038;ssl=1\" data-large-file=\"https:\/\/i0.wp.com\/eltrabajo.cl\/portal\/wp-content\/uploads\/2015\/09\/Desiree-Lopez.jpg?fit=530%2C348&#038;ssl=1\" src=\"https:\/\/i0.wp.com\/eltrabajo.cl\/portal\/wp-content\/uploads\/2015\/09\/Desiree-Lopez.jpg?w=209&#038;h=137&#038;ssl=1\" srcset=\"https:\/\/i0.wp.com\/eltrabajo.cl\/portal\/wp-content\/uploads\/2015\/09\/Desiree-Lopez.jpg?w=530&amp;ssl=1 530w, https:\/\/i0.wp.com\/eltrabajo.cl\/portal\/wp-content\/uploads\/2015\/09\/Desiree-Lopez.jpg?resize=200%2C131&amp;ssl=1 200w, https:\/\/i0.wp.com\/eltrabajo.cl\/portal\/wp-content\/uploads\/2015\/09\/Desiree-Lopez.jpg?resize=300%2C197&amp;ssl=1 300w, https:\/\/i0.wp.com\/eltrabajo.cl\/portal\/wp-content\/uploads\/2015\/09\/Desiree-Lopez.jpg?resize=228%2C150&amp;ssl=1 228w, https:\/\/i0.wp.com\/eltrabajo.cl\/portal\/wp-content\/uploads\/2015\/09\/Desiree-Lopez.jpg?resize=400%2C263&amp;ssl=1 400w\" width=\"209\" height=\"137\" loading=\"lazy\" data-original-width=\"209\" data-original-height=\"137\" itemprop=\"http:\/\/schema.org\/image\" title=\"Desiree Lopez\" alt=\"Vicepresidente de Junji, Desir\u00e9e L\u00f3pez de Maturana.\" style=\"width: 209px; height: 137px;\" \/> <\/a> <div class=\"tiled-gallery-caption\" itemprop=\"caption description\"> Vicepresidente de Junji, Desir\u00e9e L\u00f3pez de Maturana. <\/div> <\/div> <\/div> <!-- close group --> <\/div> <!-- close row --> <\/div>\n","protected":false},"excerpt":{"rendered":"<p>Recinto educativo consider\u00f3 una inversi\u00f3n superior a los $380 millones, aportados por el Fondo Nacional de Desarrollo Regional. M\u00e1s de 135 ni\u00f1os de la comuna de San Felipe ya cuentan con un&#8230;<\/p>\n","protected":false},"author":482,"featured_media":62261,"comment_status":"open","ping_status":"open","sticky":false,"template":"","format":"standard","meta":{"advanced_seo_description":"","jetpack_seo_html_title":"","jetpack_seo_noindex":false,"_jetpack_memberships_contains_paid_content":false,"footnotes":""},"categories":[15],"tags":[],"class_list":["post-62260","post","type-post","status-publish","format-standard","has-post-thumbnail","hentry","category-comunidad"],"jetpack_featured_media_url":"https:\/\/i0.wp.com\/eltrabajo.cl\/portal\/wp-content\/uploads\/2015\/09\/Cinta1.jpg?fit=530%2C349&ssl=1","jetpack_sharing_enabled":true,"jetpack_likes_enabled":true,"jetpack-related-posts":[],"_links":{"self":[{"href":"https:\/\/eltrabajo.cl\/portal\/wp-json\/wp\/v2\/posts\/62260","targetHints":{"allow":["GET"]}}],"collection":[{"href":"https:\/\/eltrabajo.cl\/portal\/wp-json\/wp\/v2\/posts"}],"about":[{"href":"https:\/\/eltrabajo.cl\/portal\/wp-json\/wp\/v2\/types\/post"}],"author":[{"embeddable":true,"href":"https:\/\/eltrabajo.cl\/portal\/wp-json\/wp\/v2\/users\/482"}],"replies":[{"embeddable":true,"href":"https:\/\/eltrabajo.cl\/portal\/wp-json\/wp\/v2\/comments?post=62260"}],"version-history":[{"count":0,"href":"https:\/\/eltrabajo.cl\/portal\/wp-json\/wp\/v2\/posts\/62260\/revisions"}],"wp:featuredmedia":[{"embeddable":true,"href":"https:\/\/eltrabajo.cl\/portal\/wp-json\/wp\/v2\/media\/62261"}],"wp:attachment":[{"href":"https:\/\/eltrabajo.cl\/portal\/wp-json\/wp\/v2\/media?parent=62260"}],"wp:term":[{"taxonomy":"category","embeddable":true,"href":"https:\/\/eltrabajo.cl\/portal\/wp-json\/wp\/v2\/categories?post=62260"},{"taxonomy":"post_tag","embeddable":true,"href":"https:\/\/eltrabajo.cl\/portal\/wp-json\/wp\/v2\/tags?post=62260"}],"curies":[{"name":"wp","href":"https:\/\/api.w.org\/{rel}","templated":true}]}}