{"id":62270,"date":"2015-09-24T09:45:52","date_gmt":"2015-09-24T12:45:52","guid":{"rendered":"http:\/\/www.eltrabajo.cl\/portal\/?p=62270"},"modified":"2015-09-24T09:45:52","modified_gmt":"2015-09-24T12:45:52","slug":"supuesto-minusvalido-sorprendido-en-fonda-asegura-que-si-es-discapacitado","status":"publish","type":"post","link":"https:\/\/eltrabajo.cl\/portal\/supuesto-minusvalido-sorprendido-en-fonda-asegura-que-si-es-discapacitado\/","title":{"rendered":"Supuesto minusv\u00e1lido sorprendido en fonda asegura que s\u00ed es discapacitado"},"content":{"rendered":"<figure id=\"attachment_62271\" aria-describedby=\"caption-attachment-62271\" style=\"width: 300px\" class=\"wp-caption alignleft\"><a href=\"https:\/\/i0.wp.com\/www.eltrabajo.cl\/portal\/wp-content\/uploads\/2015\/09\/leonardo-hidalgo-falso-invalido11.jpg\"><img data-recalc-dims=\"1\" loading=\"lazy\" decoding=\"async\" class=\"wp-image-62271 size-medium\" src=\"https:\/\/i0.wp.com\/www.eltrabajo.cl\/portal\/wp-content\/uploads\/2015\/09\/leonardo-hidalgo-falso-invalido11-300x198.jpg?resize=300%2C198\" alt=\"Leonardo Hidalgo reconoci\u00f3 haber bailado en la fonda un par de bailes, pero con sus muletas,  asegurando que s\u00ed posee una discapacidad.\" width=\"300\" height=\"198\" srcset=\"https:\/\/i0.wp.com\/eltrabajo.cl\/portal\/wp-content\/uploads\/2015\/09\/leonardo-hidalgo-falso-invalido11.jpg?resize=300%2C198&amp;ssl=1 300w, https:\/\/i0.wp.com\/eltrabajo.cl\/portal\/wp-content\/uploads\/2015\/09\/leonardo-hidalgo-falso-invalido11.jpg?resize=200%2C132&amp;ssl=1 200w, https:\/\/i0.wp.com\/eltrabajo.cl\/portal\/wp-content\/uploads\/2015\/09\/leonardo-hidalgo-falso-invalido11.jpg?resize=228%2C150&amp;ssl=1 228w, https:\/\/i0.wp.com\/eltrabajo.cl\/portal\/wp-content\/uploads\/2015\/09\/leonardo-hidalgo-falso-invalido11.jpg?resize=400%2C263&amp;ssl=1 400w, https:\/\/i0.wp.com\/eltrabajo.cl\/portal\/wp-content\/uploads\/2015\/09\/leonardo-hidalgo-falso-invalido11.jpg?w=530&amp;ssl=1 530w\" sizes=\"auto, (max-width: 300px) 100vw, 300px\" \/><\/a><figcaption id=\"caption-attachment-62271\" class=\"wp-caption-text\">Leonardo Hidalgo reconoci\u00f3 haber bailado en la fonda un par de bailes, pero con sus muletas, asegurando que s\u00ed posee una discapacidad.<\/figcaption><\/figure>\n<p><strong>PUTAENDO.-<\/strong> Ejerciendo su derecho a contar su versi\u00f3n, Leonardo Hidalgo, vecino de Sahond\u00e9 y quien fue denunciado por bailar animosamente en una fonda del sector sin sus muletas, a pesar de asegurar que padece un grave c\u00e1ncer a la columna y dificultades de desplazamiento, declar\u00f3 que s\u00ed padece de una discapacidad total y que usaba sus muletas mientras bailaba en la mencionada fonda de fiestas patrias.<br \/>\nEn contacto telef\u00f3nico con nuestro medio, el denunciado sostuvo que efectivamente estuvo en la ramada de Sahond\u00e9 compartiendo con familiares, pero que bail\u00f3 usando sus muletas s\u00f3lo un par de canciones, a pesar que existe evidencia en video que demuestra lo contrario.<br \/>\nHidalgo agreg\u00f3 que tiene una discapacidad f\u00edsica total que le impide trabajar, lo que evidenci\u00f3 con documentos que hizo llegar a nuestro medio, que dan cuenta que padece una lumboci\u00e1tica cr\u00f3nica izquierda, por lo que decret\u00f3 su invalidez definitiva por parte de la Superintendencia de Pensiones de la Comisi\u00f3n M\u00e9dica de Los Andes, firmados por los m\u00e9dicos Gonzalo Guajardo Carraced y Miguel Iglesias.<br \/>\nEl denunciado tambi\u00e9n exhibi\u00f3 la credencial de discapacidad que indica que posee un 40% de discapacidad f\u00edsica y un 30% de discapacidad ps\u00edquica o mental, motivo por el cual afirm\u00f3 que nunca ha enga\u00f1ado a la comunidad, porque s\u00f3lo ofrece n\u00fameros para la rifa y no obliga a nadie a colaborar, a\u00f1adiendo que seguir\u00e1 vendi\u00e9ndolos ya que no puede trabajar producto de los fuertes dolores que a diario sufre en su espalda.<br \/>\nInsistimos en consultarle los motivos por los cuales bailaba sin sus muletas y sin inconvenientes a\u00fan con este cuadro cl\u00ednico que exhibe, a lo que respondi\u00f3 que s\u00f3lo bail\u00f3 un par de veces, siempre afirmado de sus muletas, lo que se contradice notablemente con las im\u00e1genes grabadas y difundidas por denunciantes.<br \/>\n<strong>Patricio Gallardo M.<\/strong><\/p>\n","protected":false},"excerpt":{"rendered":"<p>PUTAENDO.- Ejerciendo su derecho a contar su versi\u00f3n, Leonardo Hidalgo, vecino de Sahond\u00e9 y quien fue denunciado por bailar animosamente en una fonda del sector sin sus muletas, a pesar de asegurar&#8230;<\/p>\n","protected":false},"author":482,"featured_media":62271,"comment_status":"open","ping_status":"open","sticky":false,"template":"","format":"standard","meta":{"advanced_seo_description":"","jetpack_seo_html_title":"","jetpack_seo_noindex":false,"_jetpack_memberships_contains_paid_content":false,"footnotes":""},"categories":[1],"tags":[],"class_list":["post-62270","post","type-post","status-publish","format-standard","has-post-thumbnail","hentry","category-cronica"],"jetpack_featured_media_url":"https:\/\/i0.wp.com\/eltrabajo.cl\/portal\/wp-content\/uploads\/2015\/09\/leonardo-hidalgo-falso-invalido11.jpg?fit=530%2C349&ssl=1","jetpack_sharing_enabled":true,"jetpack_likes_enabled":true,"jetpack-related-posts":[],"_links":{"self":[{"href":"https:\/\/eltrabajo.cl\/portal\/wp-json\/wp\/v2\/posts\/62270","targetHints":{"allow":["GET"]}}],"collection":[{"href":"https:\/\/eltrabajo.cl\/portal\/wp-json\/wp\/v2\/posts"}],"about":[{"href":"https:\/\/eltrabajo.cl\/portal\/wp-json\/wp\/v2\/types\/post"}],"author":[{"embeddable":true,"href":"https:\/\/eltrabajo.cl\/portal\/wp-json\/wp\/v2\/users\/482"}],"replies":[{"embeddable":true,"href":"https:\/\/eltrabajo.cl\/portal\/wp-json\/wp\/v2\/comments?post=62270"}],"version-history":[{"count":0,"href":"https:\/\/eltrabajo.cl\/portal\/wp-json\/wp\/v2\/posts\/62270\/revisions"}],"wp:featuredmedia":[{"embeddable":true,"href":"https:\/\/eltrabajo.cl\/portal\/wp-json\/wp\/v2\/media\/62271"}],"wp:attachment":[{"href":"https:\/\/eltrabajo.cl\/portal\/wp-json\/wp\/v2\/media?parent=62270"}],"wp:term":[{"taxonomy":"category","embeddable":true,"href":"https:\/\/eltrabajo.cl\/portal\/wp-json\/wp\/v2\/categories?post=62270"},{"taxonomy":"post_tag","embeddable":true,"href":"https:\/\/eltrabajo.cl\/portal\/wp-json\/wp\/v2\/tags?post=62270"}],"curies":[{"name":"wp","href":"https:\/\/api.w.org\/{rel}","templated":true}]}}