{"id":62273,"date":"2015-09-24T09:52:09","date_gmt":"2015-09-24T12:52:09","guid":{"rendered":"http:\/\/www.eltrabajo.cl\/portal\/?p=62273"},"modified":"2015-09-24T09:52:09","modified_gmt":"2015-09-24T12:52:09","slug":"envian-a-la-carcel-a-presunto-homicida-que-fingia-enajenacion-mental","status":"publish","type":"post","link":"https:\/\/eltrabajo.cl\/portal\/envian-a-la-carcel-a-presunto-homicida-que-fingia-enajenacion-mental\/","title":{"rendered":"Env\u00edan a la c\u00e1rcel a presunto homicida que fing\u00eda enajenaci\u00f3n mental"},"content":{"rendered":"<figure id=\"attachment_62274\" aria-describedby=\"caption-attachment-62274\" style=\"width: 300px\" class=\"wp-caption alignleft\"><a href=\"https:\/\/i0.wp.com\/www.eltrabajo.cl\/portal\/wp-content\/uploads\/2015\/09\/Ricardo-Gallardo.jpg\"><img data-recalc-dims=\"1\" loading=\"lazy\" decoding=\"async\" class=\"wp-image-62274 size-medium\" src=\"https:\/\/i0.wp.com\/www.eltrabajo.cl\/portal\/wp-content\/uploads\/2015\/09\/Ricardo-Gallardo-300x198.jpg?resize=300%2C198\" alt=\"El imputado luego de fingir demencia en el Hospital Psiqui\u00e1trico de Putaendo fue conducido hasta el Centro de Cumplimiento Penitenciario de San Felipe para cumplir la cautelar de prisi\u00f3n preventiva.\" width=\"300\" height=\"198\" srcset=\"https:\/\/i0.wp.com\/eltrabajo.cl\/portal\/wp-content\/uploads\/2015\/09\/Ricardo-Gallardo.jpg?resize=300%2C198&amp;ssl=1 300w, https:\/\/i0.wp.com\/eltrabajo.cl\/portal\/wp-content\/uploads\/2015\/09\/Ricardo-Gallardo.jpg?resize=200%2C132&amp;ssl=1 200w, https:\/\/i0.wp.com\/eltrabajo.cl\/portal\/wp-content\/uploads\/2015\/09\/Ricardo-Gallardo.jpg?resize=227%2C150&amp;ssl=1 227w, https:\/\/i0.wp.com\/eltrabajo.cl\/portal\/wp-content\/uploads\/2015\/09\/Ricardo-Gallardo.jpg?resize=400%2C264&amp;ssl=1 400w, https:\/\/i0.wp.com\/eltrabajo.cl\/portal\/wp-content\/uploads\/2015\/09\/Ricardo-Gallardo.jpg?w=530&amp;ssl=1 530w\" sizes=\"auto, (max-width: 300px) 100vw, 300px\" \/><\/a><figcaption id=\"caption-attachment-62274\" class=\"wp-caption-text\">El imputado luego de fingir demencia en el Hospital Psiqui\u00e1trico de Putaendo fue conducido hasta el Centro de Cumplimiento Penitenciario de San Felipe para cumplir la cautelar de prisi\u00f3n preventiva.<\/figcaption><\/figure>\n<ul>\n<li><strong>Pericias psiqui\u00e1tricas de la Defensa confirmaban que el imputado Ricardo Trist\u00e1n Gallardo Fuentes, padec\u00eda enajenaci\u00f3n mental permaneciendo recluido en el Hospital Psiqui\u00e1trico de Putaendo. Sin embargo, la Fiscal\u00eda destron\u00f3 esa hip\u00f3tesis con nuevos diagn\u00f3sticos m\u00e9dicos que lo sindican absolutamente imputable del femicidio, debiendo permanecer preventivamente en la c\u00e1rcel de San Felipe a la espera de juicio.<\/strong><\/li>\n<\/ul>\n<p>Hasta la semana reci\u00e9n pasada, Ricardo Trist\u00e1n Gallardo Fuentes, de 52 a\u00f1os de edad, se encontraba recluido en el Hospital Psiqui\u00e1trico de Putaendo, debido a un informe pericial particular presentado por su abogado defensor, el que se\u00f1alaba que padec\u00eda una supuesta enajenaci\u00f3n mental que le permiti\u00f3 no ir a prisi\u00f3n tras ser formalizado por el femicidio de su expareja Rosa Galdames Montenegro, a quien apu\u00f1al\u00f3, falleciendo en el mes de febrero de 2014 en la comuna de Llay Llay.<\/p>\n<figure id=\"attachment_62275\" aria-describedby=\"caption-attachment-62275\" style=\"width: 300px\" class=\"wp-caption alignright\"><a href=\"https:\/\/i0.wp.com\/www.eltrabajo.cl\/portal\/wp-content\/uploads\/2015\/09\/rosa-galdamez1.jpg\"><img data-recalc-dims=\"1\" loading=\"lazy\" decoding=\"async\" class=\"wp-image-62275 size-medium\" src=\"https:\/\/i0.wp.com\/www.eltrabajo.cl\/portal\/wp-content\/uploads\/2015\/09\/rosa-galdamez1-300x198.jpg?resize=300%2C198\" alt=\"Rosa Galdames Montenegro ten\u00eda 53 a\u00f1os al momento de ser asesinada de tres estocadas en su espalda por aparentes celos el 25 de febrero de 2014.\" width=\"300\" height=\"198\" srcset=\"https:\/\/i0.wp.com\/eltrabajo.cl\/portal\/wp-content\/uploads\/2015\/09\/rosa-galdamez1.jpg?resize=300%2C198&amp;ssl=1 300w, https:\/\/i0.wp.com\/eltrabajo.cl\/portal\/wp-content\/uploads\/2015\/09\/rosa-galdamez1.jpg?resize=200%2C132&amp;ssl=1 200w, https:\/\/i0.wp.com\/eltrabajo.cl\/portal\/wp-content\/uploads\/2015\/09\/rosa-galdamez1.jpg?resize=227%2C150&amp;ssl=1 227w, https:\/\/i0.wp.com\/eltrabajo.cl\/portal\/wp-content\/uploads\/2015\/09\/rosa-galdamez1.jpg?resize=400%2C264&amp;ssl=1 400w, https:\/\/i0.wp.com\/eltrabajo.cl\/portal\/wp-content\/uploads\/2015\/09\/rosa-galdamez1.jpg?w=530&amp;ssl=1 530w\" sizes=\"auto, (max-width: 300px) 100vw, 300px\" \/><\/a><figcaption id=\"caption-attachment-62275\" class=\"wp-caption-text\">Rosa Galdames Montenegro ten\u00eda 53 a\u00f1os al momento de ser asesinada de tres estocadas en su espalda por aparentes celos el 25 de febrero de 2014.<\/figcaption><\/figure>\n<p>Sin embargo, el proceso investigativo que se encontraba suspendido, se reanud\u00f3 luego que la Fiscal\u00eda entregara al Tribunal nuevas pericias psiqui\u00e1tricas y psicol\u00f3gicas de profesionales del Servicio M\u00e9dico Legal, que determinaron que Gallardo Fuentes es absolutamente imputable de los cargos por el homicidio de su expareja, quien fue apu\u00f1alada al menos tres veces en la espalda con un cuchillo cocinero, tras una discusi\u00f3n entre ambos, aparentemente motivada por los celos.<br \/>\nEsto signific\u00f3 que la nueva resoluci\u00f3n judicial orden\u00f3 que el acusado debiese abandonar dicho centro hospitalario de salud mental, para ser conducido hasta el Centro de Cumplimiento Penitenciario de San Felipe, debiendo cumplir de manera efectiva la cautelar impuesta de prisi\u00f3n preventiva hasta que ejecute un juicio oral en su contra.<br \/>\nAs\u00ed lo confirm\u00f3 el Fiscal Jefe del Ministerio P\u00fablico de San Felipe, Eduardo Fajardo De La Cuba a Diario El Trabajo, sosteniendo que dentro de las pr\u00f3ximas semanas se presentar\u00e1 formalmente la acusaci\u00f3n de femicidio para dar curso a una audiencia de preparaci\u00f3n de juicio oral.<br \/>\n\u201cSe reanud\u00f3 la investigaci\u00f3n debido a que se encontraba suspendida por una supuesta enajenaci\u00f3n mental que fue desmentida tras pericias psiqui\u00e1tricas que confirman que el sujeto es absolutamente imputable. Se reabre la investigaci\u00f3n y el imputado, de haber estado internado en el Hospital Psiqui\u00e1trico de Putaendo, vuelve a la medida cautelar de prisi\u00f3n preventiva. La investigaci\u00f3n est\u00e1 bastante avanzada, por lo que se estar\u00e1 presentando la acusaci\u00f3n durante las pr\u00f3ximas semanas\u201d, puntualiz\u00f3 el persecutor.<br \/>\nFajardo explic\u00f3 que al reanudar la investigaci\u00f3n, se practicaron dos informes periciales, uno emitido por el Servicio M\u00e9dico Legal de Valpara\u00edso que estableci\u00f3 que Gallardo Fuentes es una persona normal e imputable: \u201cLa Defensa presenta un informa particular que establec\u00eda lo contrario, que es una persona inimputable. Por objetividad se efect\u00faa un tercer informe al Servicio M\u00e9dico Legal en Santiago, que establece que es una persona simuladora, imputable y conoce las consecuencias de sus actos. Con esto se requiere la apertura del procedimiento, el imputado vuelve al Centro de Cumplimento Penitenciario de San Felipe, ya en calidad de imputado en este caso. Las diligencias pr\u00e1cticamente est\u00e1n realizadas, estamos pronto a presentar la acusaci\u00f3n y luego audiencia de preparaci\u00f3n de juicio y posteriormente una fecha de juicio oral\u201d, cerr\u00f3 el Jefe de la Fiscal\u00eda de San Felipe.<\/p>\n<p><strong>FEMICIDIO HABR\u00cdA SIDO POR CELOS<\/strong><br \/>\nComo se recordar\u00e1 el crimen qued\u00f3 al descubierto el 25 de febrero de 2014, a eso de las 19:30 horas, cuando el imputado Ricardo Gallardo Fuentes se entreg\u00f3 voluntariamente en la Tenencia de Carabineros en la comuna de Catemu, confesando haber apu\u00f1alado al menos tres veces en su espalda con un cuchillo cocinero a su expareja Rosa del Tr\u00e1nsito Galdames Montenegro, de 53 a\u00f1os, hecho que le cost\u00f3 la vida, cuando ambos discut\u00edan por aparentes celos en su domicilio de villa El Salitre de Llay Llay.<br \/>\nAl lugar se constituy\u00f3 por instrucci\u00f3n de la Fiscal\u00eda, personal de la Brigada de Homicidios de la Polic\u00eda de Investigaciones de Los Andes, confirmando el hallazgo del cuerpo sin vida de la mujer en un dormitorio del segundo piso de la vivienda, con heridas corto punzantes generadas con un cuchillo de unos 30 cent\u00edmetros. Asimismo el cuerpo se encontraba tapado con unos cobertores que habr\u00eda utilizado el imputado para ocultar el asesinato.<br \/>\n<strong>Pablo Salinas Sald\u00edas<\/strong><\/p>\n","protected":false},"excerpt":{"rendered":"<p>Pericias psiqui\u00e1tricas de la Defensa confirmaban que el imputado Ricardo Trist\u00e1n Gallardo Fuentes, padec\u00eda enajenaci\u00f3n mental permaneciendo recluido en el Hospital Psiqui\u00e1trico de Putaendo. Sin embargo, la Fiscal\u00eda destron\u00f3 esa hip\u00f3tesis con&#8230;<\/p>\n","protected":false},"author":482,"featured_media":62274,"comment_status":"open","ping_status":"open","sticky":false,"template":"","format":"standard","meta":{"advanced_seo_description":"","jetpack_seo_html_title":"","jetpack_seo_noindex":false,"_jetpack_memberships_contains_paid_content":false,"footnotes":""},"categories":[21],"tags":[],"class_list":["post-62273","post","type-post","status-publish","format-standard","has-post-thumbnail","hentry","category-policial"],"jetpack_featured_media_url":"https:\/\/i0.wp.com\/eltrabajo.cl\/portal\/wp-content\/uploads\/2015\/09\/Ricardo-Gallardo.jpg?fit=530%2C350&ssl=1","jetpack_sharing_enabled":true,"jetpack_likes_enabled":true,"jetpack-related-posts":[],"_links":{"self":[{"href":"https:\/\/eltrabajo.cl\/portal\/wp-json\/wp\/v2\/posts\/62273","targetHints":{"allow":["GET"]}}],"collection":[{"href":"https:\/\/eltrabajo.cl\/portal\/wp-json\/wp\/v2\/posts"}],"about":[{"href":"https:\/\/eltrabajo.cl\/portal\/wp-json\/wp\/v2\/types\/post"}],"author":[{"embeddable":true,"href":"https:\/\/eltrabajo.cl\/portal\/wp-json\/wp\/v2\/users\/482"}],"replies":[{"embeddable":true,"href":"https:\/\/eltrabajo.cl\/portal\/wp-json\/wp\/v2\/comments?post=62273"}],"version-history":[{"count":0,"href":"https:\/\/eltrabajo.cl\/portal\/wp-json\/wp\/v2\/posts\/62273\/revisions"}],"wp:featuredmedia":[{"embeddable":true,"href":"https:\/\/eltrabajo.cl\/portal\/wp-json\/wp\/v2\/media\/62274"}],"wp:attachment":[{"href":"https:\/\/eltrabajo.cl\/portal\/wp-json\/wp\/v2\/media?parent=62273"}],"wp:term":[{"taxonomy":"category","embeddable":true,"href":"https:\/\/eltrabajo.cl\/portal\/wp-json\/wp\/v2\/categories?post=62273"},{"taxonomy":"post_tag","embeddable":true,"href":"https:\/\/eltrabajo.cl\/portal\/wp-json\/wp\/v2\/tags?post=62273"}],"curies":[{"name":"wp","href":"https:\/\/api.w.org\/{rel}","templated":true}]}}