{"id":62280,"date":"2015-09-25T09:37:58","date_gmt":"2015-09-25T12:37:58","guid":{"rendered":"http:\/\/www.eltrabajo.cl\/portal\/?p=62280"},"modified":"2015-09-25T09:37:58","modified_gmt":"2015-09-25T12:37:58","slug":"culminan-ciclo-de-foros-gratuitos-agua-y-glaciares","status":"publish","type":"post","link":"https:\/\/eltrabajo.cl\/portal\/culminan-ciclo-de-foros-gratuitos-agua-y-glaciares\/","title":{"rendered":"Culminan ciclo de foros gratuitos \u2018Agua y Glaciares\u2019"},"content":{"rendered":"<figure id=\"attachment_62281\" aria-describedby=\"caption-attachment-62281\" style=\"width: 300px\" class=\"wp-caption alignleft\"><a href=\"https:\/\/i0.wp.com\/www.eltrabajo.cl\/portal\/wp-content\/uploads\/2015\/09\/Foro-cuidado-del-agua.jpg\"><img data-recalc-dims=\"1\" loading=\"lazy\" decoding=\"async\" class=\"wp-image-62281 size-medium\" src=\"https:\/\/i0.wp.com\/www.eltrabajo.cl\/portal\/wp-content\/uploads\/2015\/09\/Foro-cuidado-del-agua-300x198.jpg?resize=300%2C198\" alt=\"La Agrupaci\u00f3n Ecologista de Aconcagua (AGE.) invit\u00f3 a toda la comunidad a participar del 4\u00ba foro Agua, Glaciares y Agricultura que se realizar\u00e1 en el auditorio de la Biblioteca P\u00fablica de Los Andes.\" width=\"300\" height=\"198\" srcset=\"https:\/\/i0.wp.com\/eltrabajo.cl\/portal\/wp-content\/uploads\/2015\/09\/Foro-cuidado-del-agua.jpg?resize=300%2C198&amp;ssl=1 300w, https:\/\/i0.wp.com\/eltrabajo.cl\/portal\/wp-content\/uploads\/2015\/09\/Foro-cuidado-del-agua.jpg?resize=200%2C132&amp;ssl=1 200w, https:\/\/i0.wp.com\/eltrabajo.cl\/portal\/wp-content\/uploads\/2015\/09\/Foro-cuidado-del-agua.jpg?resize=228%2C150&amp;ssl=1 228w, https:\/\/i0.wp.com\/eltrabajo.cl\/portal\/wp-content\/uploads\/2015\/09\/Foro-cuidado-del-agua.jpg?resize=400%2C263&amp;ssl=1 400w, https:\/\/i0.wp.com\/eltrabajo.cl\/portal\/wp-content\/uploads\/2015\/09\/Foro-cuidado-del-agua.jpg?w=530&amp;ssl=1 530w\" sizes=\"auto, (max-width: 300px) 100vw, 300px\" \/><\/a><figcaption id=\"caption-attachment-62281\" class=\"wp-caption-text\">La Agrupaci\u00f3n Ecologista de Aconcagua (AGE.) invit\u00f3 a toda la comunidad a participar del 4\u00ba foro Agua, Glaciares y Agricultura que se realizar\u00e1 en el auditorio de la Biblioteca P\u00fablica de Los Andes.<\/figcaption><\/figure>\n<ul>\n<li><strong>Participar\u00e1n dos exponentes de gran nivel en la defensa del agua dulce y la vida.<\/strong><\/li>\n<\/ul>\n<p><strong>LOS ANDES.<\/strong>&#8211; El pr\u00f3ximo s\u00e1bado 26 de septiembre la Agrupaci\u00f3n Ecologista de Aconcagua (AGE.) est\u00e1 invitando a toda la comunidad a participar del 4\u00ba foro Agua, Glaciares y Agricultura que se realizar\u00e1 en el auditorio de la Biblioteca P\u00fablica de Los Andes.<br \/>\nEn el encuentro, que se extender\u00e1 desde las 17:00 hasta las 20:30 horas, participar\u00e1n dos exponentes de gran nivel, en la defensa del agua dulce y la vida.<br \/>\nEl primero es Rodrigo Fa\u00fandez, Vocero Movimiento Social por la Recuperaci\u00f3n del Agua y la Vida, (movimiento que articula organizaciones socioambientales que trabajan en defensa del agua, en distintos puntos de nuestro territorio).<br \/>\nCoordinador Modatima Metropolitano, en este espacio ha llevado a cabo Talleres y Escuelas por la Recuperaci\u00f3n del Agua en la Regi\u00f3n Metropolitana, coordinando la intervenci\u00f3n de la organizaci\u00f3n en m\u00e1s de diez poblaciones de Santiago. Encargado del Frente Universitario Modatima, le corresponde asumir la instalaci\u00f3n de la lucha por el agua del reci\u00e9n creado en el Movimiento Estudiantil. Durante todo este per\u00edodo, levanta una agenda de trabajo con m\u00faltiples Centros de Estudiantes y Federaciones de las Universidades de la Regi\u00f3n de Valpara\u00edso.<br \/>\nEl segundo en exponer ser\u00e1 Juan Pablo Orrego, Presidente de Ecosistemas. Mag\u00edster en Estudios del Medio Ambiente con menci\u00f3n en ecolog\u00eda y antropolog\u00eda, profesor, investigador y m\u00fasico, galardonado con el Premio Ambiental Goldman (\u201897) y el Right Livelihood Award (\u201898) por su desempe\u00f1o como fundador y coordinador del Grupo de Acci\u00f3n por el Biob\u00edo, que desarroll\u00f3 la campa\u00f1a de defensa del r\u00edo y de las comunidades Pehuenche ante la construcci\u00f3n de grandes centrales hidroel\u00e9ctricas.<br \/>\nDesde el a\u00f1o 2006 concentra sus esfuerzos en la Campa\u00f1a Patagonia Sin Represas, de defensa de la zona Austral de Chile, siendo vocero y coordinador internacional de PSR. Desde julio de 2014 es elegido Director de International Rivers. Su incorporaci\u00f3n es parte del proceso de regionalizaci\u00f3n de IR, organizaci\u00f3n norteamericana con sede en San Francisco, California.<br \/>\nLa vocera de la Agrupaci\u00f3n Ecologista Aconcagua, Sylvia Ch\u00e1vez, remarc\u00f3 que es muy importante la participaci\u00f3n en este foro de los feriantes, agricultores y trabajadores del agro, el turismo, juntas de vecinos, estudiantes y organizaciones sociales en general, \u201cya que en este foro se desprender\u00e1n conocimientos que tal vez puedan ser necesarios para enfrentar la defensa del agua dulce para la vida, agua que por cierto hoy por hoy a\u00fan sale por las llaves de la mayor\u00eda de los hogares, pero sin embargo que en nuestras comunidades hay hogares que no tiene acceso al agua dulce sanitizada y se les ha hecho costumbre abastecer su consumo humano de camiones aljibes que les abastecen de agua tra\u00edda de otros lados\u201d.<br \/>\nPor otra parte, dijo que \u201ccomo comunidad sabemos c\u00f3mo ha afectado el costo de los cultivos y la agricultura en periodos prolongados de escasez h\u00eddrica (Escasez h\u00eddrica no es sin\u00f3nimo de sequ\u00eda)\u201d.<br \/>\nEste ciclo de foro se ha desarrollado de forma autogestionada y gratuita para la comunidad que ha llegado de distintos puntos del valle de Aconcagua.<\/p>\n","protected":false},"excerpt":{"rendered":"<p>Participar\u00e1n dos exponentes de gran nivel en la defensa del agua dulce y la vida. LOS ANDES.&#8211; El pr\u00f3ximo s\u00e1bado 26 de septiembre la Agrupaci\u00f3n Ecologista de Aconcagua (AGE.) est\u00e1 invitando a&#8230;<\/p>\n","protected":false},"author":482,"featured_media":62281,"comment_status":"open","ping_status":"open","sticky":false,"template":"","format":"standard","meta":{"advanced_seo_description":"","jetpack_seo_html_title":"","jetpack_seo_noindex":false,"_jetpack_memberships_contains_paid_content":false,"footnotes":""},"categories":[15],"tags":[],"class_list":["post-62280","post","type-post","status-publish","format-standard","has-post-thumbnail","hentry","category-comunidad"],"jetpack_featured_media_url":"https:\/\/i0.wp.com\/eltrabajo.cl\/portal\/wp-content\/uploads\/2015\/09\/Foro-cuidado-del-agua.jpg?fit=530%2C349&ssl=1","jetpack_sharing_enabled":true,"jetpack_likes_enabled":true,"jetpack-related-posts":[],"_links":{"self":[{"href":"https:\/\/eltrabajo.cl\/portal\/wp-json\/wp\/v2\/posts\/62280","targetHints":{"allow":["GET"]}}],"collection":[{"href":"https:\/\/eltrabajo.cl\/portal\/wp-json\/wp\/v2\/posts"}],"about":[{"href":"https:\/\/eltrabajo.cl\/portal\/wp-json\/wp\/v2\/types\/post"}],"author":[{"embeddable":true,"href":"https:\/\/eltrabajo.cl\/portal\/wp-json\/wp\/v2\/users\/482"}],"replies":[{"embeddable":true,"href":"https:\/\/eltrabajo.cl\/portal\/wp-json\/wp\/v2\/comments?post=62280"}],"version-history":[{"count":0,"href":"https:\/\/eltrabajo.cl\/portal\/wp-json\/wp\/v2\/posts\/62280\/revisions"}],"wp:featuredmedia":[{"embeddable":true,"href":"https:\/\/eltrabajo.cl\/portal\/wp-json\/wp\/v2\/media\/62281"}],"wp:attachment":[{"href":"https:\/\/eltrabajo.cl\/portal\/wp-json\/wp\/v2\/media?parent=62280"}],"wp:term":[{"taxonomy":"category","embeddable":true,"href":"https:\/\/eltrabajo.cl\/portal\/wp-json\/wp\/v2\/categories?post=62280"},{"taxonomy":"post_tag","embeddable":true,"href":"https:\/\/eltrabajo.cl\/portal\/wp-json\/wp\/v2\/tags?post=62280"}],"curies":[{"name":"wp","href":"https:\/\/api.w.org\/{rel}","templated":true}]}}