{"id":62283,"date":"2015-09-25T09:39:48","date_gmt":"2015-09-25T12:39:48","guid":{"rendered":"http:\/\/www.eltrabajo.cl\/portal\/?p=62283"},"modified":"2015-09-25T09:39:48","modified_gmt":"2015-09-25T12:39:48","slug":"entregan-fondos-a-junta-de-vecinos-de-villa-mirasol-para-promover-vida-saludable","status":"publish","type":"post","link":"https:\/\/eltrabajo.cl\/portal\/entregan-fondos-a-junta-de-vecinos-de-villa-mirasol-para-promover-vida-saludable\/","title":{"rendered":"Entregan fondos a junta de vecinos de Villa Mirasol para promover vida saludable"},"content":{"rendered":"<figure id=\"attachment_62284\" aria-describedby=\"caption-attachment-62284\" style=\"width: 300px\" class=\"wp-caption alignleft\"><a href=\"https:\/\/i0.wp.com\/www.eltrabajo.cl\/portal\/wp-content\/uploads\/2015\/09\/Junta-de-vecinos-en-Villa-Mirasol.jpg\"><img data-recalc-dims=\"1\" loading=\"lazy\" decoding=\"async\" class=\"wp-image-62284 size-medium\" src=\"https:\/\/i0.wp.com\/www.eltrabajo.cl\/portal\/wp-content\/uploads\/2015\/09\/Junta-de-vecinos-en-Villa-Mirasol-300x198.jpg?resize=300%2C198\" alt=\"La junta de vecinos Villa Mirasol se adjudic\u00f3 fondos del FFOIP 2015 por un monto de $2 millones.\" width=\"300\" height=\"198\" srcset=\"https:\/\/i0.wp.com\/eltrabajo.cl\/portal\/wp-content\/uploads\/2015\/09\/Junta-de-vecinos-en-Villa-Mirasol.jpg?resize=300%2C198&amp;ssl=1 300w, https:\/\/i0.wp.com\/eltrabajo.cl\/portal\/wp-content\/uploads\/2015\/09\/Junta-de-vecinos-en-Villa-Mirasol.jpg?resize=200%2C132&amp;ssl=1 200w, https:\/\/i0.wp.com\/eltrabajo.cl\/portal\/wp-content\/uploads\/2015\/09\/Junta-de-vecinos-en-Villa-Mirasol.jpg?resize=228%2C150&amp;ssl=1 228w, https:\/\/i0.wp.com\/eltrabajo.cl\/portal\/wp-content\/uploads\/2015\/09\/Junta-de-vecinos-en-Villa-Mirasol.jpg?resize=400%2C263&amp;ssl=1 400w, https:\/\/i0.wp.com\/eltrabajo.cl\/portal\/wp-content\/uploads\/2015\/09\/Junta-de-vecinos-en-Villa-Mirasol.jpg?w=530&amp;ssl=1 530w\" sizes=\"auto, (max-width: 300px) 100vw, 300px\" \/><\/a><figcaption id=\"caption-attachment-62284\" class=\"wp-caption-text\">La junta de vecinos Villa Mirasol se adjudic\u00f3 fondos del FFOIP 2015 por un monto de $2 millones.<\/figcaption><\/figure>\n<p><strong>SANTA MAR\u00cdA<\/strong>.- Con la presencia de la seremi de Gobierno, Katherine Araya, el gobernador Eduardo Le\u00f3n, el alcalde Claudio Zurita, el consejero Regional Mario Sottolichio y concejales se realiz\u00f3 la entrega de recursos a la organizaci\u00f3n de Santa Mar\u00eda, junta de vecinos Villa Mirasol, que se adjudic\u00f3 el Fondo de Fortalecimiento de las Organizaciones de Inter\u00e9s P\u00fablico, FFOIP 2015 por un monto de $2 millones.<br \/>\nEl proyecto est\u00e1 orientado hacia la capacitaci\u00f3n y promoci\u00f3n de una vida saludable, tanto en el \u00e1mbito de la alimentaci\u00f3n como tambi\u00e9n de generar conciencia sobre los riesgos asociados a la obesidad.<br \/>\nEn la ocasi\u00f3n, el gobernador Eduardo Le\u00f3n, se\u00f1al\u00f3 que \u201cesta es una junta de vecinos bastante activa. Ellos presentaron el proyecto para capacitarse en vida saludable, por lo que los felicito por esta iniciativa de buena calidad\u201d, apunt\u00f3 la autoridad provincial.<br \/>\nEl Alcalde de Santa Mar\u00eda, Claudio Zurita, se mostr\u00f3 muy contento con tener en santa mar\u00eda el proyecto adjudicado. \u201cFelicito a la Junta de Vecinos por haber formulado este interesante proyecto y espero que se haga como corresponda, que es bastante educativo para la comunidad. As\u00ed que agradezco a las autoridades la entrega de estos fondos\u201d.<br \/>\nPor su parte, Mauricio Galdames, Presidente de la Villa Mirasol, se\u00f1al\u00f3 que es la primera vez que postulan a estos fondos. \u201cEstamos contentos de haber ganado este importante aporte. Sabemos que es necesario ense\u00f1arles a los vecinos sobre la vida saludable y vamos a capacitarlos para ello. Adem\u00e1s, estamos muy felices por los proyectos que se est\u00e1n ejecutando\u201d. Finaliz\u00f3.<\/p>\n<p><strong>APORTES A NIVEL REGIONAL<\/strong><br \/>\nEn la actividad de hoy, se entregaron $11.669.980.- a siete organizaciones de la provincia de Los Andes y $2.000.000 a una organizaci\u00f3n de la Provincia de San Felipe, cuyos dirigentes y l\u00edderes sociales recibieron de manos de las autoridades el respectivo cheque para la ejecuci\u00f3n de sus iniciativas.<br \/>\nEl objetivo del FFOIP, que nace a partir de la Ley N\u00b020.500 sobre Asociaciones y Participaci\u00f3n Ciudadana en la Gesti\u00f3n P\u00fablica, es financiar iniciativas de car\u00e1cter local, regional y nacional cuya finalidad sea la promoci\u00f3n del inter\u00e9s general en materia de derechos ciudadanos, asistencia social, educaci\u00f3n, salud, medio ambiente o cualquiera otra de bien com\u00fan.<\/p>\n","protected":false},"excerpt":{"rendered":"<p>SANTA MAR\u00cdA.- Con la presencia de la seremi de Gobierno, Katherine Araya, el gobernador Eduardo Le\u00f3n, el alcalde Claudio Zurita, el consejero Regional Mario Sottolichio y concejales se realiz\u00f3 la entrega de&#8230;<\/p>\n","protected":false},"author":482,"featured_media":62284,"comment_status":"open","ping_status":"open","sticky":false,"template":"","format":"standard","meta":{"advanced_seo_description":"","jetpack_seo_html_title":"","jetpack_seo_noindex":false,"_jetpack_memberships_contains_paid_content":false,"footnotes":""},"categories":[15],"tags":[],"class_list":["post-62283","post","type-post","status-publish","format-standard","has-post-thumbnail","hentry","category-comunidad"],"jetpack_featured_media_url":"https:\/\/i0.wp.com\/eltrabajo.cl\/portal\/wp-content\/uploads\/2015\/09\/Junta-de-vecinos-en-Villa-Mirasol.jpg?fit=530%2C349&ssl=1","jetpack_sharing_enabled":true,"jetpack_likes_enabled":true,"jetpack-related-posts":[],"_links":{"self":[{"href":"https:\/\/eltrabajo.cl\/portal\/wp-json\/wp\/v2\/posts\/62283","targetHints":{"allow":["GET"]}}],"collection":[{"href":"https:\/\/eltrabajo.cl\/portal\/wp-json\/wp\/v2\/posts"}],"about":[{"href":"https:\/\/eltrabajo.cl\/portal\/wp-json\/wp\/v2\/types\/post"}],"author":[{"embeddable":true,"href":"https:\/\/eltrabajo.cl\/portal\/wp-json\/wp\/v2\/users\/482"}],"replies":[{"embeddable":true,"href":"https:\/\/eltrabajo.cl\/portal\/wp-json\/wp\/v2\/comments?post=62283"}],"version-history":[{"count":0,"href":"https:\/\/eltrabajo.cl\/portal\/wp-json\/wp\/v2\/posts\/62283\/revisions"}],"wp:featuredmedia":[{"embeddable":true,"href":"https:\/\/eltrabajo.cl\/portal\/wp-json\/wp\/v2\/media\/62284"}],"wp:attachment":[{"href":"https:\/\/eltrabajo.cl\/portal\/wp-json\/wp\/v2\/media?parent=62283"}],"wp:term":[{"taxonomy":"category","embeddable":true,"href":"https:\/\/eltrabajo.cl\/portal\/wp-json\/wp\/v2\/categories?post=62283"},{"taxonomy":"post_tag","embeddable":true,"href":"https:\/\/eltrabajo.cl\/portal\/wp-json\/wp\/v2\/tags?post=62283"}],"curies":[{"name":"wp","href":"https:\/\/api.w.org\/{rel}","templated":true}]}}