{"id":62292,"date":"2015-09-25T09:46:16","date_gmt":"2015-09-25T12:46:16","guid":{"rendered":"http:\/\/www.eltrabajo.cl\/portal\/?p=62292"},"modified":"2015-09-25T09:46:16","modified_gmt":"2015-09-25T12:46:16","slug":"cruz-roja-y-carnes-kar-inician-campana-para-afectados-por-terremoto","status":"publish","type":"post","link":"https:\/\/eltrabajo.cl\/portal\/cruz-roja-y-carnes-kar-inician-campana-para-afectados-por-terremoto\/","title":{"rendered":"Cruz Roja y Carnes KAR inician campa\u00f1a para afectados por terremoto"},"content":{"rendered":"<figure id=\"attachment_62293\" aria-describedby=\"caption-attachment-62293\" style=\"width: 300px\" class=\"wp-caption alignleft\"><a href=\"https:\/\/i0.wp.com\/www.eltrabajo.cl\/portal\/wp-content\/uploads\/2015\/09\/Cruz1.jpg\"><img data-recalc-dims=\"1\" loading=\"lazy\" decoding=\"async\" class=\"wp-image-62293 size-medium\" src=\"https:\/\/i0.wp.com\/www.eltrabajo.cl\/portal\/wp-content\/uploads\/2015\/09\/Cruz1-300x198.jpg?resize=300%2C198\" alt=\"ROPA NO.- La campa\u00f1a apenas empieza y los sanfelipe\u00f1os son llamados a colaborar con pa\u00f1ales, frazadas y hasta alg\u00fan dinerito para los afectados del terremoto.\" width=\"300\" height=\"198\" srcset=\"https:\/\/i0.wp.com\/eltrabajo.cl\/portal\/wp-content\/uploads\/2015\/09\/Cruz1.jpg?resize=300%2C198&amp;ssl=1 300w, https:\/\/i0.wp.com\/eltrabajo.cl\/portal\/wp-content\/uploads\/2015\/09\/Cruz1.jpg?resize=200%2C132&amp;ssl=1 200w, https:\/\/i0.wp.com\/eltrabajo.cl\/portal\/wp-content\/uploads\/2015\/09\/Cruz1.jpg?resize=227%2C150&amp;ssl=1 227w, https:\/\/i0.wp.com\/eltrabajo.cl\/portal\/wp-content\/uploads\/2015\/09\/Cruz1.jpg?resize=400%2C264&amp;ssl=1 400w, https:\/\/i0.wp.com\/eltrabajo.cl\/portal\/wp-content\/uploads\/2015\/09\/Cruz1.jpg?w=530&amp;ssl=1 530w\" sizes=\"auto, (max-width: 300px) 100vw, 300px\" \/><\/a><figcaption id=\"caption-attachment-62293\" class=\"wp-caption-text\">ROPA NO.- La campa\u00f1a apenas empieza y los sanfelipe\u00f1os son llamados a colaborar con pa\u00f1ales, frazadas y hasta alg\u00fan dinerito para los afectados del terremoto.<\/figcaption><\/figure>\n<p>Una campa\u00f1a directa, solidaria y dirigida a desarrollar acopio y donaci\u00f3n de pa\u00f1ales para beb\u00e9s y adultos mayores afectados por el reciente terremoto, as\u00ed como de frazadas, es la que fue anunciada ayer jueves por la presidente de la Cruz Roja chilena sede San Felipe, Mar\u00eda G\u00f3mez Ruiz, quien de manera frontal est\u00e1 convocando a los sanfelipe\u00f1os a unir fuerzas por nuestros hermanos en desgracia.<br \/>\n\u00abCreo que, sin subestimar los esfuerzos que algunos hacen para lograr sus campa\u00f1as puntuales de beneficio, ya el p\u00fablico est\u00e1 un poco cansado de tantos bingos, rifas y zumbatones, es por eso que quiero solicitar de manera r\u00e1pida y respetuosamente, la donaci\u00f3n de frazadas limpias, ojala nuevas, pa\u00f1ales para ni\u00f1os y para adultos mayores, para que nos los traigan a nuestra sede\u00bb, explic\u00f3 la cruzrojista.<\/p>\n<p><strong>CARNES KAR<\/strong><br \/>\nSeg\u00fan explic\u00f3 G\u00f3mez a Diario El Trabajo, \u00abentiendo que a veces se nos har\u00e1 dif\u00edcil poder venir al centro para entregar el donativo, en ese caso recomiendo crear centros de acopio en las poblaciones, nos pueden llamar al fono 83151 482, nosotros iremos a recoger la donaci\u00f3n, tambi\u00e9n deseo recordarles al Instituto Abd\u00f3n Cifuentes; Liceo Mixto de San Felipe; Colegio Vedruna; Escuela Jos\u00e9 de San Mart\u00edn y otras escuelas de nuestra comuna, para que acepten este desaf\u00edo solidario y nos apoyen tambi\u00e9n\u00bb.<br \/>\nJuan Gonz\u00e1lez, administrador de Carnes KAR de San Felipe, tambi\u00e9n cerr\u00f3 filas para potenciar esta campa\u00f1a solidaria, \u00abya estamos coordinando los detalles para esta gran jornada de acopio, es una campa\u00f1a muy directa, a diferencia de las dem\u00e1s que hemos realizado en otras ocasiones, como lo fue los incendios de Valpara\u00edso y las campa\u00f1as escolares, aqu\u00ed mi equipo de voluntarios estar\u00e1n prestas al acopio de dinero, y recursos, mientras que la Cruz Roja manejar\u00e1 la parte de pa\u00f1ales y frazadas, aunque la campa\u00f1a sea una sola\u00bb, explic\u00f3 Gonz\u00e1lez a nuestro medio.<br \/>\n<strong>Roberto Gonz\u00e1lez Short<\/strong><br \/>\n<strong>rgonzalez@eltrabajo.cl<\/strong><\/p>\n<div class=\"tiled-gallery type-rectangular tiled-gallery-unresized\" data-original-width=\"640\" data-carousel-extra='null' itemscope itemtype=\"http:\/\/schema.org\/ImageGallery\" > <div class=\"gallery-row\" style=\"width: 640px; height: 212px;\" data-original-width=\"640\" data-original-height=\"212\" > <div class=\"gallery-group images-1\" style=\"width: 319px; height: 212px;\" data-original-width=\"319\" data-original-height=\"212\" > <div class=\"tiled-gallery-item tiled-gallery-item-large\" itemprop=\"associatedMedia\" itemscope itemtype=\"http:\/\/schema.org\/ImageObject\"> <a href=\"https:\/\/eltrabajo.cl\/portal\/cruz-roja-y-carnes-kar-inician-campana-para-afectados-por-terremoto\/maria-gomez-2\/\" border=\"0\" itemprop=\"url\"> <meta itemprop=\"width\" content=\"315\"> <meta itemprop=\"height\" content=\"208\"> <img decoding=\"async\" class=\"\" data-attachment-id=\"62295\" data-orig-file=\"https:\/\/eltrabajo.cl\/portal\/wp-content\/uploads\/2015\/09\/Maria-Gomez.jpg\" data-orig-size=\"530,350\" data-comments-opened=\"1\" data-image-meta=\"{&quot;aperture&quot;:&quot;0&quot;,&quot;credit&quot;:&quot;&quot;,&quot;camera&quot;:&quot;&quot;,&quot;caption&quot;:&quot;&quot;,&quot;created_timestamp&quot;:&quot;0&quot;,&quot;copyright&quot;:&quot;&quot;,&quot;focal_length&quot;:&quot;0&quot;,&quot;iso&quot;:&quot;0&quot;,&quot;shutter_speed&quot;:&quot;0&quot;,&quot;title&quot;:&quot;&quot;,&quot;orientation&quot;:&quot;0&quot;}\" data-image-title=\"Maria Gomez\" data-image-description=\"&lt;p&gt;Presidente de la Cruz Roja chilena sede San Felipe, Mar\u00eda G\u00f3mez Ruiz.&lt;\/p&gt; \" data-medium-file=\"https:\/\/i0.wp.com\/eltrabajo.cl\/portal\/wp-content\/uploads\/2015\/09\/Maria-Gomez.jpg?fit=300%2C198&#038;ssl=1\" data-large-file=\"https:\/\/i0.wp.com\/eltrabajo.cl\/portal\/wp-content\/uploads\/2015\/09\/Maria-Gomez.jpg?fit=530%2C350&#038;ssl=1\" src=\"https:\/\/i0.wp.com\/eltrabajo.cl\/portal\/wp-content\/uploads\/2015\/09\/Maria-Gomez.jpg?w=315&#038;h=208&#038;ssl=1\" srcset=\"https:\/\/i0.wp.com\/eltrabajo.cl\/portal\/wp-content\/uploads\/2015\/09\/Maria-Gomez.jpg?w=530&amp;ssl=1 530w, https:\/\/i0.wp.com\/eltrabajo.cl\/portal\/wp-content\/uploads\/2015\/09\/Maria-Gomez.jpg?resize=200%2C132&amp;ssl=1 200w, https:\/\/i0.wp.com\/eltrabajo.cl\/portal\/wp-content\/uploads\/2015\/09\/Maria-Gomez.jpg?resize=300%2C198&amp;ssl=1 300w, https:\/\/i0.wp.com\/eltrabajo.cl\/portal\/wp-content\/uploads\/2015\/09\/Maria-Gomez.jpg?resize=227%2C150&amp;ssl=1 227w, https:\/\/i0.wp.com\/eltrabajo.cl\/portal\/wp-content\/uploads\/2015\/09\/Maria-Gomez.jpg?resize=400%2C264&amp;ssl=1 400w\" width=\"315\" height=\"208\" loading=\"lazy\" data-original-width=\"315\" data-original-height=\"208\" itemprop=\"http:\/\/schema.org\/image\" title=\"Maria Gomez\" alt=\"Presidente de la Cruz Roja chilena sede San Felipe, Mar\u00eda G\u00f3mez Ruiz.\" style=\"width: 315px; height: 208px;\" \/> <\/a> <div class=\"tiled-gallery-caption\" itemprop=\"caption description\"> Presidente de la Cruz Roja chilena sede San Felipe, Mar\u00eda G\u00f3mez Ruiz. <\/div> <\/div> <\/div> <!-- close group --> <div class=\"gallery-group images-1\" style=\"width: 321px; height: 212px;\" data-original-width=\"321\" data-original-height=\"212\" > <div class=\"tiled-gallery-item tiled-gallery-item-large\" itemprop=\"associatedMedia\" itemscope itemtype=\"http:\/\/schema.org\/ImageObject\"> <a href=\"https:\/\/eltrabajo.cl\/portal\/cruz-roja-y-carnes-kar-inician-campana-para-afectados-por-terremoto\/juan-gonzalez-7\/\" border=\"0\" itemprop=\"url\"> <meta itemprop=\"width\" content=\"317\"> <meta itemprop=\"height\" content=\"208\"> <img decoding=\"async\" class=\"\" data-attachment-id=\"62294\" data-orig-file=\"https:\/\/eltrabajo.cl\/portal\/wp-content\/uploads\/2015\/09\/Juan-Gonzalez.jpg\" data-orig-size=\"530,348\" data-comments-opened=\"1\" data-image-meta=\"{&quot;aperture&quot;:&quot;0&quot;,&quot;credit&quot;:&quot;&quot;,&quot;camera&quot;:&quot;&quot;,&quot;caption&quot;:&quot;&quot;,&quot;created_timestamp&quot;:&quot;0&quot;,&quot;copyright&quot;:&quot;Copyright 2009&quot;,&quot;focal_length&quot;:&quot;0&quot;,&quot;iso&quot;:&quot;0&quot;,&quot;shutter_speed&quot;:&quot;0&quot;,&quot;title&quot;:&quot;&quot;,&quot;orientation&quot;:&quot;0&quot;}\" data-image-title=\"Juan Gonzalez\" data-image-description=\"&lt;p&gt;Juan Gonz\u00e1lez, administrador de Carnes KAR de San Felipe.&lt;\/p&gt; \" data-medium-file=\"https:\/\/i0.wp.com\/eltrabajo.cl\/portal\/wp-content\/uploads\/2015\/09\/Juan-Gonzalez.jpg?fit=300%2C197&#038;ssl=1\" data-large-file=\"https:\/\/i0.wp.com\/eltrabajo.cl\/portal\/wp-content\/uploads\/2015\/09\/Juan-Gonzalez.jpg?fit=530%2C348&#038;ssl=1\" src=\"https:\/\/i0.wp.com\/eltrabajo.cl\/portal\/wp-content\/uploads\/2015\/09\/Juan-Gonzalez.jpg?w=317&#038;h=208&#038;ssl=1\" srcset=\"https:\/\/i0.wp.com\/eltrabajo.cl\/portal\/wp-content\/uploads\/2015\/09\/Juan-Gonzalez.jpg?w=530&amp;ssl=1 530w, https:\/\/i0.wp.com\/eltrabajo.cl\/portal\/wp-content\/uploads\/2015\/09\/Juan-Gonzalez.jpg?resize=200%2C131&amp;ssl=1 200w, https:\/\/i0.wp.com\/eltrabajo.cl\/portal\/wp-content\/uploads\/2015\/09\/Juan-Gonzalez.jpg?resize=300%2C197&amp;ssl=1 300w, https:\/\/i0.wp.com\/eltrabajo.cl\/portal\/wp-content\/uploads\/2015\/09\/Juan-Gonzalez.jpg?resize=228%2C150&amp;ssl=1 228w, https:\/\/i0.wp.com\/eltrabajo.cl\/portal\/wp-content\/uploads\/2015\/09\/Juan-Gonzalez.jpg?resize=400%2C263&amp;ssl=1 400w\" width=\"317\" height=\"208\" loading=\"lazy\" data-original-width=\"317\" data-original-height=\"208\" itemprop=\"http:\/\/schema.org\/image\" title=\"Juan Gonzalez\" alt=\"Juan Gonz\u00e1lez, administrador de Carnes KAR de San Felipe.\" style=\"width: 317px; height: 208px;\" \/> <\/a> <div class=\"tiled-gallery-caption\" itemprop=\"caption description\"> Juan Gonz\u00e1lez, administrador de Carnes KAR de San Felipe. <\/div> <\/div> <\/div> <!-- close group --> <\/div> <!-- close row --> <\/div>\n","protected":false},"excerpt":{"rendered":"<p>Una campa\u00f1a directa, solidaria y dirigida a desarrollar acopio y donaci\u00f3n de pa\u00f1ales para beb\u00e9s y adultos mayores afectados por el reciente terremoto, as\u00ed como de frazadas, es la que fue anunciada&#8230;<\/p>\n","protected":false},"author":482,"featured_media":62293,"comment_status":"open","ping_status":"open","sticky":false,"template":"","format":"standard","meta":{"advanced_seo_description":"","jetpack_seo_html_title":"","jetpack_seo_noindex":false,"_jetpack_memberships_contains_paid_content":false,"footnotes":""},"categories":[15],"tags":[],"class_list":["post-62292","post","type-post","status-publish","format-standard","has-post-thumbnail","hentry","category-comunidad"],"jetpack_featured_media_url":"https:\/\/i0.wp.com\/eltrabajo.cl\/portal\/wp-content\/uploads\/2015\/09\/Cruz1.jpg?fit=530%2C350&ssl=1","jetpack_sharing_enabled":true,"jetpack_likes_enabled":true,"jetpack-related-posts":[],"_links":{"self":[{"href":"https:\/\/eltrabajo.cl\/portal\/wp-json\/wp\/v2\/posts\/62292","targetHints":{"allow":["GET"]}}],"collection":[{"href":"https:\/\/eltrabajo.cl\/portal\/wp-json\/wp\/v2\/posts"}],"about":[{"href":"https:\/\/eltrabajo.cl\/portal\/wp-json\/wp\/v2\/types\/post"}],"author":[{"embeddable":true,"href":"https:\/\/eltrabajo.cl\/portal\/wp-json\/wp\/v2\/users\/482"}],"replies":[{"embeddable":true,"href":"https:\/\/eltrabajo.cl\/portal\/wp-json\/wp\/v2\/comments?post=62292"}],"version-history":[{"count":0,"href":"https:\/\/eltrabajo.cl\/portal\/wp-json\/wp\/v2\/posts\/62292\/revisions"}],"wp:featuredmedia":[{"embeddable":true,"href":"https:\/\/eltrabajo.cl\/portal\/wp-json\/wp\/v2\/media\/62293"}],"wp:attachment":[{"href":"https:\/\/eltrabajo.cl\/portal\/wp-json\/wp\/v2\/media?parent=62292"}],"wp:term":[{"taxonomy":"category","embeddable":true,"href":"https:\/\/eltrabajo.cl\/portal\/wp-json\/wp\/v2\/categories?post=62292"},{"taxonomy":"post_tag","embeddable":true,"href":"https:\/\/eltrabajo.cl\/portal\/wp-json\/wp\/v2\/tags?post=62292"}],"curies":[{"name":"wp","href":"https:\/\/api.w.org\/{rel}","templated":true}]}}