{"id":62297,"date":"2015-09-25T09:48:43","date_gmt":"2015-09-25T12:48:43","guid":{"rendered":"http:\/\/www.eltrabajo.cl\/portal\/?p=62297"},"modified":"2015-09-25T09:48:43","modified_gmt":"2015-09-25T12:48:43","slug":"con-fondos-de-gobierno-regional-realizaran-6a-version-del-festival-la-voz-de-panquehue","status":"publish","type":"post","link":"https:\/\/eltrabajo.cl\/portal\/con-fondos-de-gobierno-regional-realizaran-6a-version-del-festival-la-voz-de-panquehue\/","title":{"rendered":"Con fondos de Gobierno Regional realizar\u00e1n 6\u00aa versi\u00f3n del Festival La Voz de Panquehue"},"content":{"rendered":"<figure id=\"attachment_62298\" aria-describedby=\"caption-attachment-62298\" style=\"width: 300px\" class=\"wp-caption alignleft\"><a href=\"https:\/\/i0.wp.com\/www.eltrabajo.cl\/portal\/wp-content\/uploads\/2015\/09\/Festival-La-Voz-de-Panquehue.jpg\"><img data-recalc-dims=\"1\" loading=\"lazy\" decoding=\"async\" class=\"wp-image-62298 size-medium\" src=\"https:\/\/i0.wp.com\/www.eltrabajo.cl\/portal\/wp-content\/uploads\/2015\/09\/Festival-La-Voz-de-Panquehue-300x198.jpg?resize=300%2C198\" alt=\"Los fondos entregados por el Gobierno Regional ser\u00e1n utilizados para realizar de mejor manera la 6\u00aa versi\u00f3n del festival panquehuino.\" width=\"300\" height=\"198\" srcset=\"https:\/\/i0.wp.com\/eltrabajo.cl\/portal\/wp-content\/uploads\/2015\/09\/Festival-La-Voz-de-Panquehue.jpg?resize=300%2C198&amp;ssl=1 300w, https:\/\/i0.wp.com\/eltrabajo.cl\/portal\/wp-content\/uploads\/2015\/09\/Festival-La-Voz-de-Panquehue.jpg?resize=200%2C132&amp;ssl=1 200w, https:\/\/i0.wp.com\/eltrabajo.cl\/portal\/wp-content\/uploads\/2015\/09\/Festival-La-Voz-de-Panquehue.jpg?resize=228%2C150&amp;ssl=1 228w, https:\/\/i0.wp.com\/eltrabajo.cl\/portal\/wp-content\/uploads\/2015\/09\/Festival-La-Voz-de-Panquehue.jpg?resize=400%2C263&amp;ssl=1 400w, https:\/\/i0.wp.com\/eltrabajo.cl\/portal\/wp-content\/uploads\/2015\/09\/Festival-La-Voz-de-Panquehue.jpg?w=530&amp;ssl=1 530w\" sizes=\"auto, (max-width: 300px) 100vw, 300px\" \/><\/a><figcaption id=\"caption-attachment-62298\" class=\"wp-caption-text\">Los fondos entregados por el Gobierno Regional ser\u00e1n utilizados para realizar de mejor manera la 6\u00aa versi\u00f3n del festival panquehuino.<\/figcaption><\/figure>\n<ul>\n<li><strong>De acuerdo a lo informado por el encargado del \u00e1rea de Cultura de la municipalidad, son 29 millones de pesos que se utilizar\u00e1n para la ejecuci\u00f3n del evento.<\/strong><\/li>\n<\/ul>\n<p><strong>PANQUEHUE<\/strong>.- 29 millones 621 mil 330 pesos se adjudic\u00f3 la municipalidad de Panquehue, a trav\u00e9s del 2 % de cultura del Gobierno Regional, recursos que ser\u00e1n utilizados para la realizaci\u00f3n de la 6\u00ba versi\u00f3n del Festival La Voz.<br \/>\nDe acuerdo a lo informado por el encargado del Departamento de Cultura y Turismo, Esteban P\u00e9rez, la municipalidad estuvo trabajando en la realizaci\u00f3n de este proyecto, con el fin de hacer un certamen festivalero de mejor nivel, para que la comunidad de Panquehue disfrute de un evento de gran categor\u00eda.<br \/>\nLa firma del convenio de mandato la realiz\u00f3 el alcalde Luis Pradenas, ante los funcionarios del Gobierno Regional, luego de una charla de inducci\u00f3n efectuada en uno de los salones de la Gobernaci\u00f3n Provincial de Los Andes.<br \/>\nAgreg\u00f3 P\u00e9rez que el alcalde ya est\u00e1 trabajando con una comisi\u00f3n organizadora de la pr\u00f3xima versi\u00f3n del festival, el que se realizar\u00eda los d\u00edas viernes 8 y s\u00e1bado 9 de enero, en el estadio Los Libertadores de la localidad de La Pirca.<\/p>\n","protected":false},"excerpt":{"rendered":"<p>De acuerdo a lo informado por el encargado del \u00e1rea de Cultura de la municipalidad, son 29 millones de pesos que se utilizar\u00e1n para la ejecuci\u00f3n del evento. PANQUEHUE.- 29 millones 621&#8230;<\/p>\n","protected":false},"author":482,"featured_media":62298,"comment_status":"open","ping_status":"open","sticky":false,"template":"","format":"standard","meta":{"advanced_seo_description":"","jetpack_seo_html_title":"","jetpack_seo_noindex":false,"_jetpack_memberships_contains_paid_content":false,"footnotes":""},"categories":[1],"tags":[],"class_list":["post-62297","post","type-post","status-publish","format-standard","has-post-thumbnail","hentry","category-cronica"],"jetpack_featured_media_url":"https:\/\/i0.wp.com\/eltrabajo.cl\/portal\/wp-content\/uploads\/2015\/09\/Festival-La-Voz-de-Panquehue.jpg?fit=530%2C349&ssl=1","jetpack_sharing_enabled":true,"jetpack_likes_enabled":true,"jetpack-related-posts":[],"_links":{"self":[{"href":"https:\/\/eltrabajo.cl\/portal\/wp-json\/wp\/v2\/posts\/62297","targetHints":{"allow":["GET"]}}],"collection":[{"href":"https:\/\/eltrabajo.cl\/portal\/wp-json\/wp\/v2\/posts"}],"about":[{"href":"https:\/\/eltrabajo.cl\/portal\/wp-json\/wp\/v2\/types\/post"}],"author":[{"embeddable":true,"href":"https:\/\/eltrabajo.cl\/portal\/wp-json\/wp\/v2\/users\/482"}],"replies":[{"embeddable":true,"href":"https:\/\/eltrabajo.cl\/portal\/wp-json\/wp\/v2\/comments?post=62297"}],"version-history":[{"count":0,"href":"https:\/\/eltrabajo.cl\/portal\/wp-json\/wp\/v2\/posts\/62297\/revisions"}],"wp:featuredmedia":[{"embeddable":true,"href":"https:\/\/eltrabajo.cl\/portal\/wp-json\/wp\/v2\/media\/62298"}],"wp:attachment":[{"href":"https:\/\/eltrabajo.cl\/portal\/wp-json\/wp\/v2\/media?parent=62297"}],"wp:term":[{"taxonomy":"category","embeddable":true,"href":"https:\/\/eltrabajo.cl\/portal\/wp-json\/wp\/v2\/categories?post=62297"},{"taxonomy":"post_tag","embeddable":true,"href":"https:\/\/eltrabajo.cl\/portal\/wp-json\/wp\/v2\/tags?post=62297"}],"curies":[{"name":"wp","href":"https:\/\/api.w.org\/{rel}","templated":true}]}}