{"id":62300,"date":"2015-09-25T09:50:35","date_gmt":"2015-09-25T12:50:35","guid":{"rendered":"http:\/\/www.eltrabajo.cl\/portal\/?p=62300"},"modified":"2015-09-25T09:50:35","modified_gmt":"2015-09-25T12:50:35","slug":"positiva-evaluacion-realizo-vialidad-a-trabajos-realizados-en-av-alejandrina-carvajal","status":"publish","type":"post","link":"https:\/\/eltrabajo.cl\/portal\/positiva-evaluacion-realizo-vialidad-a-trabajos-realizados-en-av-alejandrina-carvajal\/","title":{"rendered":"Positiva evaluaci\u00f3n realiz\u00f3 Vialidad a trabajos realizados en Av. Alejandrina Carvajal"},"content":{"rendered":"<figure id=\"attachment_62301\" aria-describedby=\"caption-attachment-62301\" style=\"width: 300px\" class=\"wp-caption alignleft\"><a href=\"https:\/\/i0.wp.com\/www.eltrabajo.cl\/portal\/wp-content\/uploads\/2015\/09\/VIALIDAD-1.jpg\"><img data-recalc-dims=\"1\" loading=\"lazy\" decoding=\"async\" class=\"wp-image-62301 size-medium\" src=\"https:\/\/i0.wp.com\/www.eltrabajo.cl\/portal\/wp-content\/uploads\/2015\/09\/VIALIDAD-1-300x198.jpg?resize=300%2C198\" alt=\"En la ma\u00f1ana de ayer jueves, la directora provincial de Vialidad, Claudia Lizama, efectu\u00f3 una visita a los trabajos que se est\u00e1n realizando en la Av. Alejandrina Carvajal.\" width=\"300\" height=\"198\" srcset=\"https:\/\/i0.wp.com\/eltrabajo.cl\/portal\/wp-content\/uploads\/2015\/09\/VIALIDAD-1.jpg?resize=300%2C198&amp;ssl=1 300w, https:\/\/i0.wp.com\/eltrabajo.cl\/portal\/wp-content\/uploads\/2015\/09\/VIALIDAD-1.jpg?resize=200%2C132&amp;ssl=1 200w, https:\/\/i0.wp.com\/eltrabajo.cl\/portal\/wp-content\/uploads\/2015\/09\/VIALIDAD-1.jpg?resize=227%2C150&amp;ssl=1 227w, https:\/\/i0.wp.com\/eltrabajo.cl\/portal\/wp-content\/uploads\/2015\/09\/VIALIDAD-1.jpg?resize=400%2C264&amp;ssl=1 400w, https:\/\/i0.wp.com\/eltrabajo.cl\/portal\/wp-content\/uploads\/2015\/09\/VIALIDAD-1.jpg?w=530&amp;ssl=1 530w\" sizes=\"auto, (max-width: 300px) 100vw, 300px\" \/><\/a><figcaption id=\"caption-attachment-62301\" class=\"wp-caption-text\">En la ma\u00f1ana de ayer jueves, la directora provincial de Vialidad, Claudia Lizama, efectu\u00f3 una visita a los trabajos que se est\u00e1n realizando en la Av. Alejandrina Carvajal.<\/figcaption><\/figure>\n<p><strong>PUTAENDO<\/strong>.- La ma\u00f1ana de este jueves la directora provincial de Vialidad, Claudia Lizama, junto a su equipo t\u00e9cnico, procedi\u00f3 a fiscalizar los trabajos de asfalto de la avenida Alejandrina Carvajal.<br \/>\nLa directora provincial de Vialidad, se\u00f1al\u00f3 a nuestro medio que en su calidad de representante del Ministerio de Obras P\u00fablicas y como inspector fiscal, esta fiscalizaci\u00f3n esta dentro del contrato que mantiene la municipalidad con vialidad para la reparaci\u00f3n, mejoramiento y asfalto de la avenida Alejandrina Carvajal, y agreg\u00f3 que luego de realizar una visita inspectiva los trabajos se han desarrollado de muy buena manera solo hay observaciones muy menores y se est\u00e1 trabajando en conjunto con el departamento de obras del municipio sobre todo en lo que tiene que ver con los espacios de seguridad, demarcaci\u00f3n y otros m\u00e1s, pero, desde el punto de vista de la fiscalizaci\u00f3n indic\u00f3 que no hay inconvenientes.<br \/>\nPor su parte, el director de obras del municipio de Putaendo, Jorge Reyes, se mostr\u00f3 satisfecho por el resultado de esta fiscalizaci\u00f3n e indic\u00f3 que efectivamente se estaba trabajando en conjunto con vialidad sobre todo en los accesos a calle Portales, Bulnes y O\u2019Higgins por la avenida Alejandrina Carvajal, adem\u00e1s de ver la instalaci\u00f3n de pasos peatonales en lugares como el acceso a la piscina y en calle Portales.<br \/>\nReyes indic\u00f3 que en una segunda etapa de este proyecto se estudiar\u00e1 la factibilidad de instalar resaltos o conocidos como \u2018lomos de toro\u2019 a fin de aminorar la velocidad de los veh\u00edculos sobre todo tomando en cuenta que en el verano por ejemplo son muchas las familias que llegan a la piscina municipal.<br \/>\n<strong>Patricio Gallardo M.<\/strong><\/p>\n","protected":false},"excerpt":{"rendered":"<p>PUTAENDO.- La ma\u00f1ana de este jueves la directora provincial de Vialidad, Claudia Lizama, junto a su equipo t\u00e9cnico, procedi\u00f3 a fiscalizar los trabajos de asfalto de la avenida Alejandrina Carvajal. La directora&#8230;<\/p>\n","protected":false},"author":482,"featured_media":62301,"comment_status":"open","ping_status":"open","sticky":false,"template":"","format":"standard","meta":{"advanced_seo_description":"","jetpack_seo_html_title":"","jetpack_seo_noindex":false,"_jetpack_memberships_contains_paid_content":false,"footnotes":""},"categories":[1],"tags":[],"class_list":["post-62300","post","type-post","status-publish","format-standard","has-post-thumbnail","hentry","category-cronica"],"jetpack_featured_media_url":"https:\/\/i0.wp.com\/eltrabajo.cl\/portal\/wp-content\/uploads\/2015\/09\/VIALIDAD-1.jpg?fit=530%2C350&ssl=1","jetpack_sharing_enabled":true,"jetpack_likes_enabled":true,"jetpack-related-posts":[],"_links":{"self":[{"href":"https:\/\/eltrabajo.cl\/portal\/wp-json\/wp\/v2\/posts\/62300","targetHints":{"allow":["GET"]}}],"collection":[{"href":"https:\/\/eltrabajo.cl\/portal\/wp-json\/wp\/v2\/posts"}],"about":[{"href":"https:\/\/eltrabajo.cl\/portal\/wp-json\/wp\/v2\/types\/post"}],"author":[{"embeddable":true,"href":"https:\/\/eltrabajo.cl\/portal\/wp-json\/wp\/v2\/users\/482"}],"replies":[{"embeddable":true,"href":"https:\/\/eltrabajo.cl\/portal\/wp-json\/wp\/v2\/comments?post=62300"}],"version-history":[{"count":0,"href":"https:\/\/eltrabajo.cl\/portal\/wp-json\/wp\/v2\/posts\/62300\/revisions"}],"wp:featuredmedia":[{"embeddable":true,"href":"https:\/\/eltrabajo.cl\/portal\/wp-json\/wp\/v2\/media\/62301"}],"wp:attachment":[{"href":"https:\/\/eltrabajo.cl\/portal\/wp-json\/wp\/v2\/media?parent=62300"}],"wp:term":[{"taxonomy":"category","embeddable":true,"href":"https:\/\/eltrabajo.cl\/portal\/wp-json\/wp\/v2\/categories?post=62300"},{"taxonomy":"post_tag","embeddable":true,"href":"https:\/\/eltrabajo.cl\/portal\/wp-json\/wp\/v2\/tags?post=62300"}],"curies":[{"name":"wp","href":"https:\/\/api.w.org\/{rel}","templated":true}]}}