{"id":62303,"date":"2015-09-25T09:52:38","date_gmt":"2015-09-25T12:52:38","guid":{"rendered":"http:\/\/www.eltrabajo.cl\/portal\/?p=62303"},"modified":"2015-09-25T09:52:38","modified_gmt":"2015-09-25T12:52:38","slug":"con-inversion-superior-a-los-337-millones-autoridades-inauguran-ampliacion-a-servicio-de-apr-bellavista","status":"publish","type":"post","link":"https:\/\/eltrabajo.cl\/portal\/con-inversion-superior-a-los-337-millones-autoridades-inauguran-ampliacion-a-servicio-de-apr-bellavista\/","title":{"rendered":"Con inversi\u00f3n superior a los $337 millones Autoridades inauguran ampliaci\u00f3n a Servicio de APR Bellavista"},"content":{"rendered":"<figure id=\"attachment_62304\" aria-describedby=\"caption-attachment-62304\" style=\"width: 300px\" class=\"wp-caption alignleft\"><a href=\"https:\/\/i0.wp.com\/www.eltrabajo.cl\/portal\/wp-content\/uploads\/2015\/09\/APR-Bellavista.jpg\"><img data-recalc-dims=\"1\" loading=\"lazy\" decoding=\"async\" class=\"wp-image-62304 size-medium\" src=\"https:\/\/i0.wp.com\/www.eltrabajo.cl\/portal\/wp-content\/uploads\/2015\/09\/APR-Bellavista-300x198.jpg?resize=300%2C198\" alt=\"Diversas autoridades participaron de la inauguraci\u00f3n de la ampliaci\u00f3n del Servicio de ARP Bellavista. \" width=\"300\" height=\"198\" srcset=\"https:\/\/i0.wp.com\/eltrabajo.cl\/portal\/wp-content\/uploads\/2015\/09\/APR-Bellavista.jpg?resize=300%2C198&amp;ssl=1 300w, https:\/\/i0.wp.com\/eltrabajo.cl\/portal\/wp-content\/uploads\/2015\/09\/APR-Bellavista.jpg?resize=200%2C132&amp;ssl=1 200w, https:\/\/i0.wp.com\/eltrabajo.cl\/portal\/wp-content\/uploads\/2015\/09\/APR-Bellavista.jpg?resize=227%2C150&amp;ssl=1 227w, https:\/\/i0.wp.com\/eltrabajo.cl\/portal\/wp-content\/uploads\/2015\/09\/APR-Bellavista.jpg?resize=400%2C264&amp;ssl=1 400w, https:\/\/i0.wp.com\/eltrabajo.cl\/portal\/wp-content\/uploads\/2015\/09\/APR-Bellavista.jpg?w=530&amp;ssl=1 530w\" sizes=\"auto, (max-width: 300px) 100vw, 300px\" \/><\/a><figcaption id=\"caption-attachment-62304\" class=\"wp-caption-text\">Diversas autoridades participaron de la inauguraci\u00f3n de la ampliaci\u00f3n del Servicio de ARP Bellavista.<\/figcaption><\/figure>\n<ul>\n<li><strong>El Gobernador Eduardo Le\u00f3n destac\u00f3 el importante trabajo que est\u00e1 realizando el Gobierno de la Presidenta Bachelet en cuanto a la construcci\u00f3n de obras que permitan paliar la sequ\u00eda.<\/strong><\/li>\n<\/ul>\n<p>Con la presencia de autoridades regionales, provinciales y comunales se realiz\u00f3 la inauguraci\u00f3n de la ampliaci\u00f3n de servicio APR Bellavista de San Felipe. Obra que tuvo un costo de inversi\u00f3n de m\u00e1s de $337 millones, logrado con financiamiento FNDR.<br \/>\nUn proyecto esperado por a\u00f1os por los vecinos, quienes ya pudieron ver materializado su sue\u00f1o. As\u00ed lo se\u00f1al\u00f3 Arturo Herrera, Presidente del APR, \u201ceste es un proyecto largo. Dur\u00f3 casi 12 a\u00f1os para llegar a lo que hoy inauguramos. Nosotros ten\u00edamos una muy mala dotaci\u00f3n de agua y con esta ampliaci\u00f3n, que tiene como dotaci\u00f3n de arranque, 500 arranques y en este momento tenemos s\u00f3lo 200 ocupados, esto mejorar\u00e1 la calidad de vida de los vecinos\u201d, apunt\u00f3.<br \/>\nLa demora de esta obra radica en que tras el terremoto de 2010, lo que se iba a construir no contaba con las especificaciones t\u00e9cnicas antis\u00edsmicas, teniendo que realizarse un nuevo proyecto que contemplara adem\u00e1s, un pozo nuevo y una habilitaci\u00f3n de pozo y bomba que era necesario para este sistema de agua potable rural que beneficia a un gran n\u00famero de habitantes.<br \/>\nEn tanto, el Seremi de Obras P\u00fablicas, Miguel Saavedra, destac\u00f3 que \u201clos esfuerzos del Gobierno de la Presidenta Bachelet se mantienen y se intensifican en esta zona, que ha sido azotada por la sequ\u00eda, y esto lo hemos logrado en conjunto con el Gore y el MOP que lo que ha hecho es apoyar en materia de mejorar la infraestructura de los APR y es una de las l\u00edneas importantes que nos ha mandatado la presidenta\u201d.<br \/>\nPor su parte, el Gobernador Eduardo Le\u00f3n \u201cEl Gobierno de la Presidenta est\u00e1 iniciando un fuerte trabajo de apoyo a APR, es por eso que firm\u00f3 las indicaciones al proyecto de ley de agua potable, as\u00ed que nosotros estamos trabajando fuertemente en aumentar la cobertura de los APR. Muchos de ellos no son due\u00f1os de los derechos de agua, ni de sus terrenos, as\u00ed que nos queda mucho trabajo por hacer\u201d, sostuvo la m\u00e1xima autoridad provincial.<br \/>\nPara el alcalde Patricio Freire, esta obra significa \u201ctener disponible agua potable rural de la mejorar calidad. Este es un proyecto importante, yo lo conoc\u00ed de cerca. Sabemos que el recurso h\u00eddrico es escaso y hay que cuidarlo y eso se trabaja junto a las comunidades para administrarlo, lo que es muy importante\u201d, puntualiz\u00f3.<br \/>\nFinalmente, el Director Regional de la DOH, Daniel Sep\u00falveda, se\u00f1al\u00f3 que \u201ceste es uno de los proyectos que trabajamos con el Gore. Fue un proyecto dif\u00edcil de llevar a cabo, pero estamos muy contentos de que se est\u00e9 inaugurando\u201d.<\/p>\n","protected":false},"excerpt":{"rendered":"<p>El Gobernador Eduardo Le\u00f3n destac\u00f3 el importante trabajo que est\u00e1 realizando el Gobierno de la Presidenta Bachelet en cuanto a la construcci\u00f3n de obras que permitan paliar la sequ\u00eda. Con la presencia&#8230;<\/p>\n","protected":false},"author":482,"featured_media":62304,"comment_status":"open","ping_status":"open","sticky":false,"template":"","format":"standard","meta":{"advanced_seo_description":"","jetpack_seo_html_title":"","jetpack_seo_noindex":false,"_jetpack_memberships_contains_paid_content":false,"footnotes":""},"categories":[1],"tags":[],"class_list":["post-62303","post","type-post","status-publish","format-standard","has-post-thumbnail","hentry","category-cronica"],"jetpack_featured_media_url":"https:\/\/i0.wp.com\/eltrabajo.cl\/portal\/wp-content\/uploads\/2015\/09\/APR-Bellavista.jpg?fit=530%2C350&ssl=1","jetpack_sharing_enabled":true,"jetpack_likes_enabled":true,"jetpack-related-posts":[],"_links":{"self":[{"href":"https:\/\/eltrabajo.cl\/portal\/wp-json\/wp\/v2\/posts\/62303","targetHints":{"allow":["GET"]}}],"collection":[{"href":"https:\/\/eltrabajo.cl\/portal\/wp-json\/wp\/v2\/posts"}],"about":[{"href":"https:\/\/eltrabajo.cl\/portal\/wp-json\/wp\/v2\/types\/post"}],"author":[{"embeddable":true,"href":"https:\/\/eltrabajo.cl\/portal\/wp-json\/wp\/v2\/users\/482"}],"replies":[{"embeddable":true,"href":"https:\/\/eltrabajo.cl\/portal\/wp-json\/wp\/v2\/comments?post=62303"}],"version-history":[{"count":0,"href":"https:\/\/eltrabajo.cl\/portal\/wp-json\/wp\/v2\/posts\/62303\/revisions"}],"wp:featuredmedia":[{"embeddable":true,"href":"https:\/\/eltrabajo.cl\/portal\/wp-json\/wp\/v2\/media\/62304"}],"wp:attachment":[{"href":"https:\/\/eltrabajo.cl\/portal\/wp-json\/wp\/v2\/media?parent=62303"}],"wp:term":[{"taxonomy":"category","embeddable":true,"href":"https:\/\/eltrabajo.cl\/portal\/wp-json\/wp\/v2\/categories?post=62303"},{"taxonomy":"post_tag","embeddable":true,"href":"https:\/\/eltrabajo.cl\/portal\/wp-json\/wp\/v2\/tags?post=62303"}],"curies":[{"name":"wp","href":"https:\/\/api.w.org\/{rel}","templated":true}]}}