{"id":62310,"date":"2015-09-25T09:59:31","date_gmt":"2015-09-25T12:59:31","guid":{"rendered":"http:\/\/www.eltrabajo.cl\/portal\/?p=62310"},"modified":"2015-09-25T09:59:31","modified_gmt":"2015-09-25T12:59:31","slug":"psicologa-de-hospital-dr-philippe-pinel-deslumbro-bailando-cueca-en-te-deum-y-parada-militar","status":"publish","type":"post","link":"https:\/\/eltrabajo.cl\/portal\/psicologa-de-hospital-dr-philippe-pinel-deslumbro-bailando-cueca-en-te-deum-y-parada-militar\/","title":{"rendered":"Psic\u00f3loga de Hospital Dr. Philippe Pinel deslumbr\u00f3 bailando cueca en Te Deum y Parada Militar"},"content":{"rendered":"<figure id=\"attachment_62311\" aria-describedby=\"caption-attachment-62311\" style=\"width: 300px\" class=\"wp-caption alignleft\"><a href=\"https:\/\/i0.wp.com\/www.eltrabajo.cl\/portal\/wp-content\/uploads\/2015\/09\/Ps.-Daniela-Guzman.jpg\"><img data-recalc-dims=\"1\" loading=\"lazy\" decoding=\"async\" class=\"wp-image-62311 size-medium\" src=\"https:\/\/i0.wp.com\/www.eltrabajo.cl\/portal\/wp-content\/uploads\/2015\/09\/Ps.-Daniela-Guzman-300x198.jpg?resize=300%2C198\" alt=\"Daniela Guzm\u00e1n Valdevenito junto a su hermano Gustavo, participaron las ceremonias realizadas en la Catedral Metropolitana y en la elipse del Parque O\u2019Higgins durante las pasadas fiestas patrias.\" width=\"300\" height=\"198\" srcset=\"https:\/\/i0.wp.com\/eltrabajo.cl\/portal\/wp-content\/uploads\/2015\/09\/Ps.-Daniela-Guzman.jpg?resize=300%2C198&amp;ssl=1 300w, https:\/\/i0.wp.com\/eltrabajo.cl\/portal\/wp-content\/uploads\/2015\/09\/Ps.-Daniela-Guzman.jpg?resize=200%2C132&amp;ssl=1 200w, https:\/\/i0.wp.com\/eltrabajo.cl\/portal\/wp-content\/uploads\/2015\/09\/Ps.-Daniela-Guzman.jpg?resize=227%2C150&amp;ssl=1 227w, https:\/\/i0.wp.com\/eltrabajo.cl\/portal\/wp-content\/uploads\/2015\/09\/Ps.-Daniela-Guzman.jpg?resize=400%2C264&amp;ssl=1 400w, https:\/\/i0.wp.com\/eltrabajo.cl\/portal\/wp-content\/uploads\/2015\/09\/Ps.-Daniela-Guzman.jpg?w=530&amp;ssl=1 530w\" sizes=\"auto, (max-width: 300px) 100vw, 300px\" \/><\/a><figcaption id=\"caption-attachment-62311\" class=\"wp-caption-text\">Daniela Guzm\u00e1n Valdevenito junto a su hermano Gustavo, participaron las ceremonias realizadas en la Catedral Metropolitana y en la elipse del Parque O\u2019Higgins durante las pasadas fiestas patrias.<\/figcaption><\/figure>\n<ul>\n<li><strong>La Psic\u00f3loga Daniela Guzm\u00e1n Valdebenito ingres\u00f3 este a\u00f1o a la instituci\u00f3n de salud mental de la comuna de Putaendo donde se desempe\u00f1a en las Unidades de Mediana Estad\u00eda I y III.<\/strong><\/li>\n<\/ul>\n<p><strong>PUTAENDO<\/strong>.- Septiembre es sin lugar a dudas sin\u00f3nimo de chilenidad, una \u00e9poca donde conmemoramos nuestras fiestas patrias que se celebran con alegr\u00eda y optimismo, y que tambi\u00e9n alberga a dos importantes y centenarias tradiciones, como lo son \u00e9l Te Deum Ecum\u00e9nico en la Catedral Metropolitana de Santiago y la Parada Militar.<br \/>\nJustamente ambos eventos revisten un gran orgullo para Daniela Guzm\u00e1n Valdebenito, psic\u00f3loga del Hospital Psiqui\u00e1trico Dr. Philippe Pinel, quien junto a su hermano Gustavo deslumbr\u00f3 bailando cueca en la Catedral Metropolitana y en la elipse del Parque O\u2019Higgins durante las pasadas fiestas patrias.<br \/>\nLa profesional, desde muy peque\u00f1a pertenece a la agrupaci\u00f3n folcl\u00f3rica del Club de Rodeo Chileno \u2018Gil Letelier\u2019, y al ser consultada sobre su destacada participaci\u00f3n en el Te Deum y la Parada Militar, asegur\u00f3 sentirse orgullosa por esta oportunidad, ya que es primera vez que participa del oficio religioso en la Catedral Metropolitana de Santiago, mientras que en la Parada Militar ha tenido la ocasi\u00f3n de presentarse durante varios a\u00f1os.<br \/>\n\u201cSe siente un gran orgullo cuando se reconoce el esfuerzo a trav\u00e9s de invitaciones tan importantes como estas, la verdad es que es primera vez que participo en el Te Deum y tuvimos que ensayar mucho porque era una gran ocasi\u00f3n. Agradezco tambi\u00e9n al Club Gil Letelier que ha visto tanto la trayectoria m\u00eda como la de mi hermano y mediante el cual tambi\u00e9n se gestaron estas invitaciones\u201d, destac\u00f3 Guzm\u00e1n.<br \/>\nSus compa\u00f1eras y compa\u00f1eros de trabajo en el Hospital Psiqui\u00e1trico de Putaendo, al enterarse de su participaci\u00f3n en ambos actos republicanos, compartieron su alegr\u00eda y satisfacci\u00f3n por sus logros en nuestra danza nacional y la colmaron de felicitaciones \u201cy como es la vida ac\u00e1, cada cueca es una experiencia diferente\u201d, finaliz\u00f3 diciendo la psic\u00f3loga Daniela Guzm\u00e1n Valdebenito.<\/p>\n","protected":false},"excerpt":{"rendered":"<p>La Psic\u00f3loga Daniela Guzm\u00e1n Valdebenito ingres\u00f3 este a\u00f1o a la instituci\u00f3n de salud mental de la comuna de Putaendo donde se desempe\u00f1a en las Unidades de Mediana Estad\u00eda I y III. PUTAENDO.-&#8230;<\/p>\n","protected":false},"author":482,"featured_media":62311,"comment_status":"open","ping_status":"open","sticky":false,"template":"","format":"standard","meta":{"advanced_seo_description":"","jetpack_seo_html_title":"","jetpack_seo_noindex":false,"_jetpack_memberships_contains_paid_content":false,"footnotes":""},"categories":[1],"tags":[],"class_list":["post-62310","post","type-post","status-publish","format-standard","has-post-thumbnail","hentry","category-cronica"],"jetpack_featured_media_url":"https:\/\/i0.wp.com\/eltrabajo.cl\/portal\/wp-content\/uploads\/2015\/09\/Ps.-Daniela-Guzman.jpg?fit=530%2C350&ssl=1","jetpack_sharing_enabled":true,"jetpack_likes_enabled":true,"jetpack-related-posts":[],"_links":{"self":[{"href":"https:\/\/eltrabajo.cl\/portal\/wp-json\/wp\/v2\/posts\/62310","targetHints":{"allow":["GET"]}}],"collection":[{"href":"https:\/\/eltrabajo.cl\/portal\/wp-json\/wp\/v2\/posts"}],"about":[{"href":"https:\/\/eltrabajo.cl\/portal\/wp-json\/wp\/v2\/types\/post"}],"author":[{"embeddable":true,"href":"https:\/\/eltrabajo.cl\/portal\/wp-json\/wp\/v2\/users\/482"}],"replies":[{"embeddable":true,"href":"https:\/\/eltrabajo.cl\/portal\/wp-json\/wp\/v2\/comments?post=62310"}],"version-history":[{"count":0,"href":"https:\/\/eltrabajo.cl\/portal\/wp-json\/wp\/v2\/posts\/62310\/revisions"}],"wp:featuredmedia":[{"embeddable":true,"href":"https:\/\/eltrabajo.cl\/portal\/wp-json\/wp\/v2\/media\/62311"}],"wp:attachment":[{"href":"https:\/\/eltrabajo.cl\/portal\/wp-json\/wp\/v2\/media?parent=62310"}],"wp:term":[{"taxonomy":"category","embeddable":true,"href":"https:\/\/eltrabajo.cl\/portal\/wp-json\/wp\/v2\/categories?post=62310"},{"taxonomy":"post_tag","embeddable":true,"href":"https:\/\/eltrabajo.cl\/portal\/wp-json\/wp\/v2\/tags?post=62310"}],"curies":[{"name":"wp","href":"https:\/\/api.w.org\/{rel}","templated":true}]}}