{"id":62313,"date":"2015-09-25T10:00:48","date_gmt":"2015-09-25T13:00:48","guid":{"rendered":"http:\/\/www.eltrabajo.cl\/portal\/?p=62313"},"modified":"2015-09-25T10:15:01","modified_gmt":"2015-09-25T13:15:01","slug":"enjuician-a-lider-de-banda-delictual-que-hizo-explotar-cajero-bancario","status":"publish","type":"post","link":"https:\/\/eltrabajo.cl\/portal\/enjuician-a-lider-de-banda-delictual-que-hizo-explotar-cajero-bancario\/","title":{"rendered":"Enjuician a l\u00edder de banda delictual que hizo explotar cajero bancario"},"content":{"rendered":"<figure id=\"attachment_62317\" aria-describedby=\"caption-attachment-62317\" style=\"width: 300px\" class=\"wp-caption alignleft\"><a href=\"https:\/\/i0.wp.com\/www.eltrabajo.cl\/portal\/wp-content\/uploads\/2015\/09\/CONDENADO-VILLARROEL.jpg\"><img data-recalc-dims=\"1\" loading=\"lazy\" decoding=\"async\" class=\"wp-image-62317 size-medium\" src=\"https:\/\/i0.wp.com\/www.eltrabajo.cl\/portal\/wp-content\/uploads\/2015\/09\/CONDENADO-VILLARROEL-300x198.jpg?resize=300%2C198\" alt=\"Juan Pedro Villarroel Aguilera de 36 a\u00f1os, l\u00edder de la banda delictual fue condenado a m\u00e1s de cuatro a\u00f1os por el asalto frustrado al cajero autom\u00e1tico de Chagres, donde se hizo acompa\u00f1ar de tres menores de edad.\" width=\"300\" height=\"198\" srcset=\"https:\/\/i0.wp.com\/eltrabajo.cl\/portal\/wp-content\/uploads\/2015\/09\/CONDENADO-VILLARROEL.jpg?resize=300%2C198&amp;ssl=1 300w, https:\/\/i0.wp.com\/eltrabajo.cl\/portal\/wp-content\/uploads\/2015\/09\/CONDENADO-VILLARROEL.jpg?resize=200%2C132&amp;ssl=1 200w, https:\/\/i0.wp.com\/eltrabajo.cl\/portal\/wp-content\/uploads\/2015\/09\/CONDENADO-VILLARROEL.jpg?resize=227%2C150&amp;ssl=1 227w, https:\/\/i0.wp.com\/eltrabajo.cl\/portal\/wp-content\/uploads\/2015\/09\/CONDENADO-VILLARROEL.jpg?resize=400%2C264&amp;ssl=1 400w, https:\/\/i0.wp.com\/eltrabajo.cl\/portal\/wp-content\/uploads\/2015\/09\/CONDENADO-VILLARROEL.jpg?w=530&amp;ssl=1 530w\" sizes=\"auto, (max-width: 300px) 100vw, 300px\" \/><\/a><figcaption id=\"caption-attachment-62317\" class=\"wp-caption-text\">Juan Pedro Villarroel Aguilera de 36 a\u00f1os, l\u00edder de la banda delictual fue condenado a m\u00e1s de cuatro a\u00f1os por el asalto frustrado al cajero autom\u00e1tico de Chagres, donde se hizo acompa\u00f1ar de tres menores de edad.<\/figcaption><\/figure>\n<ul>\n<li><strong>La Fiscal\u00eda de San Felipe acus\u00f3 a Juan Pedro Villarroel Aguilera y tras un juicio, el Tribunal lo conden\u00f3 por los delitos de robo con fuerza al cajero autom\u00e1tico en el sector Chagres de Catemu y la receptaci\u00f3n de un veh\u00edculo robado para ejecutar los il\u00edcitos.<\/strong><\/li>\n<\/ul>\n<p>El pasado 8 de agosto del a\u00f1o 2014, Juan Pedro Villarroel Aguilera, de 36 a\u00f1os edad, conduc\u00eda un veh\u00edculo K\u00eda modelo Station Wagon de color negro, acompa\u00f1ado de tres adolescentes de 14, 15 y 17 a\u00f1os, quienes desde la Regi\u00f3n Metropolitana se dirigieron hasta la comuna de Catemu para asaltar un cajero autom\u00e1tico del Banco Santander ubicado en el sector de Chagres.<br \/>\nLos sujetos instalaron en el interior del cajero un cilindro de gas, cuya emanaci\u00f3n provoc\u00f3 una gran explosi\u00f3n con la que pretend\u00edan obtener el dinero del dispensador, delito que se vio frustrado luego de la oportuna acci\u00f3n de Carabineros.<br \/>\nA m\u00e1s de un a\u00f1o de estos hechos, la Fiscal\u00eda de San Felipe present\u00f3 la acusaci\u00f3n en contra de los protagonistas de estos hechos, enjuiciando al ejecutor de este robo, Villarroel Aguilera, \u00fanico adulto de esta agrupaci\u00f3n delictual que se conform\u00f3 en la ciudad de Santiago para asaltar cerca de medianoche el cajero del Banco Santander de Catemu.<br \/>\nPara este delito, el imputado reclut\u00f3 a menores provenientes de las comunas de San Bernardo y Quilicura.<br \/>\nLuego de las pruebas obtenidas por el Ministerio P\u00fablico, el Tribunal Oral en Lo Penal de San Felipe gener\u00f3 convicci\u00f3n en su veredicto en condenar a Villarroel Aguilera a 541 d\u00edas por el delito de robo con fuerza, a los que se suma el delito de receptaci\u00f3n de veh\u00edculo robado, debiendo cumplir una sentencia de tres a\u00f1os y un d\u00eda; ambas condenas no tendr\u00e1n ning\u00fan tipo de beneficio, obligando al condenado a pagar con c\u00e1rcel efectiva.<br \/>\nEn tanto los adolescentes que se encuentran sujetos a programas del Servicio Nacional de Menores, ser\u00e1n sometidos a penas que regula la legislaci\u00f3n penal de responsabilidad juvenil que se dar\u00e1n a conocer dentro de los pr\u00f3ximos d\u00edas.<\/p>\n<p><strong>LOS HECHOS<\/strong><br \/>\nDe acuerdo al material fotogr\u00e1fico exclusivo obtenido por Diario El Trabajo, el modus operandi de los antisociales consideraba actuar con los rostros cubiertos con gorros pasamonta\u00f1a desde que descendieron del veh\u00edculo en el que se movilizaban.<br \/>\nAl ingresar hasta el interior del cajero autom\u00e1tico, instalaron un cilindro de gas el cual intervinieron para que comenzara a dispersar gas en el ambiente, mientras instalaban un cable conductor hasta la bater\u00eda del veh\u00edculo. Al cabo de unos minutos, manualmente provocaron una chispa juntando los cables para generar la explosi\u00f3n debido a la expansi\u00f3n del mon\u00f3xido de carbono.<br \/>\nAl mismo tiempo, el circuito fue protegido con la utilizaci\u00f3n de miguelitos y el encendido de barricadas para protegerse de la eventual llegada de Carabineros, que hasta esos momentos desconoc\u00eda los movimientos que se estaban ejecutando en dicho lugar.<\/p>\n<p><strong>P\u00c1NICO<\/strong><br \/>\nLuego del violento estruendo que desat\u00f3 el p\u00e1nico en el sector, transe\u00fantes y trabajadores de la Fundici\u00f3n Chagres, que fueron testigos del atentado, quedaron at\u00f3nitos observando una columna de humo que eman\u00f3 desde el interior del cajero. Sin embargo, la gran explosi\u00f3n no logr\u00f3 destruir el dispensador por lo cual los delincuentes no lograron obtener el dinero, dejando como consecuencia da\u00f1os materiales a la estructura.<br \/>\nEn tanto Carabineros fue alertado de este atentando a eso de las 00:25 horas, requiri\u00e9ndose la intervenci\u00f3n de efectivos policiales de las comunas de Catemu y Llay Llay que se vieron impedidos en su paso tras el uso de miguelitos arrojados en el pavimento.<\/p>\n<p><strong>LA PERSECUCI\u00d3N<\/strong><br \/>\nTras las fallidas maniobras, el grupo de antisociales abord\u00f3 r\u00e1pidamente el veh\u00edculo para emprender la hu\u00edda por la ruta 60 CH en direcci\u00f3n al poniente, siendo seguidos por patrullas de Carabineros a las que adem\u00e1s se unieron fuerzas con los efectivos de Tenencia de Carreteras San Felipe para activar un bloqueo en las rutas.<br \/>\nEl veh\u00edculo conducido por Juan Pedro Villarroel tom\u00f3 rumbo hacia el sector rural en direcci\u00f3n a La Estancilla, obligando a descender a los tres menores que a su suerte escaparon en medio de la oscuridad hacia predios agr\u00edcolas.<br \/>\nVillarroel continu\u00f3 la marcha a gran velocidad hasta el kil\u00f3metro 52 de la ruta 60 CH, perdiendo el control del m\u00f3vil para descender y escapar a pie, no obstante Carabineros logr\u00f3 reducirlo tras la intensa persecuci\u00f3n.<br \/>\nAl mismo tiempo, los menores de edad involucrados en estos hechos fueron capturados y reconocidos por expeler un fuerte olor a humo, uno de ellos presentaba una herida en su mano izquierda tras una quemadura, atribuy\u00e9ndose su participaci\u00f3n en el robo frustrado.<br \/>\nDentro de los peritajes policiales se estableci\u00f3 que el veh\u00edculo utilizado en el robo, marca Kia Sportage, pertenece a una ciudadana de la comuna de Recoleta que manten\u00eda encargo por robo desde el d\u00eda anterior de estos hechos.<br \/>\nHasta el lugar debi\u00f3 concurrir personal de la Secci\u00f3n de Investigaci\u00f3n Policial, SIP de Carabineros de San Felipe, para las primeras diligencias, incautando desde el sitio del suceso y del autom\u00f3vil: un cilindro de gas, dos cables el\u00e9ctricos, un chuzo met\u00e1lico, cables de acero, gorros de lana, guantes y una cantidad indeterminada de miguelitos, entre otros elementos.<br \/>\nAnte la gravedad de los sucesos, se dispuso de las pericias del personal especializado del GOPE de Carabineros para verificar la instalaci\u00f3n de alg\u00fan material explosivo dentro y fuera del cajero, lo que finalmente fue descartado.<br \/>\nDentro del aval\u00fao a los da\u00f1os ocasionados al dispensador del Banco Santander, \u00e9ste presentaba la destrucci\u00f3n de las mamparas de vidrio, muros interiores y la estructura del mismo cajero producto de la explosi\u00f3n de gas licuado.<\/p>\n<p><strong>JUICIO ORAL<\/strong><br \/>\nJuan Pedro Villarroel Aguilera, de 36 a\u00f1os de edad, con antecedentes delictuales por: porte de drogas, hurto y receptaci\u00f3n; adem\u00e1s de D.M.P.D. (17), I.A.S.P. (14) y S.S.C. (15), \u00e9ste \u00faltimo de nacionalidad colombiana, fueron formalizados por el delito de robo en lugar no habitado.<br \/>\nEl Tribunal de Garant\u00eda desde el d\u00eda de control de detenci\u00f3n, concedi\u00f3 la libertad a los tres adolescentes por no contar con antecedentes penales, bajo cautelares de arraigo nacional y la sujeci\u00f3n de supervisi\u00f3n del Servicio Nacional de Menores (Sename).<br \/>\nEn tanto Villarroel Aguilera qued\u00f3 bajo la cautelar de prisi\u00f3n preventiva a la espera de juicio oral que culmin\u00f3 esta semana, sentencia que quedar\u00e1 firme y ejecutoriada dentro de los pr\u00f3ximos d\u00edas, en el entendido que la Defensa no eleve un recurso de nulidad ante la Corte de Apelaciones.<br \/>\n<strong>Pablo Salinas Sald\u00edas<\/strong><\/p>\n<div class=\"tiled-gallery type-rectangular tiled-gallery-unresized\" data-original-width=\"640\" data-carousel-extra='null' itemscope itemtype=\"http:\/\/schema.org\/ImageGallery\" > <div class=\"gallery-row\" style=\"width: 640px; height: 282px;\" data-original-width=\"640\" data-original-height=\"282\" > <div class=\"gallery-group images-1\" style=\"width: 428px; height: 282px;\" data-original-width=\"428\" data-original-height=\"282\" > <div class=\"tiled-gallery-item tiled-gallery-item-large\" itemprop=\"associatedMedia\" itemscope itemtype=\"http:\/\/schema.org\/ImageObject\"> <a href=\"https:\/\/eltrabajo.cl\/portal\/enjuician-a-lider-de-banda-delictual-que-hizo-explotar-cajero-bancario\/foto-1-7\/\" border=\"0\" itemprop=\"url\"> <meta itemprop=\"width\" content=\"424\"> <meta itemprop=\"height\" content=\"278\"> <img decoding=\"async\" class=\"\" data-attachment-id=\"62318\" data-orig-file=\"https:\/\/eltrabajo.cl\/portal\/wp-content\/uploads\/2015\/09\/Foto-1.jpg\" data-orig-size=\"530,348\" data-comments-opened=\"1\" data-image-meta=\"{&quot;aperture&quot;:&quot;0&quot;,&quot;credit&quot;:&quot;Picasa&quot;,&quot;camera&quot;:&quot;&quot;,&quot;caption&quot;:&quot;&quot;,&quot;created_timestamp&quot;:&quot;0&quot;,&quot;copyright&quot;:&quot;&quot;,&quot;focal_length&quot;:&quot;0&quot;,&quot;iso&quot;:&quot;0&quot;,&quot;shutter_speed&quot;:&quot;0&quot;,&quot;title&quot;:&quot;&quot;,&quot;orientation&quot;:&quot;0&quot;}\" data-image-title=\"Foto 1\" data-image-description=\"&lt;p&gt;La imagen refleja los movimientos de la banda al interior del cajero para emanar gas licuado al interior del habit\u00e1culo para generar la explosi\u00f3n.&lt;\/p&gt; \" data-medium-file=\"https:\/\/i0.wp.com\/eltrabajo.cl\/portal\/wp-content\/uploads\/2015\/09\/Foto-1.jpg?fit=300%2C197&#038;ssl=1\" data-large-file=\"https:\/\/i0.wp.com\/eltrabajo.cl\/portal\/wp-content\/uploads\/2015\/09\/Foto-1.jpg?fit=530%2C348&#038;ssl=1\" src=\"https:\/\/i0.wp.com\/eltrabajo.cl\/portal\/wp-content\/uploads\/2015\/09\/Foto-1.jpg?w=424&#038;h=278&#038;ssl=1\" srcset=\"https:\/\/i0.wp.com\/eltrabajo.cl\/portal\/wp-content\/uploads\/2015\/09\/Foto-1.jpg?w=530&amp;ssl=1 530w, https:\/\/i0.wp.com\/eltrabajo.cl\/portal\/wp-content\/uploads\/2015\/09\/Foto-1.jpg?resize=200%2C131&amp;ssl=1 200w, https:\/\/i0.wp.com\/eltrabajo.cl\/portal\/wp-content\/uploads\/2015\/09\/Foto-1.jpg?resize=300%2C197&amp;ssl=1 300w, https:\/\/i0.wp.com\/eltrabajo.cl\/portal\/wp-content\/uploads\/2015\/09\/Foto-1.jpg?resize=228%2C150&amp;ssl=1 228w, https:\/\/i0.wp.com\/eltrabajo.cl\/portal\/wp-content\/uploads\/2015\/09\/Foto-1.jpg?resize=400%2C263&amp;ssl=1 400w\" width=\"424\" height=\"278\" loading=\"lazy\" data-original-width=\"424\" data-original-height=\"278\" itemprop=\"http:\/\/schema.org\/image\" title=\"Foto 1\" alt=\"La imagen refleja los movimientos de la banda al interior del cajero para emanar gas licuado al interior del habit\u00e1culo para generar la explosi\u00f3n.\" style=\"width: 424px; height: 278px;\" \/> <\/a> <div class=\"tiled-gallery-caption\" itemprop=\"caption description\"> La imagen refleja los movimientos de la banda al interior del cajero para emanar gas licuado al interior del habit\u00e1culo para generar la explosi\u00f3n. <\/div> <\/div> <\/div> <!-- close group --> <div class=\"gallery-group images-2\" style=\"width: 212px; height: 282px;\" data-original-width=\"212\" data-original-height=\"282\" > <div class=\"tiled-gallery-item tiled-gallery-item-small\" itemprop=\"associatedMedia\" itemscope itemtype=\"http:\/\/schema.org\/ImageObject\"> <a href=\"https:\/\/eltrabajo.cl\/portal\/enjuician-a-lider-de-banda-delictual-que-hizo-explotar-cajero-bancario\/foto-3-4\/\" border=\"0\" itemprop=\"url\"> <meta itemprop=\"width\" content=\"208\"> <meta itemprop=\"height\" content=\"137\"> <img decoding=\"async\" class=\"\" data-attachment-id=\"62319\" data-orig-file=\"https:\/\/eltrabajo.cl\/portal\/wp-content\/uploads\/2015\/09\/Foto-3.jpg\" data-orig-size=\"530,350\" data-comments-opened=\"1\" data-image-meta=\"{&quot;aperture&quot;:&quot;0&quot;,&quot;credit&quot;:&quot;Picasa&quot;,&quot;camera&quot;:&quot;&quot;,&quot;caption&quot;:&quot;&quot;,&quot;created_timestamp&quot;:&quot;0&quot;,&quot;copyright&quot;:&quot;&quot;,&quot;focal_length&quot;:&quot;0&quot;,&quot;iso&quot;:&quot;0&quot;,&quot;shutter_speed&quot;:&quot;0&quot;,&quot;title&quot;:&quot;&quot;,&quot;orientation&quot;:&quot;0&quot;}\" data-image-title=\"Foto 3\" data-image-description=\"&lt;p&gt;Los sujetos desde el exterior observan la gran explosi\u00f3n del cajero que sin embargo no logr\u00f3 destruirse sin obtener el dinero del dispensador.&lt;\/p&gt; \" data-medium-file=\"https:\/\/i0.wp.com\/eltrabajo.cl\/portal\/wp-content\/uploads\/2015\/09\/Foto-3.jpg?fit=300%2C198&#038;ssl=1\" data-large-file=\"https:\/\/i0.wp.com\/eltrabajo.cl\/portal\/wp-content\/uploads\/2015\/09\/Foto-3.jpg?fit=530%2C350&#038;ssl=1\" src=\"https:\/\/i0.wp.com\/eltrabajo.cl\/portal\/wp-content\/uploads\/2015\/09\/Foto-3.jpg?w=208&#038;h=137&#038;ssl=1\" srcset=\"https:\/\/i0.wp.com\/eltrabajo.cl\/portal\/wp-content\/uploads\/2015\/09\/Foto-3.jpg?w=530&amp;ssl=1 530w, https:\/\/i0.wp.com\/eltrabajo.cl\/portal\/wp-content\/uploads\/2015\/09\/Foto-3.jpg?resize=200%2C132&amp;ssl=1 200w, https:\/\/i0.wp.com\/eltrabajo.cl\/portal\/wp-content\/uploads\/2015\/09\/Foto-3.jpg?resize=300%2C198&amp;ssl=1 300w, https:\/\/i0.wp.com\/eltrabajo.cl\/portal\/wp-content\/uploads\/2015\/09\/Foto-3.jpg?resize=227%2C150&amp;ssl=1 227w, https:\/\/i0.wp.com\/eltrabajo.cl\/portal\/wp-content\/uploads\/2015\/09\/Foto-3.jpg?resize=400%2C264&amp;ssl=1 400w\" width=\"208\" height=\"137\" loading=\"lazy\" data-original-width=\"208\" data-original-height=\"137\" itemprop=\"http:\/\/schema.org\/image\" title=\"Foto 3\" alt=\"Los sujetos desde el exterior observan la gran explosi\u00f3n del cajero que sin embargo no logr\u00f3 destruirse sin obtener el dinero del dispensador.\" style=\"width: 208px; height: 137px;\" \/> <\/a> <div class=\"tiled-gallery-caption\" itemprop=\"caption description\"> Los sujetos desde el exterior observan la gran explosi\u00f3n del cajero que sin embargo no logr\u00f3 destruirse sin obtener el dinero del dispensador. <\/div> <\/div> <div class=\"tiled-gallery-item tiled-gallery-item-small\" itemprop=\"associatedMedia\" itemscope itemtype=\"http:\/\/schema.org\/ImageObject\"> <a href=\"https:\/\/eltrabajo.cl\/portal\/enjuician-a-lider-de-banda-delictual-que-hizo-explotar-cajero-bancario\/foto-5-3\/\" border=\"0\" itemprop=\"url\"> <meta itemprop=\"width\" content=\"208\"> <meta itemprop=\"height\" content=\"137\"> <img decoding=\"async\" class=\"\" data-attachment-id=\"62320\" data-orig-file=\"https:\/\/eltrabajo.cl\/portal\/wp-content\/uploads\/2015\/09\/Foto-5.jpg\" data-orig-size=\"530,348\" data-comments-opened=\"1\" data-image-meta=\"{&quot;aperture&quot;:&quot;0&quot;,&quot;credit&quot;:&quot;Picasa&quot;,&quot;camera&quot;:&quot;&quot;,&quot;caption&quot;:&quot;&quot;,&quot;created_timestamp&quot;:&quot;0&quot;,&quot;copyright&quot;:&quot;&quot;,&quot;focal_length&quot;:&quot;0&quot;,&quot;iso&quot;:&quot;0&quot;,&quot;shutter_speed&quot;:&quot;0&quot;,&quot;title&quot;:&quot;&quot;,&quot;orientation&quot;:&quot;0&quot;}\" data-image-title=\"Foto 5\" data-image-description=\"&lt;p&gt;Ante la llegada de Carabineros, los sujetos escaparon en el veh\u00edculo en direcci\u00f3n a la ruta 60 CH.&lt;\/p&gt; \" data-medium-file=\"https:\/\/i0.wp.com\/eltrabajo.cl\/portal\/wp-content\/uploads\/2015\/09\/Foto-5.jpg?fit=300%2C197&#038;ssl=1\" data-large-file=\"https:\/\/i0.wp.com\/eltrabajo.cl\/portal\/wp-content\/uploads\/2015\/09\/Foto-5.jpg?fit=530%2C348&#038;ssl=1\" src=\"https:\/\/i0.wp.com\/eltrabajo.cl\/portal\/wp-content\/uploads\/2015\/09\/Foto-5.jpg?w=208&#038;h=137&#038;ssl=1\" srcset=\"https:\/\/i0.wp.com\/eltrabajo.cl\/portal\/wp-content\/uploads\/2015\/09\/Foto-5.jpg?w=530&amp;ssl=1 530w, https:\/\/i0.wp.com\/eltrabajo.cl\/portal\/wp-content\/uploads\/2015\/09\/Foto-5.jpg?resize=200%2C131&amp;ssl=1 200w, https:\/\/i0.wp.com\/eltrabajo.cl\/portal\/wp-content\/uploads\/2015\/09\/Foto-5.jpg?resize=300%2C197&amp;ssl=1 300w, https:\/\/i0.wp.com\/eltrabajo.cl\/portal\/wp-content\/uploads\/2015\/09\/Foto-5.jpg?resize=228%2C150&amp;ssl=1 228w, https:\/\/i0.wp.com\/eltrabajo.cl\/portal\/wp-content\/uploads\/2015\/09\/Foto-5.jpg?resize=400%2C263&amp;ssl=1 400w\" width=\"208\" height=\"137\" loading=\"lazy\" data-original-width=\"208\" data-original-height=\"137\" itemprop=\"http:\/\/schema.org\/image\" title=\"Foto 5\" alt=\"Ante la llegada de Carabineros, los sujetos escaparon en el veh\u00edculo en direcci\u00f3n a la ruta 60 CH.\" style=\"width: 208px; height: 137px;\" \/> <\/a> <div class=\"tiled-gallery-caption\" itemprop=\"caption description\"> Ante la llegada de Carabineros, los sujetos escaparon en el veh\u00edculo en direcci\u00f3n a la ruta 60 CH. <\/div> <\/div> <\/div> <!-- close group --> <\/div> <!-- close row --> <\/div>\n","protected":false},"excerpt":{"rendered":"<p>La Fiscal\u00eda de San Felipe acus\u00f3 a Juan Pedro Villarroel Aguilera y tras un juicio, el Tribunal lo conden\u00f3 por los delitos de robo con fuerza al cajero autom\u00e1tico en el sector&#8230;<\/p>\n","protected":false},"author":482,"featured_media":62317,"comment_status":"open","ping_status":"open","sticky":false,"template":"","format":"standard","meta":{"advanced_seo_description":"","jetpack_seo_html_title":"","jetpack_seo_noindex":false,"_jetpack_memberships_contains_paid_content":false,"footnotes":""},"categories":[21],"tags":[],"class_list":["post-62313","post","type-post","status-publish","format-standard","has-post-thumbnail","hentry","category-policial"],"jetpack_featured_media_url":"https:\/\/i0.wp.com\/eltrabajo.cl\/portal\/wp-content\/uploads\/2015\/09\/CONDENADO-VILLARROEL.jpg?fit=530%2C350&ssl=1","jetpack_sharing_enabled":true,"jetpack_likes_enabled":true,"jetpack-related-posts":[],"_links":{"self":[{"href":"https:\/\/eltrabajo.cl\/portal\/wp-json\/wp\/v2\/posts\/62313","targetHints":{"allow":["GET"]}}],"collection":[{"href":"https:\/\/eltrabajo.cl\/portal\/wp-json\/wp\/v2\/posts"}],"about":[{"href":"https:\/\/eltrabajo.cl\/portal\/wp-json\/wp\/v2\/types\/post"}],"author":[{"embeddable":true,"href":"https:\/\/eltrabajo.cl\/portal\/wp-json\/wp\/v2\/users\/482"}],"replies":[{"embeddable":true,"href":"https:\/\/eltrabajo.cl\/portal\/wp-json\/wp\/v2\/comments?post=62313"}],"version-history":[{"count":0,"href":"https:\/\/eltrabajo.cl\/portal\/wp-json\/wp\/v2\/posts\/62313\/revisions"}],"wp:featuredmedia":[{"embeddable":true,"href":"https:\/\/eltrabajo.cl\/portal\/wp-json\/wp\/v2\/media\/62317"}],"wp:attachment":[{"href":"https:\/\/eltrabajo.cl\/portal\/wp-json\/wp\/v2\/media?parent=62313"}],"wp:term":[{"taxonomy":"category","embeddable":true,"href":"https:\/\/eltrabajo.cl\/portal\/wp-json\/wp\/v2\/categories?post=62313"},{"taxonomy":"post_tag","embeddable":true,"href":"https:\/\/eltrabajo.cl\/portal\/wp-json\/wp\/v2\/tags?post=62313"}],"curies":[{"name":"wp","href":"https:\/\/api.w.org\/{rel}","templated":true}]}}