{"id":62322,"date":"2015-09-25T11:15:16","date_gmt":"2015-09-25T14:15:16","guid":{"rendered":"http:\/\/www.eltrabajo.cl\/portal\/?p=62322"},"modified":"2015-09-26T23:18:22","modified_gmt":"2015-09-27T02:18:22","slug":"incendio-destruyo-totalmente-vivienda-de-universitarios-en-villa-el-senorial","status":"publish","type":"post","link":"https:\/\/eltrabajo.cl\/portal\/incendio-destruyo-totalmente-vivienda-de-universitarios-en-villa-el-senorial\/","title":{"rendered":"Incendio destruy\u00f3 totalmente vivienda de universitarios en Villa El Se\u00f1orial"},"content":{"rendered":"<figure id=\"attachment_62324\" aria-describedby=\"caption-attachment-62324\" style=\"width: 530px\" class=\"wp-caption alignleft\"><a href=\"http:\/\/www.eltrabajo.cl\/portal\/incendio-destruyo-totalmente-vivienda-de-universitarios-en-villa-el-senorial\/incendio-univeristarios-el-senorial-2\/\" rel=\"attachment wp-att-62324\"><img data-recalc-dims=\"1\" loading=\"lazy\" decoding=\"async\" class=\"size-full wp-image-62324\" src=\"https:\/\/i0.wp.com\/www.eltrabajo.cl\/portal\/wp-content\/uploads\/2015\/09\/incendio-univeristarios-el-se%C3%B1orial-2.jpg?resize=530%2C350\" alt=\"Las llamas consumieron por completo la vivienda. (Foto gentileza Nelson Leiva).\" width=\"530\" height=\"350\" srcset=\"https:\/\/i0.wp.com\/eltrabajo.cl\/portal\/wp-content\/uploads\/2015\/09\/incendio-univeristarios-el-se%C3%B1orial-2.jpg?w=530&amp;ssl=1 530w, https:\/\/i0.wp.com\/eltrabajo.cl\/portal\/wp-content\/uploads\/2015\/09\/incendio-univeristarios-el-se%C3%B1orial-2.jpg?resize=200%2C132&amp;ssl=1 200w, https:\/\/i0.wp.com\/eltrabajo.cl\/portal\/wp-content\/uploads\/2015\/09\/incendio-univeristarios-el-se%C3%B1orial-2.jpg?resize=300%2C198&amp;ssl=1 300w, https:\/\/i0.wp.com\/eltrabajo.cl\/portal\/wp-content\/uploads\/2015\/09\/incendio-univeristarios-el-se%C3%B1orial-2.jpg?resize=227%2C150&amp;ssl=1 227w, https:\/\/i0.wp.com\/eltrabajo.cl\/portal\/wp-content\/uploads\/2015\/09\/incendio-univeristarios-el-se%C3%B1orial-2.jpg?resize=400%2C264&amp;ssl=1 400w\" sizes=\"auto, (max-width: 530px) 100vw, 530px\" \/><\/a><figcaption id=\"caption-attachment-62324\" class=\"wp-caption-text\">Las llamas consumieron por completo la vivienda. (Foto gentileza Nelson Leiva).<\/figcaption><\/figure>\n<p>Una vivienda totalmente destruida dej\u00f3 un incendio desatado la noche del jueves en calle Graciela Espinoza 1.400 de la villa El Se\u00f1orial en San Felipe, dejando solamente con lo puesto a sus ocupantes, todos alumnos universitarios que arrendaban el inmueble.<\/p>\n<p>El siniestro se desat\u00f3 alrededor de las 22:30 horas, por causas que se desconocen.<\/p>\n<p>El fuego destruy\u00f3 totalmente el inmueble, al igual que una ampliaci\u00f3n, dejando cuantiosos da\u00f1os al destruir por completo la vivienda con todos sus enseres en su interior.<\/p>\n<p>El Comandante del Cuerpo de Bomberos de San Felipe, Juan Carlos Herrera Lillo, inform\u00f3 que al llegar las primeras m\u00e1quinas al lugar, el fuego ya estaba declarado, por lo cual nada pudo salvarse a pesar que intervinieron m\u00e1s de treinta voluntarios que tras un arduo trabajo lograron evitar que las llamas se propagaran a las viviendas vecinas.<\/p>\n<figure id=\"attachment_62323\" aria-describedby=\"caption-attachment-62323\" style=\"width: 530px\" class=\"wp-caption alignleft\"><a href=\"http:\/\/www.eltrabajo.cl\/portal\/incendio-destruyo-totalmente-vivienda-de-universitarios-en-villa-el-senorial\/incendio-univeristarios-el-senorial-1\/\" rel=\"attachment wp-att-62323\"><img data-recalc-dims=\"1\" loading=\"lazy\" decoding=\"async\" class=\"size-full wp-image-62323\" src=\"https:\/\/i0.wp.com\/www.eltrabajo.cl\/portal\/wp-content\/uploads\/2015\/09\/incendio-univeristarios-el-se%C3%B1orial-1.jpg?resize=530%2C348\" alt=\"A la llegada de Bomberos el siniestro estaba declarado por lo que no fue posible salvar el inmueble.\" width=\"530\" height=\"348\" srcset=\"https:\/\/i0.wp.com\/eltrabajo.cl\/portal\/wp-content\/uploads\/2015\/09\/incendio-univeristarios-el-se%C3%B1orial-1.jpg?w=530&amp;ssl=1 530w, https:\/\/i0.wp.com\/eltrabajo.cl\/portal\/wp-content\/uploads\/2015\/09\/incendio-univeristarios-el-se%C3%B1orial-1.jpg?resize=200%2C131&amp;ssl=1 200w, https:\/\/i0.wp.com\/eltrabajo.cl\/portal\/wp-content\/uploads\/2015\/09\/incendio-univeristarios-el-se%C3%B1orial-1.jpg?resize=300%2C197&amp;ssl=1 300w, https:\/\/i0.wp.com\/eltrabajo.cl\/portal\/wp-content\/uploads\/2015\/09\/incendio-univeristarios-el-se%C3%B1orial-1.jpg?resize=228%2C150&amp;ssl=1 228w, https:\/\/i0.wp.com\/eltrabajo.cl\/portal\/wp-content\/uploads\/2015\/09\/incendio-univeristarios-el-se%C3%B1orial-1.jpg?resize=400%2C263&amp;ssl=1 400w\" sizes=\"auto, (max-width: 530px) 100vw, 530px\" \/><\/a><figcaption id=\"caption-attachment-62323\" class=\"wp-caption-text\">A la llegada de Bomberos el siniestro estaba declarado por lo que no fue posible salvar el inmueble.<\/figcaption><\/figure>\n<p>&nbsp;<\/p>\n<p>&nbsp;<\/p>\n<p>&nbsp;<\/p>\n<p>&nbsp;<\/p>\n<p>&nbsp;<\/p>\n<p>&nbsp;<\/p>\n<p>&nbsp;<\/p>\n<p>&nbsp;<\/p>\n","protected":false},"excerpt":{"rendered":"<p>Una vivienda totalmente destruida dej\u00f3 un incendio desatado la noche del jueves en calle Graciela Espinoza 1.400 de la villa El Se\u00f1orial en San Felipe, dejando solamente con lo puesto a sus&#8230;<\/p>\n","protected":false},"author":1,"featured_media":62324,"comment_status":"open","ping_status":"open","sticky":false,"template":"","format":"standard","meta":{"advanced_seo_description":"","jetpack_seo_html_title":"","jetpack_seo_noindex":false,"_jetpack_memberships_contains_paid_content":false,"footnotes":""},"categories":[21],"tags":[],"class_list":["post-62322","post","type-post","status-publish","format-standard","has-post-thumbnail","hentry","category-policial"],"jetpack_featured_media_url":"https:\/\/i0.wp.com\/eltrabajo.cl\/portal\/wp-content\/uploads\/2015\/09\/incendio-univeristarios-el-se%C3%B1orial-2.jpg?fit=530%2C350&ssl=1","jetpack_sharing_enabled":true,"jetpack_likes_enabled":true,"jetpack-related-posts":[],"_links":{"self":[{"href":"https:\/\/eltrabajo.cl\/portal\/wp-json\/wp\/v2\/posts\/62322","targetHints":{"allow":["GET"]}}],"collection":[{"href":"https:\/\/eltrabajo.cl\/portal\/wp-json\/wp\/v2\/posts"}],"about":[{"href":"https:\/\/eltrabajo.cl\/portal\/wp-json\/wp\/v2\/types\/post"}],"author":[{"embeddable":true,"href":"https:\/\/eltrabajo.cl\/portal\/wp-json\/wp\/v2\/users\/1"}],"replies":[{"embeddable":true,"href":"https:\/\/eltrabajo.cl\/portal\/wp-json\/wp\/v2\/comments?post=62322"}],"version-history":[{"count":0,"href":"https:\/\/eltrabajo.cl\/portal\/wp-json\/wp\/v2\/posts\/62322\/revisions"}],"wp:featuredmedia":[{"embeddable":true,"href":"https:\/\/eltrabajo.cl\/portal\/wp-json\/wp\/v2\/media\/62324"}],"wp:attachment":[{"href":"https:\/\/eltrabajo.cl\/portal\/wp-json\/wp\/v2\/media?parent=62322"}],"wp:term":[{"taxonomy":"category","embeddable":true,"href":"https:\/\/eltrabajo.cl\/portal\/wp-json\/wp\/v2\/categories?post=62322"},{"taxonomy":"post_tag","embeddable":true,"href":"https:\/\/eltrabajo.cl\/portal\/wp-json\/wp\/v2\/tags?post=62322"}],"curies":[{"name":"wp","href":"https:\/\/api.w.org\/{rel}","templated":true}]}}