{"id":62327,"date":"2015-09-25T12:00:25","date_gmt":"2015-09-25T15:00:25","guid":{"rendered":"http:\/\/www.eltrabajo.cl\/portal\/?p=62327"},"modified":"2015-09-25T14:34:18","modified_gmt":"2015-09-25T17:34:18","slug":"a-mano-armada-se-llevaron-dos-camiones-y-dos-retroexcavadoras","status":"publish","type":"post","link":"https:\/\/eltrabajo.cl\/portal\/a-mano-armada-se-llevaron-dos-camiones-y-dos-retroexcavadoras\/","title":{"rendered":"A mano armada se llevaron dos camiones y dos retroexcavadoras"},"content":{"rendered":"<figure id=\"attachment_62330\" aria-describedby=\"caption-attachment-62330\" style=\"width: 530px\" class=\"wp-caption alignleft\"><a href=\"http:\/\/www.eltrabajo.cl\/portal\/a-mano-armada-se-llevaron-dos-camiones-y-dos-retroexcavadoras\/retroexcavadora-2\/\" rel=\"attachment wp-att-62330\"><img data-recalc-dims=\"1\" loading=\"lazy\" decoding=\"async\" class=\"size-full wp-image-62330\" src=\"https:\/\/i0.wp.com\/www.eltrabajo.cl\/portal\/wp-content\/uploads\/2015\/09\/retroexcavadora-2.jpg?resize=530%2C349\" alt=\"Dos m\u00e1quinas como \u00e9sta adem\u00e1s de dos camiones fueron las robadas por los delincuentes.\" width=\"530\" height=\"349\" srcset=\"https:\/\/i0.wp.com\/eltrabajo.cl\/portal\/wp-content\/uploads\/2015\/09\/retroexcavadora-2.jpg?w=530&amp;ssl=1 530w, https:\/\/i0.wp.com\/eltrabajo.cl\/portal\/wp-content\/uploads\/2015\/09\/retroexcavadora-2.jpg?resize=200%2C132&amp;ssl=1 200w, https:\/\/i0.wp.com\/eltrabajo.cl\/portal\/wp-content\/uploads\/2015\/09\/retroexcavadora-2.jpg?resize=300%2C198&amp;ssl=1 300w, https:\/\/i0.wp.com\/eltrabajo.cl\/portal\/wp-content\/uploads\/2015\/09\/retroexcavadora-2.jpg?resize=228%2C150&amp;ssl=1 228w, https:\/\/i0.wp.com\/eltrabajo.cl\/portal\/wp-content\/uploads\/2015\/09\/retroexcavadora-2.jpg?resize=400%2C263&amp;ssl=1 400w\" sizes=\"auto, (max-width: 530px) 100vw, 530px\" \/><\/a><figcaption id=\"caption-attachment-62330\" class=\"wp-caption-text\">Dos m\u00e1quinas como \u00e9sta adem\u00e1s de dos camiones fueron las robadas por los delincuentes.<\/figcaption><\/figure>\n<ul>\n<li><strong>Golpearon a matrimonio que cuidaba el predio. Personal de Carabineros logr\u00f3 recuperar las especies, registr\u00e1ndose disparos tras lo cual los delincuentes huyeron hacia los cerros.<\/strong><\/li>\n<\/ul>\n<p>&nbsp;<\/p>\n<p>Un violento asalto a mano armada perpetraron delincuentes que ingresaron hasta un predio en la comuna de Llay Llay, donde procedieron a golpear a un matrimonio que cuidaba el lugar para llevarse dos retroexcavadoras que montaron sobre dos camiones, huyendo con los cuatro veh\u00edculos pertenecientes a una empresa que presta servicios a Codelco y Angloamerican.<\/p>\n<p>El hecho se registr\u00f3 la noche de ayer\u00a0cuando cinco delincuente irrumpieron en el hogar del matrimonio que cuidaba los veh\u00edculos pertenecientes a la empresa RFV, la cual se encuentra realizando algunos trabajos en el sector de Las Chilcas y dejaba las m\u00e1quinas al cuidado del matrimonio.<\/p>\n<p>Seg\u00fan se pudo conocer, los delincuentes actuaron con bastante violencia, golpeando a la mujer para apoderarse de\u00a0las dos retroexcavadoras y los dos camiones, emprendiendo r\u00e1pidamente la huida del lugar.<\/p>\n<p>Siempre en el plano extraoficial, se pudo conocer que durante la carga de las m\u00e1quinas sobre los veh\u00edculos se dep\u00f3sito una gran mancha de aceite en el suelo, lo que llam\u00f3 la atenci\u00f3n de algunas personas que informaron del hecho a Carabineros, inici\u00e1ndose un patrullaje por el sector, logrando dar con los delincuentes, produci\u00e9ndose disparos, logrando finalmente la recuperaci\u00f3n de las especies.<\/p>\n<p>&nbsp;<\/p>\n<p>&nbsp;<\/p>\n","protected":false},"excerpt":{"rendered":"<p>Golpearon a matrimonio que cuidaba el predio. Personal de Carabineros logr\u00f3 recuperar las especies, registr\u00e1ndose disparos tras lo cual los delincuentes huyeron hacia los cerros. &nbsp; Un violento asalto a mano armada&#8230;<\/p>\n","protected":false},"author":1,"featured_media":62330,"comment_status":"open","ping_status":"open","sticky":false,"template":"","format":"standard","meta":{"advanced_seo_description":"","jetpack_seo_html_title":"","jetpack_seo_noindex":false,"_jetpack_memberships_contains_paid_content":false,"footnotes":""},"categories":[21],"tags":[],"class_list":["post-62327","post","type-post","status-publish","format-standard","has-post-thumbnail","hentry","category-policial"],"jetpack_featured_media_url":"https:\/\/i0.wp.com\/eltrabajo.cl\/portal\/wp-content\/uploads\/2015\/09\/retroexcavadora-2.jpg?fit=530%2C349&ssl=1","jetpack_sharing_enabled":true,"jetpack_likes_enabled":true,"jetpack-related-posts":[],"_links":{"self":[{"href":"https:\/\/eltrabajo.cl\/portal\/wp-json\/wp\/v2\/posts\/62327","targetHints":{"allow":["GET"]}}],"collection":[{"href":"https:\/\/eltrabajo.cl\/portal\/wp-json\/wp\/v2\/posts"}],"about":[{"href":"https:\/\/eltrabajo.cl\/portal\/wp-json\/wp\/v2\/types\/post"}],"author":[{"embeddable":true,"href":"https:\/\/eltrabajo.cl\/portal\/wp-json\/wp\/v2\/users\/1"}],"replies":[{"embeddable":true,"href":"https:\/\/eltrabajo.cl\/portal\/wp-json\/wp\/v2\/comments?post=62327"}],"version-history":[{"count":0,"href":"https:\/\/eltrabajo.cl\/portal\/wp-json\/wp\/v2\/posts\/62327\/revisions"}],"wp:featuredmedia":[{"embeddable":true,"href":"https:\/\/eltrabajo.cl\/portal\/wp-json\/wp\/v2\/media\/62330"}],"wp:attachment":[{"href":"https:\/\/eltrabajo.cl\/portal\/wp-json\/wp\/v2\/media?parent=62327"}],"wp:term":[{"taxonomy":"category","embeddable":true,"href":"https:\/\/eltrabajo.cl\/portal\/wp-json\/wp\/v2\/categories?post=62327"},{"taxonomy":"post_tag","embeddable":true,"href":"https:\/\/eltrabajo.cl\/portal\/wp-json\/wp\/v2\/tags?post=62327"}],"curies":[{"name":"wp","href":"https:\/\/api.w.org\/{rel}","templated":true}]}}