{"id":62342,"date":"2015-09-28T09:24:01","date_gmt":"2015-09-28T12:24:01","guid":{"rendered":"http:\/\/www.eltrabajo.cl\/portal\/?p=62342"},"modified":"2015-09-28T09:24:01","modified_gmt":"2015-09-28T12:24:01","slug":"core-stevenson-asume-la-presidencia-de-la-comision-de-educacion-cultura-y-deportes-del-consejo-regional","status":"publish","type":"post","link":"https:\/\/eltrabajo.cl\/portal\/core-stevenson-asume-la-presidencia-de-la-comision-de-educacion-cultura-y-deportes-del-consejo-regional\/","title":{"rendered":"Core Stevenson asume la Presidencia de la Comisi\u00f3n de Educaci\u00f3n, Cultura y Deportes del Consejo Regional"},"content":{"rendered":"<figure id=\"attachment_62343\" aria-describedby=\"caption-attachment-62343\" style=\"width: 300px\" class=\"wp-caption alignleft\"><a href=\"https:\/\/i0.wp.com\/www.eltrabajo.cl\/portal\/wp-content\/uploads\/2015\/09\/Rolando-Stevenson.jpg\"><img data-recalc-dims=\"1\" loading=\"lazy\" decoding=\"async\" class=\"wp-image-62343 size-medium\" src=\"https:\/\/i0.wp.com\/www.eltrabajo.cl\/portal\/wp-content\/uploads\/2015\/09\/Rolando-Stevenson-300x198.jpg?resize=300%2C198\" alt=\"Rolando Stevenson, Consejero Regional.\" width=\"300\" height=\"198\" srcset=\"https:\/\/i0.wp.com\/eltrabajo.cl\/portal\/wp-content\/uploads\/2015\/09\/Rolando-Stevenson.jpg?resize=300%2C198&amp;ssl=1 300w, https:\/\/i0.wp.com\/eltrabajo.cl\/portal\/wp-content\/uploads\/2015\/09\/Rolando-Stevenson.jpg?resize=200%2C132&amp;ssl=1 200w, https:\/\/i0.wp.com\/eltrabajo.cl\/portal\/wp-content\/uploads\/2015\/09\/Rolando-Stevenson.jpg?resize=228%2C150&amp;ssl=1 228w, https:\/\/i0.wp.com\/eltrabajo.cl\/portal\/wp-content\/uploads\/2015\/09\/Rolando-Stevenson.jpg?resize=400%2C263&amp;ssl=1 400w, https:\/\/i0.wp.com\/eltrabajo.cl\/portal\/wp-content\/uploads\/2015\/09\/Rolando-Stevenson.jpg?w=530&amp;ssl=1 530w\" sizes=\"auto, (max-width: 300px) 100vw, 300px\" \/><\/a><figcaption id=\"caption-attachment-62343\" class=\"wp-caption-text\">Rolando Stevenson, Consejero Regional.<\/figcaption><\/figure>\n<p>Desde el 1\u00ba de octubre, la Comisi\u00f3n de Educaci\u00f3n Arte, Cultura, Deportes y Recreaci\u00f3n del Gobierno Regional, ser\u00e1 presidida por el Consejero Regional Rolando Stevenson seg\u00fan lo acordado en la \u00faltima sesi\u00f3n plenaria de este organismo.<br \/>\nConsultado Stevenson sobre el programa que realizar\u00e1 durante su gesti\u00f3n, se\u00f1al\u00f3 que lo primero es la puesta en marcha del 3\u00ba concurso de proyectos culturales, deportivos y de protecci\u00f3n civil que se extiende desde el 30 de septiembre hasta las 12 hrs del 21 de octubre 2015. Para luego continuar con la proyecci\u00f3n de las reformad educacionales en el contexto regional y el mejoramiento de la reglamentaci\u00f3n de postulaci\u00f3n a proyectos por parte de la comunidad de manera de aumentar el n\u00famero de instituciones beneficiadas las que ser\u00e1n invitadas a dar su opini\u00f3n al respecto.<\/p>\n<p><strong>TERCER LLAMADO PROYECTOS CULTURA, DEPORTE Y PROTECCI\u00d3N CIVIL<\/strong><br \/>\nEste llamado que considera m\u00e1s de 1. 200 millones de pesos, destinado solo para organizaciones sociales pues en esta oportunidad quedan fuera los municipios.<br \/>\nLos valores de apoyo a proyectos de cultura y deportes varia de $ 500 mil a 4 o 6 millones seg\u00fan se trate de organismos de base o federaciones, fundaciones o corporaciones respectivamente.<br \/>\nEn cuanto a los proyectos de protecci\u00f3n civil y seguridad ciudadana los montos parten de1 a 6 millones de pesos.<br \/>\n\u00abLos proyectos deben ajustarse estrictamente a las condiciones exigidas pues, cualquier falta al respecto, de inmediato deja la postulaci\u00f3n fuera de competencia\u00bb, aseguro el core Stevenson quien reitero el deseo que aumenten las organizaciones participantes cuyos proyectos aprobados se realizaran a partir de Enero 2016.<\/p>\n","protected":false},"excerpt":{"rendered":"<p>Desde el 1\u00ba de octubre, la Comisi\u00f3n de Educaci\u00f3n Arte, Cultura, Deportes y Recreaci\u00f3n del Gobierno Regional, ser\u00e1 presidida por el Consejero Regional Rolando Stevenson seg\u00fan lo acordado en la \u00faltima sesi\u00f3n&#8230;<\/p>\n","protected":false},"author":482,"featured_media":62343,"comment_status":"open","ping_status":"open","sticky":false,"template":"","format":"standard","meta":{"advanced_seo_description":"","jetpack_seo_html_title":"","jetpack_seo_noindex":false,"_jetpack_memberships_contains_paid_content":false,"footnotes":""},"categories":[15],"tags":[],"class_list":["post-62342","post","type-post","status-publish","format-standard","has-post-thumbnail","hentry","category-comunidad"],"jetpack_featured_media_url":"https:\/\/i0.wp.com\/eltrabajo.cl\/portal\/wp-content\/uploads\/2015\/09\/Rolando-Stevenson.jpg?fit=530%2C349&ssl=1","jetpack_sharing_enabled":true,"jetpack_likes_enabled":true,"jetpack-related-posts":[],"_links":{"self":[{"href":"https:\/\/eltrabajo.cl\/portal\/wp-json\/wp\/v2\/posts\/62342","targetHints":{"allow":["GET"]}}],"collection":[{"href":"https:\/\/eltrabajo.cl\/portal\/wp-json\/wp\/v2\/posts"}],"about":[{"href":"https:\/\/eltrabajo.cl\/portal\/wp-json\/wp\/v2\/types\/post"}],"author":[{"embeddable":true,"href":"https:\/\/eltrabajo.cl\/portal\/wp-json\/wp\/v2\/users\/482"}],"replies":[{"embeddable":true,"href":"https:\/\/eltrabajo.cl\/portal\/wp-json\/wp\/v2\/comments?post=62342"}],"version-history":[{"count":0,"href":"https:\/\/eltrabajo.cl\/portal\/wp-json\/wp\/v2\/posts\/62342\/revisions"}],"wp:featuredmedia":[{"embeddable":true,"href":"https:\/\/eltrabajo.cl\/portal\/wp-json\/wp\/v2\/media\/62343"}],"wp:attachment":[{"href":"https:\/\/eltrabajo.cl\/portal\/wp-json\/wp\/v2\/media?parent=62342"}],"wp:term":[{"taxonomy":"category","embeddable":true,"href":"https:\/\/eltrabajo.cl\/portal\/wp-json\/wp\/v2\/categories?post=62342"},{"taxonomy":"post_tag","embeddable":true,"href":"https:\/\/eltrabajo.cl\/portal\/wp-json\/wp\/v2\/tags?post=62342"}],"curies":[{"name":"wp","href":"https:\/\/api.w.org\/{rel}","templated":true}]}}