{"id":62350,"date":"2015-09-28T09:28:41","date_gmt":"2015-09-28T12:28:41","guid":{"rendered":"http:\/\/www.eltrabajo.cl\/portal\/?p=62350"},"modified":"2015-09-28T09:28:41","modified_gmt":"2015-09-28T12:28:41","slug":"omil-y-cei-dan-inicio-a-ciclo-de-talleres-para-microempresarios","status":"publish","type":"post","link":"https:\/\/eltrabajo.cl\/portal\/omil-y-cei-dan-inicio-a-ciclo-de-talleres-para-microempresarios\/","title":{"rendered":"Omil y CEI dan inicio a ciclo de talleres para microempresarios"},"content":{"rendered":"<figure id=\"attachment_62351\" aria-describedby=\"caption-attachment-62351\" style=\"width: 300px\" class=\"wp-caption alignleft\"><a href=\"https:\/\/i0.wp.com\/www.eltrabajo.cl\/portal\/wp-content\/uploads\/2015\/09\/taller-microempresarios-omil-cei-upla.jpg\"><img data-recalc-dims=\"1\" loading=\"lazy\" decoding=\"async\" class=\"wp-image-62351 size-medium\" src=\"https:\/\/i0.wp.com\/www.eltrabajo.cl\/portal\/wp-content\/uploads\/2015\/09\/taller-microempresarios-omil-cei-upla-300x198.jpg?resize=300%2C198\" alt=\"Este jueves 24, en la sala m\u00faltiple de la Municipalidad de Llay Llay, comenzaron los talleres de creatividad para microempresarios.\" width=\"300\" height=\"198\" srcset=\"https:\/\/i0.wp.com\/eltrabajo.cl\/portal\/wp-content\/uploads\/2015\/09\/taller-microempresarios-omil-cei-upla.jpg?resize=300%2C198&amp;ssl=1 300w, https:\/\/i0.wp.com\/eltrabajo.cl\/portal\/wp-content\/uploads\/2015\/09\/taller-microempresarios-omil-cei-upla.jpg?resize=200%2C132&amp;ssl=1 200w, https:\/\/i0.wp.com\/eltrabajo.cl\/portal\/wp-content\/uploads\/2015\/09\/taller-microempresarios-omil-cei-upla.jpg?resize=228%2C150&amp;ssl=1 228w, https:\/\/i0.wp.com\/eltrabajo.cl\/portal\/wp-content\/uploads\/2015\/09\/taller-microempresarios-omil-cei-upla.jpg?resize=400%2C263&amp;ssl=1 400w, https:\/\/i0.wp.com\/eltrabajo.cl\/portal\/wp-content\/uploads\/2015\/09\/taller-microempresarios-omil-cei-upla.jpg?w=530&amp;ssl=1 530w\" sizes=\"auto, (max-width: 300px) 100vw, 300px\" \/><\/a><figcaption id=\"caption-attachment-62351\" class=\"wp-caption-text\">Este jueves 24, en la sala m\u00faltiple de la Municipalidad de Llay Llay, comenzaron los talleres de creatividad para microempresarios.<\/figcaption><\/figure>\n<p><strong>LLAY LLAY<\/strong>.- La Oficina Municipal de Intermediaci\u00f3n Laboral (Omil) de la ciudad del Viento inici\u00f3 trabajo en conjunto con el Centro de Emprendimiento e Innovaci\u00f3n (CEI) de la Universidad de Playa Ancha y Prodesal; con el objetivo de entregar herramientas innovadoras y creativas a emprendedores de Llay Llay.<br \/>\nLas clases partieron la tarde de este jueves 24 de septiembre, en la sala m\u00faltiple de la Municipalidad de Llay Llay.<br \/>\nEl taller impartido tuvo la tem\u00e1tica de la Creatividad, donde los participantes dieron rienda suelta a su imaginaci\u00f3n en la creaci\u00f3n de ideas novedosas y creativas de negocios. Los emprendimientos surgen a partir de la visualizaci\u00f3n y posterior puesta en marcha de Ideas. Un tema sobre el cual Karina Rebolledo explic\u00f3 a sus m\u00e1s de 15 atentos alumnos \u201cla creatividad en los negocios debe tender a la innovaci\u00f3n, si no es as\u00ed, de nada sirve. El innovador es el que se encarga de hacer realidad las Ideas, es decir se encarga de hacerlas pasar del sue\u00f1o a la realidad\u201d.<br \/>\nEn la actividad estuvieron la jefa de la Omil, Margarita C\u00e1rcamo; el encargado de Sence Valpara\u00edso Julio Bravo; el jefe t\u00e9cnico de la l\u00ednea agr\u00edcola de Prodesal , Ra\u00fal Vega, el t\u00e9cnico agr\u00edcola, Adri\u00e1n Silva.<br \/>\nPara las pr\u00f3ximas dos clases est\u00e1n programados talleres de crecimiento e innovaci\u00f3n y crecimiento de negocios.<br \/>\nMarianela Quevedo<\/p>\n","protected":false},"excerpt":{"rendered":"<p>LLAY LLAY.- La Oficina Municipal de Intermediaci\u00f3n Laboral (Omil) de la ciudad del Viento inici\u00f3 trabajo en conjunto con el Centro de Emprendimiento e Innovaci\u00f3n (CEI) de la Universidad de Playa Ancha&#8230;<\/p>\n","protected":false},"author":482,"featured_media":62351,"comment_status":"open","ping_status":"open","sticky":false,"template":"","format":"standard","meta":{"advanced_seo_description":"","jetpack_seo_html_title":"","jetpack_seo_noindex":false,"_jetpack_memberships_contains_paid_content":false,"footnotes":""},"categories":[1],"tags":[],"class_list":["post-62350","post","type-post","status-publish","format-standard","has-post-thumbnail","hentry","category-cronica"],"jetpack_featured_media_url":"https:\/\/i0.wp.com\/eltrabajo.cl\/portal\/wp-content\/uploads\/2015\/09\/taller-microempresarios-omil-cei-upla.jpg?fit=530%2C349&ssl=1","jetpack_sharing_enabled":true,"jetpack_likes_enabled":true,"jetpack-related-posts":[],"_links":{"self":[{"href":"https:\/\/eltrabajo.cl\/portal\/wp-json\/wp\/v2\/posts\/62350","targetHints":{"allow":["GET"]}}],"collection":[{"href":"https:\/\/eltrabajo.cl\/portal\/wp-json\/wp\/v2\/posts"}],"about":[{"href":"https:\/\/eltrabajo.cl\/portal\/wp-json\/wp\/v2\/types\/post"}],"author":[{"embeddable":true,"href":"https:\/\/eltrabajo.cl\/portal\/wp-json\/wp\/v2\/users\/482"}],"replies":[{"embeddable":true,"href":"https:\/\/eltrabajo.cl\/portal\/wp-json\/wp\/v2\/comments?post=62350"}],"version-history":[{"count":0,"href":"https:\/\/eltrabajo.cl\/portal\/wp-json\/wp\/v2\/posts\/62350\/revisions"}],"wp:featuredmedia":[{"embeddable":true,"href":"https:\/\/eltrabajo.cl\/portal\/wp-json\/wp\/v2\/media\/62351"}],"wp:attachment":[{"href":"https:\/\/eltrabajo.cl\/portal\/wp-json\/wp\/v2\/media?parent=62350"}],"wp:term":[{"taxonomy":"category","embeddable":true,"href":"https:\/\/eltrabajo.cl\/portal\/wp-json\/wp\/v2\/categories?post=62350"},{"taxonomy":"post_tag","embeddable":true,"href":"https:\/\/eltrabajo.cl\/portal\/wp-json\/wp\/v2\/tags?post=62350"}],"curies":[{"name":"wp","href":"https:\/\/api.w.org\/{rel}","templated":true}]}}