{"id":62353,"date":"2015-09-28T09:30:11","date_gmt":"2015-09-28T12:30:11","guid":{"rendered":"http:\/\/www.eltrabajo.cl\/portal\/?p=62353"},"modified":"2015-09-28T09:30:11","modified_gmt":"2015-09-28T12:30:11","slug":"trabajadores-de-codelco-se-suman-a-campana-orgullo-andino","status":"publish","type":"post","link":"https:\/\/eltrabajo.cl\/portal\/trabajadores-de-codelco-se-suman-a-campana-orgullo-andino\/","title":{"rendered":"Trabajadores de Codelco se suman a campa\u00f1a \u2018Orgullo Andino\u2019"},"content":{"rendered":"<figure id=\"attachment_62354\" aria-describedby=\"caption-attachment-62354\" style=\"width: 300px\" class=\"wp-caption alignleft\"><a href=\"https:\/\/i0.wp.com\/www.eltrabajo.cl\/portal\/wp-content\/uploads\/2015\/09\/Bomberos.jpg\"><img data-recalc-dims=\"1\" loading=\"lazy\" decoding=\"async\" class=\"wp-image-62354 size-medium\" src=\"https:\/\/i0.wp.com\/www.eltrabajo.cl\/portal\/wp-content\/uploads\/2015\/09\/Bomberos-300x198.jpg?resize=300%2C198\" alt=\"La campa\u00f1a \u2018Orgullo Andino\u2019 es una iniciativa que busca evitar que voluntarios de Bomberos anden en la calle solicitando cooperaciones.\" width=\"300\" height=\"198\" srcset=\"https:\/\/i0.wp.com\/eltrabajo.cl\/portal\/wp-content\/uploads\/2015\/09\/Bomberos.jpg?resize=300%2C198&amp;ssl=1 300w, https:\/\/i0.wp.com\/eltrabajo.cl\/portal\/wp-content\/uploads\/2015\/09\/Bomberos.jpg?resize=200%2C132&amp;ssl=1 200w, https:\/\/i0.wp.com\/eltrabajo.cl\/portal\/wp-content\/uploads\/2015\/09\/Bomberos.jpg?resize=228%2C150&amp;ssl=1 228w, https:\/\/i0.wp.com\/eltrabajo.cl\/portal\/wp-content\/uploads\/2015\/09\/Bomberos.jpg?resize=400%2C263&amp;ssl=1 400w, https:\/\/i0.wp.com\/eltrabajo.cl\/portal\/wp-content\/uploads\/2015\/09\/Bomberos.jpg?w=530&amp;ssl=1 530w\" sizes=\"auto, (max-width: 300px) 100vw, 300px\" \/><\/a><figcaption id=\"caption-attachment-62354\" class=\"wp-caption-text\">La campa\u00f1a \u2018Orgullo Andino\u2019 es una iniciativa que busca evitar que voluntarios de Bomberos anden en la calle solicitando cooperaciones.<\/figcaption><\/figure>\n<ul>\n<li><strong>Se adhirieron al compromiso de apoyar a todas las compa\u00f1\u00edas de bomberos de Los Andes.<\/strong><\/li>\n<\/ul>\n<p><strong>LOS ANDES<\/strong>.- Es com\u00fan ver los fines de semana en las esquinas de las comunas de Aconcagua a voluntarios de bomberos que en sus manos cargan una alcanc\u00eda. La idea es que al pasar, los automovilistas entreguen un aporte.<br \/>\nEse es uno de los principales hechos que se pretenden evitar con la campa\u00f1a \u2018Orgullo Andino\u2019, una iniciativa que se ha ejecutado en grandes ciudades como Santiago o Valpara\u00edso y que por estos d\u00edas se desarrolla en Los Andes.<br \/>\n\u201cLa idea es captar socios cooperadores entre los trabajadores de Andina bajo el formato del Pago Autom\u00e1tico de Cuentas (PAC), que tienen disponibles los bancos en sus tarjetas asociadas. As\u00ed se le descuenta el aporte para nuestra instituci\u00f3n en forma directa\u201d, detalla la voluntaria de la 5\u00aa Compa\u00f1\u00eda de Bomberos de Santiago, Luz Mar\u00eda Montes, quien recorri\u00f3 los pisos del EILA en esta cruzada.<br \/>\nSin embargo, la profesional aclara tambi\u00e9n que este aporte se extiende por el periodo de tiempo que el trabajador quiera, es decir, puede prescindir de seguir donando cuando lo desee. \u201cLa idea es que se mantenga en el tiempo ya que para Bomberos estos aportes son muy importantes, sin embargo, el trabajador puede dar de baja el PAC cuando lo estime conveniente, al igual que con otros servicios de descuentos autom\u00e1ticos\u201d, aclara.<br \/>\nUno de los trabajadores que escuch\u00f3 el llamado de Bomberos fue el director de Contralor\u00eda, Felipe Barrientos, quien decidi\u00f3 anotarse para establecer este aporte mensual. \u201cSiempre le dec\u00eda a mi se\u00f1ora que no encontraba bueno que los bomberos estuvieran en las esquinas, casi mendigando por un par de monedas. As\u00ed que al verlos aqu\u00ed, no pod\u00eda dejar de comprometerme. Espero que muchos m\u00e1s tambi\u00e9n lo hagan porque es una instituci\u00f3n important\u00edsima para nuestro pa\u00eds\u201d.<br \/>\nLa campa\u00f1a dura hasta el 31 de octubre y si usted quiere hacerse socio puede dirigirse a Esmeralda 130 y solicitar el formulario para ayudar a Bomberos de Chile, o llamar al (34) 2 421 212.En los pr\u00f3ximos d\u00edas, los voluntarios volver\u00e1n a las oficinas de la Divisi\u00f3n para sumar a nuevos socios.<\/p>\n","protected":false},"excerpt":{"rendered":"<p>Se adhirieron al compromiso de apoyar a todas las compa\u00f1\u00edas de bomberos de Los Andes. LOS ANDES.- Es com\u00fan ver los fines de semana en las esquinas de las comunas de Aconcagua&#8230;<\/p>\n","protected":false},"author":482,"featured_media":62354,"comment_status":"open","ping_status":"open","sticky":false,"template":"","format":"standard","meta":{"advanced_seo_description":"","jetpack_seo_html_title":"","jetpack_seo_noindex":false,"_jetpack_memberships_contains_paid_content":false,"footnotes":""},"categories":[1],"tags":[],"class_list":["post-62353","post","type-post","status-publish","format-standard","has-post-thumbnail","hentry","category-cronica"],"jetpack_featured_media_url":"https:\/\/i0.wp.com\/eltrabajo.cl\/portal\/wp-content\/uploads\/2015\/09\/Bomberos.jpg?fit=530%2C349&ssl=1","jetpack_sharing_enabled":true,"jetpack_likes_enabled":true,"jetpack-related-posts":[],"_links":{"self":[{"href":"https:\/\/eltrabajo.cl\/portal\/wp-json\/wp\/v2\/posts\/62353","targetHints":{"allow":["GET"]}}],"collection":[{"href":"https:\/\/eltrabajo.cl\/portal\/wp-json\/wp\/v2\/posts"}],"about":[{"href":"https:\/\/eltrabajo.cl\/portal\/wp-json\/wp\/v2\/types\/post"}],"author":[{"embeddable":true,"href":"https:\/\/eltrabajo.cl\/portal\/wp-json\/wp\/v2\/users\/482"}],"replies":[{"embeddable":true,"href":"https:\/\/eltrabajo.cl\/portal\/wp-json\/wp\/v2\/comments?post=62353"}],"version-history":[{"count":0,"href":"https:\/\/eltrabajo.cl\/portal\/wp-json\/wp\/v2\/posts\/62353\/revisions"}],"wp:featuredmedia":[{"embeddable":true,"href":"https:\/\/eltrabajo.cl\/portal\/wp-json\/wp\/v2\/media\/62354"}],"wp:attachment":[{"href":"https:\/\/eltrabajo.cl\/portal\/wp-json\/wp\/v2\/media?parent=62353"}],"wp:term":[{"taxonomy":"category","embeddable":true,"href":"https:\/\/eltrabajo.cl\/portal\/wp-json\/wp\/v2\/categories?post=62353"},{"taxonomy":"post_tag","embeddable":true,"href":"https:\/\/eltrabajo.cl\/portal\/wp-json\/wp\/v2\/tags?post=62353"}],"curies":[{"name":"wp","href":"https:\/\/api.w.org\/{rel}","templated":true}]}}