{"id":62356,"date":"2015-09-28T09:31:41","date_gmt":"2015-09-28T12:31:41","guid":{"rendered":"http:\/\/www.eltrabajo.cl\/portal\/?p=62356"},"modified":"2015-09-28T09:31:41","modified_gmt":"2015-09-28T12:31:41","slug":"autoridades-critican-a-chilquinta-por-corte-de-energia-de-mas-de-10-horas","status":"publish","type":"post","link":"https:\/\/eltrabajo.cl\/portal\/autoridades-critican-a-chilquinta-por-corte-de-energia-de-mas-de-10-horas\/","title":{"rendered":"Autoridades critican a Chilquinta por corte de energ\u00eda de m\u00e1s de 10 horas"},"content":{"rendered":"<figure id=\"attachment_62357\" aria-describedby=\"caption-attachment-62357\" style=\"width: 300px\" class=\"wp-caption alignleft\"><a href=\"https:\/\/i0.wp.com\/www.eltrabajo.cl\/portal\/wp-content\/uploads\/2015\/09\/Alcalde-Reyes-2.jpg\"><img data-recalc-dims=\"1\" loading=\"lazy\" decoding=\"async\" class=\"wp-image-62357 size-medium\" src=\"https:\/\/i0.wp.com\/www.eltrabajo.cl\/portal\/wp-content\/uploads\/2015\/09\/Alcalde-Reyes-2-300x198.jpg?resize=300%2C198\" alt=\"El Alcalde Reyes se\u00f1al\u00f3 que era impresentable que Chilquinta no entregara informaci\u00f3n sobre un corte de energ\u00eda de m\u00e1s de 10 horas.\" width=\"300\" height=\"198\" srcset=\"https:\/\/i0.wp.com\/eltrabajo.cl\/portal\/wp-content\/uploads\/2015\/09\/Alcalde-Reyes-2.jpg?resize=300%2C198&amp;ssl=1 300w, https:\/\/i0.wp.com\/eltrabajo.cl\/portal\/wp-content\/uploads\/2015\/09\/Alcalde-Reyes-2.jpg?resize=200%2C132&amp;ssl=1 200w, https:\/\/i0.wp.com\/eltrabajo.cl\/portal\/wp-content\/uploads\/2015\/09\/Alcalde-Reyes-2.jpg?resize=227%2C150&amp;ssl=1 227w, https:\/\/i0.wp.com\/eltrabajo.cl\/portal\/wp-content\/uploads\/2015\/09\/Alcalde-Reyes-2.jpg?resize=400%2C264&amp;ssl=1 400w, https:\/\/i0.wp.com\/eltrabajo.cl\/portal\/wp-content\/uploads\/2015\/09\/Alcalde-Reyes-2.jpg?w=530&amp;ssl=1 530w\" sizes=\"auto, (max-width: 300px) 100vw, 300px\" \/><\/a><figcaption id=\"caption-attachment-62357\" class=\"wp-caption-text\">El Alcalde Reyes se\u00f1al\u00f3 que era impresentable que Chilquinta no entregara informaci\u00f3n sobre un corte de energ\u00eda de m\u00e1s de 10 horas.<\/figcaption><\/figure>\n<ul>\n<li><strong>La primera autoridad comunal de Putaendo manifest\u00f3 la molestia del municipio por la nula comunicaci\u00f3n que existi\u00f3 por parte de la empresa durante el corte de energ\u00eda, que afect\u00f3 principalmente a las localidades de Piguch\u00e9n y Poblaci\u00f3n Hidalgo.<\/strong><\/li>\n<\/ul>\n<p><strong>PUTAENDO.-<\/strong> El pasado 24 de septiembre varios sectores de la comuna de Putaendo se vieron perjudicados por un extenso corte del suministro de energ\u00eda el\u00e9ctrica, que se prolong\u00f3 durante m\u00e1s de 10 horas, provocando la molestia e indignaci\u00f3n de los afectados, principalmente de las localidades de Lo Vicu\u00f1a, Poblaci\u00f3n Hidalgo y Piguch\u00e9n.<br \/>\nMolestia que tambi\u00e9n comparte el alcalde de Putaendo, Guillermo Reyes, quien critic\u00f3 la poca comunicaci\u00f3n que existi\u00f3 por parte de la empresa durante el desarrollo de esta emergencia, ya que por un lado el COE (Comit\u00e9 de Emergencia) de Putaendo no fue informado de la situaci\u00f3n y s\u00f3lo pudieron acceder a alg\u00fan tipo de indagaci\u00f3n a trav\u00e9s de la l\u00ednea 600, lo que para la autoridad comunal reviste una situaci\u00f3n impresentable.<br \/>\nReyes argument\u00f3 sus dichos principalmente debido a razones de seguridad, ya que al no existir aviso por parte de Chilquinta sobre la prolongada suspensi\u00f3n del suministro de energ\u00eda el\u00e9ctrica en los mencionados sectores, el COE no pudo establecer medidas de protecci\u00f3n en algunas \u00e1reas \u201cpuntualmente en Piguch\u00e9n donde estamos desarrollando las obras de alcantarillado y que al permanecer en la oscuridad pudo haber derivado en la ca\u00edda de alguna persona e incluso de ni\u00f1os a una zanja, lo que hubiese sido lamentable, afortunadamente no ocurri\u00f3 pero de todas maneras debemos preguntarnos cu\u00e1l ser\u00eda la respuesta de Chilquinta en esa situaci\u00f3n\u201d, recalc\u00f3.<br \/>\nEl alcalde de Putaendo declar\u00f3 adem\u00e1s que en horas de la ma\u00f1ana convers\u00f3 con el Gobernador Eduardo Le\u00f3n para expresar la molestia del municipio hacia Chilquinta por esta circunstancia donde no hubo la comunicaci\u00f3n adecuada para abordar la delicada situaci\u00f3n vivida el pasado jueves, ante lo cual el representante del gobierno en la zona gestionar\u00e1 una reuni\u00f3n entre la Gobernaci\u00f3n Provincial de San Felipe, la Municipalidad de Putaendo y el representante zonal de Chilquinta, con la finalidad de buscar soluciones y definir lineamientos que permitan evitar hechos como los ya descritos &lt;&lt;porque esto no puede seguir pasando, tal vez es entendible durante un terremoto o un temporal grande, pero cuando hay una llovizna no creo\u201d apunt\u00f3 Guillermo Reyes.<\/p>\n<p><strong>GOBERNADOR PIDE REUNI\u00d3N CON SUPERINTENDENCIA DE ELECTRICIDAD<\/strong><br \/>\nAnte esta situaci\u00f3n, el Gobernador de la Provincia de San Felipe, Eduardo Le\u00f3n, expres\u00f3 que tambi\u00e9n el COE Provincial fue avisado tard\u00edamente de lo que ocurr\u00eda con la suspensi\u00f3n del suministro de energ\u00eda el\u00e9ctrica en Poblaci\u00f3n Hidalgo, Piguch\u00e9n y Lo Vicu\u00f1a, motivo por el cual ha solicitado una reuni\u00f3n con la Superintendencia de Electricidad y Combustibles para evaluar los cursos de acci\u00f3n.<br \/>\n\u201cComo gobernaci\u00f3n siempre evaluamos el nivel de respuesta de los diferentes organismos despu\u00e9s de una emergencia, revisamos ese punto y hay que recordar que esa \u00e1rea la ve la Superintendencia de Electricidad y no Chilquinta, nosotros con ellos (la SEC) y el Seremi de Energ\u00eda trabajamos esos temas y vamos a tener una reuni\u00f3n para precisamente evaluar el funcionamiento de los servicios durante cualquier emergencia o cat\u00e1strofe\u201d, detall\u00f3 Eduardo Le\u00f3n.<br \/>\nConsultado sobre los tiempos de respuesta para entregar la debida informaci\u00f3n ante una situaci\u00f3n de emergencia, y c\u00f3mo en este caso se abord\u00f3 por parte de Chilquinta, el Gobernador sostuvo que apenas tomaron conocimiento se comunicaron con la concesionaria que entreg\u00f3 una hora estimada de reposici\u00f3n del suministro, aunque reconoci\u00f3 que el COE Provincial supo tarde lo que estaba ocurriendo \u201centonces nosotros conversamos con los vecinos y est\u00e1 la dificultad que cuando se corta la luz algunos sectores no tienen acceso a telefon\u00eda y la respuesta que nos dio Chilquinta es que no hubo reclamos ingresados al sistema, entonces evidentemente vamos a tener que mejorar ese aspecto\u201d.<br \/>\nFinalmente la autoridad provincial de gobierno inform\u00f3 que el tema del suministro de energ\u00eda el\u00e9ctrica durante emergencias como temporales o sismos entre otros ha sido punto de an\u00e1lisis con el Seremi de Energ\u00eda \u201cya que hay cosas que est\u00e1n bien y otras que definitivamente hay que mejorar\u201d concluy\u00f3 el gobernador Eduardo Le\u00f3n.<br \/>\n<strong>Patricio Gallardo M.<\/strong><\/p>\n","protected":false},"excerpt":{"rendered":"<p>La primera autoridad comunal de Putaendo manifest\u00f3 la molestia del municipio por la nula comunicaci\u00f3n que existi\u00f3 por parte de la empresa durante el corte de energ\u00eda, que afect\u00f3 principalmente a las&#8230;<\/p>\n","protected":false},"author":482,"featured_media":62357,"comment_status":"open","ping_status":"open","sticky":false,"template":"","format":"standard","meta":{"advanced_seo_description":"","jetpack_seo_html_title":"","jetpack_seo_noindex":false,"_jetpack_memberships_contains_paid_content":false,"footnotes":""},"categories":[1],"tags":[],"class_list":["post-62356","post","type-post","status-publish","format-standard","has-post-thumbnail","hentry","category-cronica"],"jetpack_featured_media_url":"https:\/\/i0.wp.com\/eltrabajo.cl\/portal\/wp-content\/uploads\/2015\/09\/Alcalde-Reyes-2.jpg?fit=530%2C350&ssl=1","jetpack_sharing_enabled":true,"jetpack_likes_enabled":true,"jetpack-related-posts":[],"_links":{"self":[{"href":"https:\/\/eltrabajo.cl\/portal\/wp-json\/wp\/v2\/posts\/62356","targetHints":{"allow":["GET"]}}],"collection":[{"href":"https:\/\/eltrabajo.cl\/portal\/wp-json\/wp\/v2\/posts"}],"about":[{"href":"https:\/\/eltrabajo.cl\/portal\/wp-json\/wp\/v2\/types\/post"}],"author":[{"embeddable":true,"href":"https:\/\/eltrabajo.cl\/portal\/wp-json\/wp\/v2\/users\/482"}],"replies":[{"embeddable":true,"href":"https:\/\/eltrabajo.cl\/portal\/wp-json\/wp\/v2\/comments?post=62356"}],"version-history":[{"count":0,"href":"https:\/\/eltrabajo.cl\/portal\/wp-json\/wp\/v2\/posts\/62356\/revisions"}],"wp:featuredmedia":[{"embeddable":true,"href":"https:\/\/eltrabajo.cl\/portal\/wp-json\/wp\/v2\/media\/62357"}],"wp:attachment":[{"href":"https:\/\/eltrabajo.cl\/portal\/wp-json\/wp\/v2\/media?parent=62356"}],"wp:term":[{"taxonomy":"category","embeddable":true,"href":"https:\/\/eltrabajo.cl\/portal\/wp-json\/wp\/v2\/categories?post=62356"},{"taxonomy":"post_tag","embeddable":true,"href":"https:\/\/eltrabajo.cl\/portal\/wp-json\/wp\/v2\/tags?post=62356"}],"curies":[{"name":"wp","href":"https:\/\/api.w.org\/{rel}","templated":true}]}}