{"id":62359,"date":"2015-09-28T09:33:20","date_gmt":"2015-09-28T12:33:20","guid":{"rendered":"http:\/\/www.eltrabajo.cl\/portal\/?p=62359"},"modified":"2015-09-28T09:33:20","modified_gmt":"2015-09-28T12:33:20","slug":"vecinos-y-autoridades-se-reunen-y-plantean-necesidades-de-seguridad-vial","status":"publish","type":"post","link":"https:\/\/eltrabajo.cl\/portal\/vecinos-y-autoridades-se-reunen-y-plantean-necesidades-de-seguridad-vial\/","title":{"rendered":"Vecinos y autoridades se re\u00fanen y plantean necesidades de seguridad vial"},"content":{"rendered":"<figure id=\"attachment_62360\" aria-describedby=\"caption-attachment-62360\" style=\"width: 300px\" class=\"wp-caption alignleft\"><a href=\"https:\/\/i0.wp.com\/www.eltrabajo.cl\/portal\/wp-content\/uploads\/2015\/09\/REUNION-DIRIGENTES-PILLO-PILLO-Y-GRANALLAS.jpg\"><img data-recalc-dims=\"1\" loading=\"lazy\" decoding=\"async\" class=\"wp-image-62360 size-medium\" src=\"https:\/\/i0.wp.com\/www.eltrabajo.cl\/portal\/wp-content\/uploads\/2015\/09\/REUNION-DIRIGENTES-PILLO-PILLO-Y-GRANALLAS-300x198.jpg?resize=300%2C198\" alt=\"Presidentes de las juntas de vecinos de Granalla Norte, Sur y Pillo-Pillo se reunieron con el gobernador y el alcalde Reyes para buscar soluciones a sus problemas de seguridad vial.\" width=\"300\" height=\"198\" srcset=\"https:\/\/i0.wp.com\/eltrabajo.cl\/portal\/wp-content\/uploads\/2015\/09\/REUNION-DIRIGENTES-PILLO-PILLO-Y-GRANALLAS.jpg?resize=300%2C198&amp;ssl=1 300w, https:\/\/i0.wp.com\/eltrabajo.cl\/portal\/wp-content\/uploads\/2015\/09\/REUNION-DIRIGENTES-PILLO-PILLO-Y-GRANALLAS.jpg?resize=200%2C132&amp;ssl=1 200w, https:\/\/i0.wp.com\/eltrabajo.cl\/portal\/wp-content\/uploads\/2015\/09\/REUNION-DIRIGENTES-PILLO-PILLO-Y-GRANALLAS.jpg?resize=228%2C150&amp;ssl=1 228w, https:\/\/i0.wp.com\/eltrabajo.cl\/portal\/wp-content\/uploads\/2015\/09\/REUNION-DIRIGENTES-PILLO-PILLO-Y-GRANALLAS.jpg?resize=400%2C263&amp;ssl=1 400w, https:\/\/i0.wp.com\/eltrabajo.cl\/portal\/wp-content\/uploads\/2015\/09\/REUNION-DIRIGENTES-PILLO-PILLO-Y-GRANALLAS.jpg?w=530&amp;ssl=1 530w\" sizes=\"auto, (max-width: 300px) 100vw, 300px\" \/><\/a><figcaption id=\"caption-attachment-62360\" class=\"wp-caption-text\">Presidentes de las juntas de vecinos de Granalla Norte, Sur y Pillo-Pillo se reunieron con el gobernador y el alcalde Reyes para buscar soluciones a sus problemas de seguridad vial.<\/figcaption><\/figure>\n<ul>\n<li><strong>\u201cEstamos apuntando a la mejora de caminos, la instalaci\u00f3n de resaltos y a solucionar algunos inconvenientes que presenta la red de energ\u00eda el\u00e9ctrica de uso domiciliario\u201d, precis\u00f3 Sergio Olivares, Presidente de la Junta de Vecinos de Pillo-Pillo<\/strong>.<\/li>\n<\/ul>\n<p><strong>PUTAENDO<\/strong>.- Buscando alternativas para zanjar varios temas relacionados a seguridad vial y conectividad en la red de energ\u00eda el\u00e9ctrica de uso dom\u00e9stico, los presidentes de las juntas de vecinos de Granallas Norte, Granallas Sur y Pillo-Pillo se reunieron con el gobernador Eduardo Le\u00f3n y el alcalde Guillermo Reyes para analizar las posibles formas para dar soluci\u00f3n a esos planteamientos.<br \/>\nAs\u00ed lo dio a conocer el dirigente Sergio Olivares, Presidente de la Junta de Vecinos de Pillo-Pillo, quien asegur\u00f3 que el motivo de esta reuni\u00f3n es para plantear a las autoridades diferentes problem\u00e1ticas referidas al estado de caminos del sector y algunos inconvenientes que deben enfrentar vecinos con respecto a la red de energ\u00eda el\u00e9ctrica de uso domiciliario \u201cya que nuestra gente cuenta con acceso, pero sus medidores est\u00e1n bastante distanciados de su hogar, lo que les genera bastantes problemas sobre todo en invierno\u201d, detall\u00f3.<br \/>\nMientras que la Junta de Vecinos de Granallas Sur solicit\u00f3 al Gobernador Eduardo Le\u00f3n y al Alcalde Guillermo Reyes la instalaci\u00f3n de resaltos o \u2018lomos de toro\u2019 en Calle Los Pinos, puntualmente en las inmediaciones de la Escuela Gast\u00f3n Ormaz\u00e1bal Cabrera, con la finalidad de garantizar la seguridad de estudiantes, profesores y apoderados, adem\u00e1s de los residentes de la Poblaci\u00f3n Esperanza y de paso contribuir a la disminuci\u00f3n significativa de la velocidad vehicular en esa zona.<br \/>\nAnte los requerimientos de los dirigentes, el gobernador Eduardo Le\u00f3n afirm\u00f3 que es importante estar en terreno y acoger estas inquietudes, confirmando que respecto al problema de conectividad el\u00e9ctrica planteado por la Junta de Vecinos de Pillo \u2013 Pillo, en conjunto con la Municipalidad de Putaendo trabajar\u00e1n en la elaboraci\u00f3n de un plan de trabajo para avanzar en una pronta soluci\u00f3n, mientras que en lo referido a las altas velocidades en las cercan\u00edas de la Escuela Gast\u00f3n Ormaz\u00e1bal en Granallas Sur, han definido algunos cursos de acci\u00f3n que comenzar\u00e1n por la instalaci\u00f3n de se\u00f1al\u00e9ticas que indica zona de escuela y l\u00edmites de velocidad mientras se trabaja en otras iniciativas que permitan la disminuci\u00f3n de velocidad en el \u00e1rea.<br \/>\nEn tanto, para el alcalde Guillermo Reyes esta reuni\u00f3n fue muy fruct\u00edfera \u201cpues nos permiti\u00f3 cerrar un compromiso, que por un lado, vamos a gestionar con Chilquinta la soluci\u00f3n a los vecinos de Pillo-Pillo, viendo la posibilidad de flexibilizar un poco el presupuesto para que el tendido el\u00e9ctrico se extienda a trav\u00e9s de la postaci\u00f3n municipal, y tambi\u00e9n vamos a incorporar al Pladeco la posibilidad que el municipio pueda hacer urbanizaci\u00f3n el\u00e9ctrica (\u2026), adem\u00e1s quiero destacar que las personas que han planteado este punto van a realizar un aporte significativo\u201d, puntualiz\u00f3 la autoridad comunal.<br \/>\nLos dirigentes valoraron el inter\u00e9s y compromiso de ambas autoridades en acoger prontamente sus demandas y convenir en las gestiones necesarias para asegurar una mejor calidad de vida y seguridad a sus vecinos.<br \/>\n<strong>Patricio Gallardo M.<\/strong><\/p>\n","protected":false},"excerpt":{"rendered":"<p>\u201cEstamos apuntando a la mejora de caminos, la instalaci\u00f3n de resaltos y a solucionar algunos inconvenientes que presenta la red de energ\u00eda el\u00e9ctrica de uso domiciliario\u201d, precis\u00f3 Sergio Olivares, Presidente de la&#8230;<\/p>\n","protected":false},"author":482,"featured_media":62360,"comment_status":"open","ping_status":"open","sticky":false,"template":"","format":"standard","meta":{"advanced_seo_description":"","jetpack_seo_html_title":"","jetpack_seo_noindex":false,"_jetpack_memberships_contains_paid_content":false,"footnotes":""},"categories":[1],"tags":[],"class_list":["post-62359","post","type-post","status-publish","format-standard","has-post-thumbnail","hentry","category-cronica"],"jetpack_featured_media_url":"https:\/\/i0.wp.com\/eltrabajo.cl\/portal\/wp-content\/uploads\/2015\/09\/REUNION-DIRIGENTES-PILLO-PILLO-Y-GRANALLAS.jpg?fit=530%2C349&ssl=1","jetpack_sharing_enabled":true,"jetpack_likes_enabled":true,"jetpack-related-posts":[],"_links":{"self":[{"href":"https:\/\/eltrabajo.cl\/portal\/wp-json\/wp\/v2\/posts\/62359","targetHints":{"allow":["GET"]}}],"collection":[{"href":"https:\/\/eltrabajo.cl\/portal\/wp-json\/wp\/v2\/posts"}],"about":[{"href":"https:\/\/eltrabajo.cl\/portal\/wp-json\/wp\/v2\/types\/post"}],"author":[{"embeddable":true,"href":"https:\/\/eltrabajo.cl\/portal\/wp-json\/wp\/v2\/users\/482"}],"replies":[{"embeddable":true,"href":"https:\/\/eltrabajo.cl\/portal\/wp-json\/wp\/v2\/comments?post=62359"}],"version-history":[{"count":0,"href":"https:\/\/eltrabajo.cl\/portal\/wp-json\/wp\/v2\/posts\/62359\/revisions"}],"wp:featuredmedia":[{"embeddable":true,"href":"https:\/\/eltrabajo.cl\/portal\/wp-json\/wp\/v2\/media\/62360"}],"wp:attachment":[{"href":"https:\/\/eltrabajo.cl\/portal\/wp-json\/wp\/v2\/media?parent=62359"}],"wp:term":[{"taxonomy":"category","embeddable":true,"href":"https:\/\/eltrabajo.cl\/portal\/wp-json\/wp\/v2\/categories?post=62359"},{"taxonomy":"post_tag","embeddable":true,"href":"https:\/\/eltrabajo.cl\/portal\/wp-json\/wp\/v2\/tags?post=62359"}],"curies":[{"name":"wp","href":"https:\/\/api.w.org\/{rel}","templated":true}]}}