{"id":62365,"date":"2015-09-28T09:37:14","date_gmt":"2015-09-28T12:37:14","guid":{"rendered":"http:\/\/www.eltrabajo.cl\/portal\/?p=62365"},"modified":"2015-09-28T09:37:14","modified_gmt":"2015-09-28T12:37:14","slug":"autoridades-entregan-ajuares-en-6o-aniversario-del-chile-crece-contigo","status":"publish","type":"post","link":"https:\/\/eltrabajo.cl\/portal\/autoridades-entregan-ajuares-en-6o-aniversario-del-chile-crece-contigo\/","title":{"rendered":"Autoridades entregan ajuares en 6\u00ba aniversario del \u2018Chile Crece Contigo\u2019"},"content":{"rendered":"<figure id=\"attachment_62366\" aria-describedby=\"caption-attachment-62366\" style=\"width: 300px\" class=\"wp-caption alignleft\"><a href=\"https:\/\/i0.wp.com\/www.eltrabajo.cl\/portal\/wp-content\/uploads\/2015\/09\/entrega-ajuar-2015.jpg\"><img data-recalc-dims=\"1\" loading=\"lazy\" decoding=\"async\" class=\"wp-image-62366 size-medium\" src=\"https:\/\/i0.wp.com\/www.eltrabajo.cl\/portal\/wp-content\/uploads\/2015\/09\/entrega-ajuar-2015-300x198.jpg?resize=300%2C198\" alt=\"Diversas autoridades se reunieron para hacer entrega a una madre de su ajuar en el marco del sexto aniversario del programa \u2018Chile Crece Contigo\u2019.\" width=\"300\" height=\"198\" srcset=\"https:\/\/i0.wp.com\/eltrabajo.cl\/portal\/wp-content\/uploads\/2015\/09\/entrega-ajuar-2015.jpg?resize=300%2C198&amp;ssl=1 300w, https:\/\/i0.wp.com\/eltrabajo.cl\/portal\/wp-content\/uploads\/2015\/09\/entrega-ajuar-2015.jpg?resize=200%2C132&amp;ssl=1 200w, https:\/\/i0.wp.com\/eltrabajo.cl\/portal\/wp-content\/uploads\/2015\/09\/entrega-ajuar-2015.jpg?resize=228%2C150&amp;ssl=1 228w, https:\/\/i0.wp.com\/eltrabajo.cl\/portal\/wp-content\/uploads\/2015\/09\/entrega-ajuar-2015.jpg?resize=400%2C263&amp;ssl=1 400w, https:\/\/i0.wp.com\/eltrabajo.cl\/portal\/wp-content\/uploads\/2015\/09\/entrega-ajuar-2015.jpg?w=530&amp;ssl=1 530w\" sizes=\"auto, (max-width: 300px) 100vw, 300px\" \/><\/a><figcaption id=\"caption-attachment-62366\" class=\"wp-caption-text\">Diversas autoridades se reunieron para hacer entrega a una madre de su ajuar en el marco del sexto aniversario del programa \u2018Chile Crece Contigo\u2019.<\/figcaption><\/figure>\n<ul>\n<li><strong>A la fecha, durante este 2015, se han entregado 2658 set de implementos del Programa de Apoyo al Reci\u00e9n Nacido en Aconcagua.<\/strong><\/li>\n<\/ul>\n<p>En el marco del 6\u00b0 aniversario del Programa \u2018Chile Crece Contigo\u2019 es que durante la ma\u00f1ana de este viernes, el Seremi de Desarrollo Social, Abel Gallardo junto al Gobernador Eduardo Le\u00f3n, la Directora del Servicio de Salud Aconcagua, Vilma Olave y el Director del Hospital San Camilo, Dr. Juan de Dios Reyes entregaron ajuares a las madres de reci\u00e9n nacidos en este recinto hospitalario de San Felipe.<br \/>\nDesde el 2007 Chile Crece Contigo se transforma en una pol\u00edtica permanente, multisectorial, que permite reducir las inequidades desde su origen a trav\u00e9s de la promoci\u00f3n del desarrollo, la salud, el bienestar y la seguridad de los ni\u00f1os, ni\u00f1as, sus familias y comunidades.<br \/>\nEn Aconcagua, durante este 2015, de enero a la fecha, han sido entregados 2658 Set de implementos del Programa de Apoyo al Reci\u00e9n Nacido de Chile Crece Contigo, de los cuales 1.644 se han entregado en la maternidad del Hospital San Camilo de San Felipe y 1014 en el Hospital San Juan de Dios de Los Andes.<br \/>\nEsta entrega es parte de las prestaciones del Sistema de Protecci\u00f3n Integral a la Infancia Chile Crece Contigo, y que busca igualar las oportunidades de desarrollo de los ni\u00f1os entregando a las familias apoyo en elementos pr\u00e1cticos y educativos a trav\u00e9s de un Set de Implementos B\u00e1sicos para reci\u00e9n nacidos, otorgando un espacio c\u00f3modo y seguro para la llegada del ni\u00f1o\/a y elementos para favorecer el desarrollo del apego durante la crianza.<br \/>\nEn este sentido, el Seremi de Desarrollo Social, Abel Gallardo, manifest\u00f3 que \u201chemos querido venir al Hospital a relevar este programa tan importante para las mam\u00e1s, pap\u00e1s y beb\u00e9s que nace en Chile y tambi\u00e9n tan importante para nuestro Gobierno, ya que se inici\u00f3 en el primer mandato de la Presidenta Bachelet, y lo hemos reforzado como corresponde en el Gobierno actual en el sentido que hemos incorporado elementos nuevos, como libros, dvd\u2019s, entre otros. Es decir, es un programa integral que busca igualar a los ni\u00f1os al momento de su nacimiento\u201d, se\u00f1al\u00f3 el secretario regional ministerial.<br \/>\nPor su parte, el Gobernador Eduardo Le\u00f3n destac\u00f3 que el n\u00famero de nacidos en el Hospital San Camilo superan los 1600, por lo que es fundamental mantener el acompa\u00f1amiento que realiza el Gobierno, que precisamente busca la equidad. \u201cCon esta pol\u00edtica p\u00fablica, todos los nacidos ac\u00e1 han recibido este ajuar que es simb\u00f3lico, porque es mucho m\u00e1s lo que hay detr\u00e1s. La desigualdad parte desde la cuna, por lo que el acompa\u00f1amiento inicia en la cuna\u201d, precis\u00f3 la m\u00e1xima autoridad Provincial.<br \/>\nEn tanto, la Directora del Servicio de Salud Aconcagua, Vilma Olave, explic\u00f3 el proceso de acompa\u00f1amiento familiar que tiene este programa. \u201cEl acompa\u00f1amiento se inicia en el embarazo, en el parto se entregan estos implementos que permiten que los padres estimulen de mejor forma a sus hijos o hijas y sigue el acompa\u00f1amiento hasta los 6 a\u00f1os. Es una pol\u00edtica p\u00fablica integral que tiende a que el desarrollo de los ni\u00f1os sea igual independiente del nivel socioecon\u00f3mico de sus padres\u201d, manifest\u00f3.<br \/>\nPara Maite, una de las beneficiarias con el ajuar, esto es un importante beneficio. \u201cAgradezco a la presidenta por lo que nos est\u00e1 entregando ahora. Antes no se entregaba. Tambi\u00e9n agradezco a las autoridades y al personal del hospital que nos han atendido excelente\u201d, finaliz\u00f3 la feliz madre.<\/p>\n","protected":false},"excerpt":{"rendered":"<p>A la fecha, durante este 2015, se han entregado 2658 set de implementos del Programa de Apoyo al Reci\u00e9n Nacido en Aconcagua. En el marco del 6\u00b0 aniversario del Programa \u2018Chile Crece&#8230;<\/p>\n","protected":false},"author":482,"featured_media":62366,"comment_status":"open","ping_status":"open","sticky":false,"template":"","format":"standard","meta":{"advanced_seo_description":"","jetpack_seo_html_title":"","jetpack_seo_noindex":false,"_jetpack_memberships_contains_paid_content":false,"footnotes":""},"categories":[1],"tags":[],"class_list":["post-62365","post","type-post","status-publish","format-standard","has-post-thumbnail","hentry","category-cronica"],"jetpack_featured_media_url":"https:\/\/i0.wp.com\/eltrabajo.cl\/portal\/wp-content\/uploads\/2015\/09\/entrega-ajuar-2015.jpg?fit=530%2C349&ssl=1","jetpack_sharing_enabled":true,"jetpack_likes_enabled":true,"jetpack-related-posts":[],"_links":{"self":[{"href":"https:\/\/eltrabajo.cl\/portal\/wp-json\/wp\/v2\/posts\/62365","targetHints":{"allow":["GET"]}}],"collection":[{"href":"https:\/\/eltrabajo.cl\/portal\/wp-json\/wp\/v2\/posts"}],"about":[{"href":"https:\/\/eltrabajo.cl\/portal\/wp-json\/wp\/v2\/types\/post"}],"author":[{"embeddable":true,"href":"https:\/\/eltrabajo.cl\/portal\/wp-json\/wp\/v2\/users\/482"}],"replies":[{"embeddable":true,"href":"https:\/\/eltrabajo.cl\/portal\/wp-json\/wp\/v2\/comments?post=62365"}],"version-history":[{"count":0,"href":"https:\/\/eltrabajo.cl\/portal\/wp-json\/wp\/v2\/posts\/62365\/revisions"}],"wp:featuredmedia":[{"embeddable":true,"href":"https:\/\/eltrabajo.cl\/portal\/wp-json\/wp\/v2\/media\/62366"}],"wp:attachment":[{"href":"https:\/\/eltrabajo.cl\/portal\/wp-json\/wp\/v2\/media?parent=62365"}],"wp:term":[{"taxonomy":"category","embeddable":true,"href":"https:\/\/eltrabajo.cl\/portal\/wp-json\/wp\/v2\/categories?post=62365"},{"taxonomy":"post_tag","embeddable":true,"href":"https:\/\/eltrabajo.cl\/portal\/wp-json\/wp\/v2\/tags?post=62365"}],"curies":[{"name":"wp","href":"https:\/\/api.w.org\/{rel}","templated":true}]}}