{"id":62368,"date":"2015-09-28T09:40:27","date_gmt":"2015-09-28T12:40:27","guid":{"rendered":"http:\/\/www.eltrabajo.cl\/portal\/?p=62368"},"modified":"2015-09-28T09:40:27","modified_gmt":"2015-09-28T12:40:27","slug":"en-tiroteo-carabineros-recupera-maquinaria-por-mas-de-120-millones","status":"publish","type":"post","link":"https:\/\/eltrabajo.cl\/portal\/en-tiroteo-carabineros-recupera-maquinaria-por-mas-de-120-millones\/","title":{"rendered":"En tiroteo Carabineros recupera maquinaria por m\u00e1s de $120 millones"},"content":{"rendered":"<figure id=\"attachment_62369\" aria-describedby=\"caption-attachment-62369\" style=\"width: 300px\" class=\"wp-caption alignleft\"><a href=\"https:\/\/i0.wp.com\/www.eltrabajo.cl\/portal\/wp-content\/uploads\/2015\/09\/pamela-arias-1.jpg\"><img data-recalc-dims=\"1\" loading=\"lazy\" decoding=\"async\" class=\"wp-image-62369 size-medium\" src=\"https:\/\/i0.wp.com\/www.eltrabajo.cl\/portal\/wp-content\/uploads\/2015\/09\/pamela-arias-1-300x198.jpg?resize=300%2C198\" alt=\"Abogada Pamela Arias, asesora legal de empresa RFV, propietaria de las retroexcavadoras.\" width=\"300\" height=\"198\" srcset=\"https:\/\/i0.wp.com\/eltrabajo.cl\/portal\/wp-content\/uploads\/2015\/09\/pamela-arias-1.jpg?resize=300%2C198&amp;ssl=1 300w, https:\/\/i0.wp.com\/eltrabajo.cl\/portal\/wp-content\/uploads\/2015\/09\/pamela-arias-1.jpg?resize=200%2C132&amp;ssl=1 200w, https:\/\/i0.wp.com\/eltrabajo.cl\/portal\/wp-content\/uploads\/2015\/09\/pamela-arias-1.jpg?resize=227%2C150&amp;ssl=1 227w, https:\/\/i0.wp.com\/eltrabajo.cl\/portal\/wp-content\/uploads\/2015\/09\/pamela-arias-1.jpg?resize=400%2C264&amp;ssl=1 400w, https:\/\/i0.wp.com\/eltrabajo.cl\/portal\/wp-content\/uploads\/2015\/09\/pamela-arias-1.jpg?w=530&amp;ssl=1 530w\" sizes=\"auto, (max-width: 300px) 100vw, 300px\" \/><\/a><figcaption id=\"caption-attachment-62369\" class=\"wp-caption-text\">Abogada Pamela Arias, asesora legal de empresa RFV, propietaria de las retroexcavadoras.<\/figcaption><\/figure>\n<ul>\n<li><strong>A mano armada se llevaron dos camiones y dos retroexcavadoras. Antisociales actuaron con extrema violencia, golpeando y maniatando a matrimonio de edad avanzada que cuidaba las especies.<\/strong><\/li>\n<\/ul>\n<p>Cinco delincuentes premunidos de armas de fuego, se enfrentaron a balazos con Carabineros de la Subcomiar\u00eda IAT y de Carreteras de Llay Llay, luego de ser sorprendidos cuando escapaban con dos camiones y dos retroexcavadoras robadas horas antes desde un predio.<br \/>\nEl enfrentamiento tuvo lugar la madrugada del viernes en el sector Cuesta Las Chilcas, sin que se registraran delincuentes o funcionarios de Carabineros heridos.<br \/>\nEn la oportunidad y tras el intercambio inicial de disparos, los antisociales emprendieron la fuga, inici\u00e1ndose una intensa persecuci\u00f3n, primero en veh\u00edculo y posteriormente de infanter\u00eda por los cerros, la que se extendi\u00f3 hasta altas horas de la madrugada sin que se registraran detenidos. No obstante, fueron recuperados los camiones y las retroexcavadoras avaluados en m\u00e1s de 120 millones de pesos.<\/p>\n<figure id=\"attachment_62370\" aria-describedby=\"caption-attachment-62370\" style=\"width: 300px\" class=\"wp-caption alignright\"><a href=\"https:\/\/i0.wp.com\/www.eltrabajo.cl\/portal\/wp-content\/uploads\/2015\/09\/retroexcavadora-robada.jpg\"><img data-recalc-dims=\"1\" loading=\"lazy\" decoding=\"async\" class=\"wp-image-62370 size-medium\" src=\"https:\/\/i0.wp.com\/www.eltrabajo.cl\/portal\/wp-content\/uploads\/2015\/09\/retroexcavadora-robada-300x198.jpg?resize=300%2C198\" alt=\"Da\u00f1os por 16 millones de pesos sufri\u00f3 la retroexcavadora que se les cay\u00f3 en la carretera y que a la postre permiti\u00f3 frustrar el robo.\" width=\"300\" height=\"198\" srcset=\"https:\/\/i0.wp.com\/eltrabajo.cl\/portal\/wp-content\/uploads\/2015\/09\/retroexcavadora-robada.jpg?resize=300%2C198&amp;ssl=1 300w, https:\/\/i0.wp.com\/eltrabajo.cl\/portal\/wp-content\/uploads\/2015\/09\/retroexcavadora-robada.jpg?resize=200%2C132&amp;ssl=1 200w, https:\/\/i0.wp.com\/eltrabajo.cl\/portal\/wp-content\/uploads\/2015\/09\/retroexcavadora-robada.jpg?resize=227%2C150&amp;ssl=1 227w, https:\/\/i0.wp.com\/eltrabajo.cl\/portal\/wp-content\/uploads\/2015\/09\/retroexcavadora-robada.jpg?resize=400%2C264&amp;ssl=1 400w, https:\/\/i0.wp.com\/eltrabajo.cl\/portal\/wp-content\/uploads\/2015\/09\/retroexcavadora-robada.jpg?w=530&amp;ssl=1 530w\" sizes=\"auto, (max-width: 300px) 100vw, 300px\" \/><\/a><figcaption id=\"caption-attachment-62370\" class=\"wp-caption-text\">Da\u00f1os por 16 millones de pesos sufri\u00f3 la retroexcavadora que se les cay\u00f3 en la carretera y que a la postre permiti\u00f3 frustrar el robo.<\/figcaption><\/figure>\n<p><strong>EL ROBO<\/strong><br \/>\nTodo comenz\u00f3 alrededor de las 21 horas del jueves pasado, cuando cinco delincuentes llegaron a bordo de una camioneta hasta un predio ubicado a la altura del kil\u00f3metro 78 de la ruta 5 Norte, donde habita un matrimonio de edad avanzada que estaba al cuidado de la maquinaria pesada.<br \/>\nLos sujetos amenazaron con armas de fuego a la pareja, golpeando a ambos cuando intentaron oponer resistencia, dej\u00e1ndolos maniatados en una de las habitaciones. Acto seguido, registraron el inmueble en busca de dinero, llev\u00e1ndose un televisor y diversas herramientas el\u00e9ctricas.<br \/>\nPosteriormente se abocaron a la labor de cargar dos retroexcavadoras en dos camiones, para lo cual rompieron vidrios y chapas de las puertas. Finalmente a eso de las dos de la madrugada, los delincuentes salieron a la carretera y enfilaron en direcci\u00f3n a Santiago.<br \/>\nNo obstante, durante el trayecto se les cay\u00f3 una de las retroexcavadoras, dejando una enorme mancha de aceite sobre la carretera, situaci\u00f3n que posteriormente fue advertida por personal de la autopista que decidi\u00f3 comunicar el hallazgo a Carabineros.<br \/>\nFue as\u00ed como efectivos de la Subcomisar\u00eda IAT y de Carreteras se dirigieron al lugar, encontrando a los sujetos en el sector de cuesta Las Chilcas, quienes al ver la presencia policial abrieron de inmediato fuego contra los carabineros que repelieron el ataque con sus armas de servicio.<br \/>\nAl verse sorprendidos, los sujetos emprenden la huida hacia los cerros, mientras un quinto delincuente escapa en camioneta, origin\u00e1ndose una intensa persecuci\u00f3n de infanter\u00eda que se prolong\u00f3 hasta las cuatro de la madrugada. Finalmente, se presume que el mismo delincuente en camioneta logr\u00f3 rescatar a sus c\u00f3mplices, escapando del lugar.<\/p>\n<p><strong>MILLONARIOS DA\u00d1OS<\/strong><br \/>\nPamela Arias, abogada, asesora legal de la empresa RFV Riego, Forestaci\u00f3n, Viveros, propietaria de las retroexcavadoras cuyo valor bordea los 70 millones de pesos, quienes tienen sus oficinas en San Felipe, explic\u00f3 que debido al robo las m\u00e1quinas sufrieron cuantiosos da\u00f1os, principalmente la que cay\u00f3 a la carretera cuya reparaci\u00f3n demandar\u00e1 alrededor de 16 millones; en tanto la otra result\u00f3 con da\u00f1os en chapa y la pala, cuya reparaci\u00f3n tambi\u00e9n demandar\u00e1 varios millones de pesos.<br \/>\nEn lo que respecta a los camiones, \u00e9stos pertenecen a la empresa de Luis Merce y est\u00e1n avaluados en 52 millones de pesos, los cuales sufrieron da\u00f1os en chapas y vidrios.<\/p>\n<p><strong>AGRADECIMIENTOS<\/strong><br \/>\nJunto con lamentar todo lo sucedido, Pamela Arias se mostr\u00f3 profundamente agradecida de la labor policial, por lo cual nos pidi\u00f3 \u00abdar las gracias a Carabineros de Chile porque claramente era una madrugada donde hac\u00eda mucho fr\u00edo, donde ellos expusieron sus vidas; no los quiero hacer pasar como h\u00e9roes, pero sin embargo gracias a ellos todav\u00eda tenemos las dos retroexcavadora y los dos camiones, de lo contrario lo hubi\u00e9semos perdido todo. Por lo tanto, su actuar fue destacable y les debemos a ellos el hecho que todav\u00eda tengamos las maquinarias, especialmente adem\u00e1s que se portaron muy bien en la subcomisar\u00eda, el Cabo Palma y todos quienes estuvieron ah\u00ed\u00bb.<\/p>\n","protected":false},"excerpt":{"rendered":"<p>A mano armada se llevaron dos camiones y dos retroexcavadoras. Antisociales actuaron con extrema violencia, golpeando y maniatando a matrimonio de edad avanzada que cuidaba las especies. Cinco delincuentes premunidos de armas&#8230;<\/p>\n","protected":false},"author":482,"featured_media":62369,"comment_status":"open","ping_status":"open","sticky":false,"template":"","format":"standard","meta":{"advanced_seo_description":"","jetpack_seo_html_title":"","jetpack_seo_noindex":false,"_jetpack_memberships_contains_paid_content":false,"footnotes":""},"categories":[21],"tags":[],"class_list":["post-62368","post","type-post","status-publish","format-standard","has-post-thumbnail","hentry","category-policial"],"jetpack_featured_media_url":"https:\/\/i0.wp.com\/eltrabajo.cl\/portal\/wp-content\/uploads\/2015\/09\/pamela-arias-1.jpg?fit=530%2C350&ssl=1","jetpack_sharing_enabled":true,"jetpack_likes_enabled":true,"jetpack-related-posts":[],"_links":{"self":[{"href":"https:\/\/eltrabajo.cl\/portal\/wp-json\/wp\/v2\/posts\/62368","targetHints":{"allow":["GET"]}}],"collection":[{"href":"https:\/\/eltrabajo.cl\/portal\/wp-json\/wp\/v2\/posts"}],"about":[{"href":"https:\/\/eltrabajo.cl\/portal\/wp-json\/wp\/v2\/types\/post"}],"author":[{"embeddable":true,"href":"https:\/\/eltrabajo.cl\/portal\/wp-json\/wp\/v2\/users\/482"}],"replies":[{"embeddable":true,"href":"https:\/\/eltrabajo.cl\/portal\/wp-json\/wp\/v2\/comments?post=62368"}],"version-history":[{"count":0,"href":"https:\/\/eltrabajo.cl\/portal\/wp-json\/wp\/v2\/posts\/62368\/revisions"}],"wp:featuredmedia":[{"embeddable":true,"href":"https:\/\/eltrabajo.cl\/portal\/wp-json\/wp\/v2\/media\/62369"}],"wp:attachment":[{"href":"https:\/\/eltrabajo.cl\/portal\/wp-json\/wp\/v2\/media?parent=62368"}],"wp:term":[{"taxonomy":"category","embeddable":true,"href":"https:\/\/eltrabajo.cl\/portal\/wp-json\/wp\/v2\/categories?post=62368"},{"taxonomy":"post_tag","embeddable":true,"href":"https:\/\/eltrabajo.cl\/portal\/wp-json\/wp\/v2\/tags?post=62368"}],"curies":[{"name":"wp","href":"https:\/\/api.w.org\/{rel}","templated":true}]}}