{"id":62372,"date":"2015-09-28T09:42:02","date_gmt":"2015-09-28T12:42:02","guid":{"rendered":"http:\/\/www.eltrabajo.cl\/portal\/?p=62372"},"modified":"2015-09-28T09:42:02","modified_gmt":"2015-09-28T12:42:02","slug":"a-punos-habrian-asaltado-a-victimas-para-robarles-dinero-y-zapatillas","status":"publish","type":"post","link":"https:\/\/eltrabajo.cl\/portal\/a-punos-habrian-asaltado-a-victimas-para-robarles-dinero-y-zapatillas\/","title":{"rendered":"A pu\u00f1os habr\u00edan asaltado a v\u00edctimas para robarles dinero y zapatillas"},"content":{"rendered":"<figure id=\"attachment_62373\" aria-describedby=\"caption-attachment-62373\" style=\"width: 300px\" class=\"wp-caption alignleft\"><a href=\"https:\/\/i0.wp.com\/www.eltrabajo.cl\/portal\/wp-content\/uploads\/2015\/09\/DANILO-PONCE-TAPIA.jpg\"><img data-recalc-dims=\"1\" loading=\"lazy\" decoding=\"async\" class=\"wp-image-62373 size-medium\" src=\"https:\/\/i0.wp.com\/www.eltrabajo.cl\/portal\/wp-content\/uploads\/2015\/09\/DANILO-PONCE-TAPIA-300x198.jpg?resize=300%2C198\" alt=\"El imputado Danilo Ponce Tapia, fue formalizado por robo con violencia, quedando bajo cautelar de prisi\u00f3n preventiva por un plazo de 40 d\u00edas fijados para la investigaci\u00f3n.\" width=\"300\" height=\"198\" srcset=\"https:\/\/i0.wp.com\/eltrabajo.cl\/portal\/wp-content\/uploads\/2015\/09\/DANILO-PONCE-TAPIA.jpg?resize=300%2C198&amp;ssl=1 300w, https:\/\/i0.wp.com\/eltrabajo.cl\/portal\/wp-content\/uploads\/2015\/09\/DANILO-PONCE-TAPIA.jpg?resize=200%2C132&amp;ssl=1 200w, https:\/\/i0.wp.com\/eltrabajo.cl\/portal\/wp-content\/uploads\/2015\/09\/DANILO-PONCE-TAPIA.jpg?resize=228%2C150&amp;ssl=1 228w, https:\/\/i0.wp.com\/eltrabajo.cl\/portal\/wp-content\/uploads\/2015\/09\/DANILO-PONCE-TAPIA.jpg?resize=400%2C263&amp;ssl=1 400w, https:\/\/i0.wp.com\/eltrabajo.cl\/portal\/wp-content\/uploads\/2015\/09\/DANILO-PONCE-TAPIA.jpg?w=530&amp;ssl=1 530w\" sizes=\"auto, (max-width: 300px) 100vw, 300px\" \/><\/a><figcaption id=\"caption-attachment-62373\" class=\"wp-caption-text\">El imputado Danilo Ponce Tapia, fue formalizado por robo con violencia, quedando bajo cautelar de prisi\u00f3n preventiva por un plazo de 40 d\u00edas fijados para la investigaci\u00f3n.<\/figcaption><\/figure>\n<ul>\n<li><strong>Carabineros captur\u00f3 a un joven y un menor de edad sindicados como autores del robo, siendo formalizados por la Fiscal\u00eda por este delito, quedando bajo cautelar de prisi\u00f3n preventiva.<\/strong><\/li>\n<\/ul>\n<p>En un confuso incidente registrado pasadas las 05:00 horas de la madrugada de ayer domingo, un grupo de cinco antisociales intercept\u00f3 a dos v\u00edctimas a quienes les propinaron una paliza con golpes de pies y pu\u00f1os para apoderarse del dinero en efectivo que manten\u00edan y un par de zapatillas que usaba uno de los afectados.<br \/>\nLos hechos se habr\u00edan originado cuando las v\u00edctimas, seg\u00fan su versi\u00f3n a Carabineros, transitaban por calle Costanera de la Villa Departamental de San Felipe, circunstancia en la cual dos individuos desconocidos, premunidos de un cuchillo, hirieron en el cuerpo a uno de los denunciantes, escapando en direcci\u00f3n desconocida.<br \/>\nSegundos m\u00e1s tarde, relatan los afectados, un grupo de cinco sujetos los abord\u00f3 para golpearlos con pies y pu\u00f1os, sin provocaci\u00f3n, y apoderarse del dinero que manten\u00edan y las zapatillas de propiedad de uno de los afectados.<br \/>\nLas v\u00edctimas requirieron la presencia de Carabineros quienes en primera instancia trasladaron a los afectados hasta el Servicio de Urgencias del Hospital San Camilo de San Felipe, para ser asistidos por sus lesiones de car\u00e1cter leve.<br \/>\nTras los patrullajes realizados por el sector de los sucesos y las descripciones f\u00edsicas que reportaron las v\u00edctimas a Carabineros, dos de los sujetos fueron arrestados, siendo reconocidos por los denunciantes como los autores del robo, toda vez que uno de ellos portaba en su mochila las zapatillas sustra\u00eddas.<br \/>\nLos detenidos fueron identificados como Danilo Isa\u00edas Ponce Tapia, de 19 a\u00f1os de edad, y el adolescente de 17 a\u00f1os de iniciales R.L.V.R., quienes fueron conducidos hasta el Juzgado de Garant\u00eda de San Felipe para ser formalizados por la Fiscal\u00eda.<br \/>\nDurante la audiencia de control de detenci\u00f3n de ambos imputados, el Fiscal Julio Palacios los formaliz\u00f3 por el delito de robo con violencia, requiriendo ante el Tribunal la cautelar de prisi\u00f3n preventiva para el adulto, mientras que para el adolescente pidi\u00f3 traslado hasta el Centro del Sename de Internaci\u00f3n Provisoria \u2018Lihu\u00e9n\u2019 de Limache, por un plazo de 40 d\u00edas, cuya solicitud fue acogida por el Juez de Garant\u00eda, ordenando el ingreso de ambos imputados a cumplir dicha cautelar.<br \/>\n<strong>Pablo Salinas Sald\u00edas<\/strong><\/p>\n","protected":false},"excerpt":{"rendered":"<p>Carabineros captur\u00f3 a un joven y un menor de edad sindicados como autores del robo, siendo formalizados por la Fiscal\u00eda por este delito, quedando bajo cautelar de prisi\u00f3n preventiva. En un confuso&#8230;<\/p>\n","protected":false},"author":482,"featured_media":62373,"comment_status":"open","ping_status":"open","sticky":false,"template":"","format":"standard","meta":{"advanced_seo_description":"","jetpack_seo_html_title":"","jetpack_seo_noindex":false,"_jetpack_memberships_contains_paid_content":false,"footnotes":""},"categories":[21],"tags":[],"class_list":["post-62372","post","type-post","status-publish","format-standard","has-post-thumbnail","hentry","category-policial"],"jetpack_featured_media_url":"https:\/\/i0.wp.com\/eltrabajo.cl\/portal\/wp-content\/uploads\/2015\/09\/DANILO-PONCE-TAPIA.jpg?fit=530%2C349&ssl=1","jetpack_sharing_enabled":true,"jetpack_likes_enabled":true,"jetpack-related-posts":[],"_links":{"self":[{"href":"https:\/\/eltrabajo.cl\/portal\/wp-json\/wp\/v2\/posts\/62372","targetHints":{"allow":["GET"]}}],"collection":[{"href":"https:\/\/eltrabajo.cl\/portal\/wp-json\/wp\/v2\/posts"}],"about":[{"href":"https:\/\/eltrabajo.cl\/portal\/wp-json\/wp\/v2\/types\/post"}],"author":[{"embeddable":true,"href":"https:\/\/eltrabajo.cl\/portal\/wp-json\/wp\/v2\/users\/482"}],"replies":[{"embeddable":true,"href":"https:\/\/eltrabajo.cl\/portal\/wp-json\/wp\/v2\/comments?post=62372"}],"version-history":[{"count":0,"href":"https:\/\/eltrabajo.cl\/portal\/wp-json\/wp\/v2\/posts\/62372\/revisions"}],"wp:featuredmedia":[{"embeddable":true,"href":"https:\/\/eltrabajo.cl\/portal\/wp-json\/wp\/v2\/media\/62373"}],"wp:attachment":[{"href":"https:\/\/eltrabajo.cl\/portal\/wp-json\/wp\/v2\/media?parent=62372"}],"wp:term":[{"taxonomy":"category","embeddable":true,"href":"https:\/\/eltrabajo.cl\/portal\/wp-json\/wp\/v2\/categories?post=62372"},{"taxonomy":"post_tag","embeddable":true,"href":"https:\/\/eltrabajo.cl\/portal\/wp-json\/wp\/v2\/tags?post=62372"}],"curies":[{"name":"wp","href":"https:\/\/api.w.org\/{rel}","templated":true}]}}