{"id":62375,"date":"2015-09-28T09:43:35","date_gmt":"2015-09-28T12:43:35","guid":{"rendered":"http:\/\/www.eltrabajo.cl\/portal\/?p=62375"},"modified":"2015-09-28T09:43:35","modified_gmt":"2015-09-28T12:43:35","slug":"falla-respiratoria-acabo-con-vida-de-lactante-recien-nacido-en-llay-llay","status":"publish","type":"post","link":"https:\/\/eltrabajo.cl\/portal\/falla-respiratoria-acabo-con-vida-de-lactante-recien-nacido-en-llay-llay\/","title":{"rendered":"Falla respiratoria acab\u00f3 con vida de lactante reci\u00e9n nacido en Llay Llay"},"content":{"rendered":"<figure id=\"attachment_62376\" aria-describedby=\"caption-attachment-62376\" style=\"width: 300px\" class=\"wp-caption alignleft\"><a href=\"https:\/\/i0.wp.com\/www.eltrabajo.cl\/portal\/wp-content\/uploads\/2015\/09\/Comisario-Gino-Gutierrez.jpg\"><img data-recalc-dims=\"1\" loading=\"lazy\" decoding=\"async\" class=\"wp-image-62376 size-medium\" src=\"https:\/\/i0.wp.com\/www.eltrabajo.cl\/portal\/wp-content\/uploads\/2015\/09\/Comisario-Gino-Gutierrez-300x198.jpg?resize=300%2C198\" alt=\"Comisario Gino Guti\u00e9rrez, Jefe de la Brigada de Homicidios de la PDI.\" width=\"300\" height=\"198\" srcset=\"https:\/\/i0.wp.com\/eltrabajo.cl\/portal\/wp-content\/uploads\/2015\/09\/Comisario-Gino-Gutierrez.jpg?resize=300%2C198&amp;ssl=1 300w, https:\/\/i0.wp.com\/eltrabajo.cl\/portal\/wp-content\/uploads\/2015\/09\/Comisario-Gino-Gutierrez.jpg?resize=200%2C132&amp;ssl=1 200w, https:\/\/i0.wp.com\/eltrabajo.cl\/portal\/wp-content\/uploads\/2015\/09\/Comisario-Gino-Gutierrez.jpg?resize=228%2C150&amp;ssl=1 228w, https:\/\/i0.wp.com\/eltrabajo.cl\/portal\/wp-content\/uploads\/2015\/09\/Comisario-Gino-Gutierrez.jpg?resize=400%2C263&amp;ssl=1 400w, https:\/\/i0.wp.com\/eltrabajo.cl\/portal\/wp-content\/uploads\/2015\/09\/Comisario-Gino-Gutierrez.jpg?w=530&amp;ssl=1 530w\" sizes=\"auto, (max-width: 300px) 100vw, 300px\" \/><\/a><figcaption id=\"caption-attachment-62376\" class=\"wp-caption-text\">Comisario Gino Guti\u00e9rrez, Jefe de la Brigada de Homicidios de la PDI.<\/figcaption><\/figure>\n<ul>\n<li><strong>La Brigada de Homicidios de la PDI inici\u00f3 una investigaci\u00f3n tras la muerte de un beb\u00e9 de 19 d\u00edas de nacido en la comuna de Llay Llay, descartando la intervenci\u00f3n de terceros en su lamentable deceso.<\/strong><\/li>\n<\/ul>\n<p>Profundo pesar familiar provoc\u00f3 la repentina muerte de un reci\u00e9n nacido de 19 d\u00edas, quien aparentemente por una falla respiratoria dej\u00f3 de existir cuando sus padres lo trasladaban hasta el Hospital San Francisco de la comuna de Llay Llay, donde a primeras horas del pasado s\u00e1bado se constat\u00f3 el deceso del lactante.<br \/>\nAnte el fatal fallecimiento del menor de sexo masculino, debi\u00f3 concurrir el personal policial de la Brigada de Homicidios de la Polic\u00eda de Investigaciones de Los Andes, quienes al revisar externamente el peque\u00f1o cuerpo del lactante, comprobaron que no presentaba indicios de intervenci\u00f3n de terceras personas, quedando a la espera del informe pericial que emitir\u00e1 el Servicio M\u00e9dico Legal.<br \/>\nDe acuerdo a las primeras investigaciones policiales, los padres habr\u00edan requerido ayuda m\u00e9dica previamente, luego que el lactante presentara problemas de respiraci\u00f3n, donde ya habr\u00eda sido atendido en un centro hospitalario.<br \/>\nSin embargo, el cuadro se fue agravando hasta que los desesperados padres, residentes en la misma comuna de Llay Llay, trasladaron a su peque\u00f1o hijo hasta el Hospital San Francisco debido a las complicaciones respiratorias que estaba presentando. No obstante, el fr\u00e1gil cuerpo del beb\u00e9 no resisti\u00f3, constatando su deceso a eso de las 07:00 horas de la ma\u00f1ana del s\u00e1bado, pues pese a haber recibido todas las maniobras de reanimaci\u00f3n correspondiente en estos casos no tuvo una reacci\u00f3n favorable.<br \/>\nEl Jefe de la Brigada de Homicidios de la PDI de Los Andes, Comisario Gino Guti\u00e9rrez, inform\u00f3 a Diario EL Trabajo que de acuerdo a las diligencias policiales, el cuerpo del beb\u00e9 no presenta indicios de la intervenci\u00f3n de terceras personas en el fallecimiento, quedando a la espera del informe que remita el Servicio M\u00e9dico Legal, quien determinar\u00e1 si el deceso del lactante se produjo por una falla multiorg\u00e1nica, una eventual asfixia o debido a un resfr\u00edo mal cuidado.<br \/>\n\u201cNosotros acudimos en virtud del requerimiento del Ministerio P\u00fablico y con base a eso efectuamos diligencias en virtud de la orden verbal. La causa precisa del deceso la deber\u00e1 determinar la autopsia de rigor, preliminarmente los antecedentes ser\u00eda una falla respiratoria. No se encontr\u00f3 evidencias de la intervenci\u00f3n de terceras personas en el deceso, de todas maneras todo esto est\u00e1 sujeto en el informe de autopsia respectiva, pero los antecedentes nos se\u00f1alan que el lactante ten\u00eda problemas respiratorios previos\u201d.<br \/>\n<strong>Pablo Salinas Sald\u00edas<\/strong><\/p>\n","protected":false},"excerpt":{"rendered":"<p>La Brigada de Homicidios de la PDI inici\u00f3 una investigaci\u00f3n tras la muerte de un beb\u00e9 de 19 d\u00edas de nacido en la comuna de Llay Llay, descartando la intervenci\u00f3n de terceros&#8230;<\/p>\n","protected":false},"author":482,"featured_media":62376,"comment_status":"open","ping_status":"open","sticky":false,"template":"","format":"standard","meta":{"advanced_seo_description":"","jetpack_seo_html_title":"","jetpack_seo_noindex":false,"_jetpack_memberships_contains_paid_content":false,"footnotes":""},"categories":[21],"tags":[],"class_list":["post-62375","post","type-post","status-publish","format-standard","has-post-thumbnail","hentry","category-policial"],"jetpack_featured_media_url":"https:\/\/i0.wp.com\/eltrabajo.cl\/portal\/wp-content\/uploads\/2015\/09\/Comisario-Gino-Gutierrez.jpg?fit=530%2C349&ssl=1","jetpack_sharing_enabled":true,"jetpack_likes_enabled":true,"jetpack-related-posts":[],"_links":{"self":[{"href":"https:\/\/eltrabajo.cl\/portal\/wp-json\/wp\/v2\/posts\/62375","targetHints":{"allow":["GET"]}}],"collection":[{"href":"https:\/\/eltrabajo.cl\/portal\/wp-json\/wp\/v2\/posts"}],"about":[{"href":"https:\/\/eltrabajo.cl\/portal\/wp-json\/wp\/v2\/types\/post"}],"author":[{"embeddable":true,"href":"https:\/\/eltrabajo.cl\/portal\/wp-json\/wp\/v2\/users\/482"}],"replies":[{"embeddable":true,"href":"https:\/\/eltrabajo.cl\/portal\/wp-json\/wp\/v2\/comments?post=62375"}],"version-history":[{"count":0,"href":"https:\/\/eltrabajo.cl\/portal\/wp-json\/wp\/v2\/posts\/62375\/revisions"}],"wp:featuredmedia":[{"embeddable":true,"href":"https:\/\/eltrabajo.cl\/portal\/wp-json\/wp\/v2\/media\/62376"}],"wp:attachment":[{"href":"https:\/\/eltrabajo.cl\/portal\/wp-json\/wp\/v2\/media?parent=62375"}],"wp:term":[{"taxonomy":"category","embeddable":true,"href":"https:\/\/eltrabajo.cl\/portal\/wp-json\/wp\/v2\/categories?post=62375"},{"taxonomy":"post_tag","embeddable":true,"href":"https:\/\/eltrabajo.cl\/portal\/wp-json\/wp\/v2\/tags?post=62375"}],"curies":[{"name":"wp","href":"https:\/\/api.w.org\/{rel}","templated":true}]}}