{"id":62381,"date":"2015-09-29T09:29:14","date_gmt":"2015-09-29T12:29:14","guid":{"rendered":"http:\/\/www.eltrabajo.cl\/portal\/?p=62381"},"modified":"2015-09-29T09:29:14","modified_gmt":"2015-09-29T12:29:14","slug":"tras-exitosa-carrera-nataly-rosas-es-recibida-con-honores-por-alcalde-de-santa-maria","status":"publish","type":"post","link":"https:\/\/eltrabajo.cl\/portal\/tras-exitosa-carrera-nataly-rosas-es-recibida-con-honores-por-alcalde-de-santa-maria\/","title":{"rendered":"Tras exitosa carrera Nataly Rosas es recibida con honores por Alcalde de Santa Mar\u00eda"},"content":{"rendered":"<figure id=\"attachment_62382\" aria-describedby=\"caption-attachment-62382\" style=\"width: 300px\" class=\"wp-caption alignleft\"><a href=\"https:\/\/i0.wp.com\/www.eltrabajo.cl\/portal\/wp-content\/uploads\/2015\/09\/Nataly-Rosas.jpg\"><img data-recalc-dims=\"1\" loading=\"lazy\" decoding=\"async\" class=\"wp-image-62382 size-medium\" src=\"https:\/\/i0.wp.com\/www.eltrabajo.cl\/portal\/wp-content\/uploads\/2015\/09\/Nataly-Rosas-300x198.jpg?resize=300%2C198\" alt=\"El alcalde Claudio Zurita, recibi\u00f3 a la atleta santamariana Nataly Rosas, tras un exitoso paso por la competencia internacional en Francia.\" width=\"300\" height=\"198\" srcset=\"https:\/\/i0.wp.com\/eltrabajo.cl\/portal\/wp-content\/uploads\/2015\/09\/Nataly-Rosas.jpg?resize=300%2C198&amp;ssl=1 300w, https:\/\/i0.wp.com\/eltrabajo.cl\/portal\/wp-content\/uploads\/2015\/09\/Nataly-Rosas.jpg?resize=200%2C132&amp;ssl=1 200w, https:\/\/i0.wp.com\/eltrabajo.cl\/portal\/wp-content\/uploads\/2015\/09\/Nataly-Rosas.jpg?resize=228%2C150&amp;ssl=1 228w, https:\/\/i0.wp.com\/eltrabajo.cl\/portal\/wp-content\/uploads\/2015\/09\/Nataly-Rosas.jpg?resize=400%2C263&amp;ssl=1 400w, https:\/\/i0.wp.com\/eltrabajo.cl\/portal\/wp-content\/uploads\/2015\/09\/Nataly-Rosas.jpg?w=530&amp;ssl=1 530w\" sizes=\"auto, (max-width: 300px) 100vw, 300px\" \/><\/a><figcaption id=\"caption-attachment-62382\" class=\"wp-caption-text\">El alcalde Claudio Zurita, recibi\u00f3 a la atleta santamariana Nataly Rosas, tras un exitoso paso por la competencia internacional en Francia.<\/figcaption><\/figure>\n<p><strong>SANTA MARIA.<\/strong>&#8211; Como muestra del \u00e9xito que tienen las pol\u00edticas municipales de diversificaci\u00f3n y apoyo al deporte, el alcalde Claudio Zurita evidenci\u00f3 el excelente desempe\u00f1o de Nataly Rosas, quien fue recibida en el municipio despu\u00e9s de obtener el sexto lugar en la competencia internacional en Francia.<br \/>\nEl alcalde Zurita se mostr\u00f3 orgulloso y dispuesto a seguir prestando todo el apoyo a esta deportista de elite oriunda de Santa Mar\u00eda: \u201cEn primer lugar, decir que sentimos un tremendo orgullo de Nataly, una deportista de Santa Mar\u00eda que hace una carrera internacional de gran \u00e9xito. Que el nombre de Santa Mar\u00eda y de Nataly est\u00e9 a nivel mundial, nos pone feliz. As\u00ed es que a nombre del Concejo Municipal y m\u00edo quiero felicitar a Nataly y reiterar nuestro compromiso de seguir apoy\u00e1ndola porque estamos seguros que va a ir creciendo d\u00eda a d\u00eda, y cuando ya su carrera pase a otra etapa, sin dudas ser\u00e1 una monitora nuestra para preparar a futuros campeones donde ya existen algunos que siguen sus pasos en el dif\u00edcil mundo del deporte de competencias aventura\u201d.<br \/>\nPor su parte Nataly Rosas se mostr\u00f3 muy agradecida y con la humildad que la caracteriza dijo que el trabajo duro y la preparaci\u00f3n constante, s\u00f3lo son posibles gracias al aporte municipal y de sus auspiciadores. \u201cBueno, esta fue una fecha del circuito mundial de Carreras de Aventura, y yo fui la \u00fanica representante de Chile y m\u00e1s a\u00fan de mi comuna de Santa Mar\u00eda. Estas fechas son circuitos de 400 kil\u00f3metros non stop en cuatro d\u00edas donde se re\u00fanen los mejores del mundo, m\u00e1s algunos equipos de Francia, quienes actuaron de local. Yo hice equipo con los espa\u00f1oles y obtuvimos el sexto lugar. Lo bueno de esto es que mi carrera se est\u00e1 internacionalizando y vengo con un par de invitaciones m\u00e1s\u201d.<br \/>\nNataly Rosas dijo que agradec\u00eda la ayuda municipal y que es la \u00fanica manera de poder mantener el ritmo exigente del entrenamiento ya que es un deporte de elite y se compite con los mejores por lo tanto el entrenamiento, la alimentaci\u00f3n y todo lo que rodea esta vida deportiva debe tratarse profesionalmente o si no los resultados no permitir\u00edan estar en competencias internacionales.<br \/>\nCabe destacar que en Santa Mar\u00eda, la pol\u00edtica municipal de fomento al deporte ha llevado a proyectos tan variados como la construcci\u00f3n de un Skate Park, una medialuna municipal, cancha sint\u00e9tica y estadio nuevo de f\u00fatbol para Santa Filomena y un permanente apoyo a los clubes de motos, jeeperos y andinistas; como clara se\u00f1al que el deporte puede ser un medio de \u00e9xito para el ciudadano de una comuna peque\u00f1a como Santa Mar\u00eda.<br \/>\n<strong>Roberto Mercado Aced<\/strong><\/p>\n","protected":false},"excerpt":{"rendered":"<p>SANTA MARIA.&#8211; Como muestra del \u00e9xito que tienen las pol\u00edticas municipales de diversificaci\u00f3n y apoyo al deporte, el alcalde Claudio Zurita evidenci\u00f3 el excelente desempe\u00f1o de Nataly Rosas, quien fue recibida en&#8230;<\/p>\n","protected":false},"author":482,"featured_media":62382,"comment_status":"open","ping_status":"open","sticky":false,"template":"","format":"standard","meta":{"advanced_seo_description":"","jetpack_seo_html_title":"","jetpack_seo_noindex":false,"_jetpack_memberships_contains_paid_content":false,"footnotes":""},"categories":[15],"tags":[],"class_list":["post-62381","post","type-post","status-publish","format-standard","has-post-thumbnail","hentry","category-comunidad"],"jetpack_featured_media_url":"https:\/\/i0.wp.com\/eltrabajo.cl\/portal\/wp-content\/uploads\/2015\/09\/Nataly-Rosas.jpg?fit=530%2C349&ssl=1","jetpack_sharing_enabled":true,"jetpack_likes_enabled":true,"jetpack-related-posts":[],"_links":{"self":[{"href":"https:\/\/eltrabajo.cl\/portal\/wp-json\/wp\/v2\/posts\/62381","targetHints":{"allow":["GET"]}}],"collection":[{"href":"https:\/\/eltrabajo.cl\/portal\/wp-json\/wp\/v2\/posts"}],"about":[{"href":"https:\/\/eltrabajo.cl\/portal\/wp-json\/wp\/v2\/types\/post"}],"author":[{"embeddable":true,"href":"https:\/\/eltrabajo.cl\/portal\/wp-json\/wp\/v2\/users\/482"}],"replies":[{"embeddable":true,"href":"https:\/\/eltrabajo.cl\/portal\/wp-json\/wp\/v2\/comments?post=62381"}],"version-history":[{"count":0,"href":"https:\/\/eltrabajo.cl\/portal\/wp-json\/wp\/v2\/posts\/62381\/revisions"}],"wp:featuredmedia":[{"embeddable":true,"href":"https:\/\/eltrabajo.cl\/portal\/wp-json\/wp\/v2\/media\/62382"}],"wp:attachment":[{"href":"https:\/\/eltrabajo.cl\/portal\/wp-json\/wp\/v2\/media?parent=62381"}],"wp:term":[{"taxonomy":"category","embeddable":true,"href":"https:\/\/eltrabajo.cl\/portal\/wp-json\/wp\/v2\/categories?post=62381"},{"taxonomy":"post_tag","embeddable":true,"href":"https:\/\/eltrabajo.cl\/portal\/wp-json\/wp\/v2\/tags?post=62381"}],"curies":[{"name":"wp","href":"https:\/\/api.w.org\/{rel}","templated":true}]}}