{"id":62384,"date":"2015-09-29T09:30:33","date_gmt":"2015-09-29T12:30:33","guid":{"rendered":"http:\/\/www.eltrabajo.cl\/portal\/?p=62384"},"modified":"2015-09-29T09:30:33","modified_gmt":"2015-09-29T12:30:33","slug":"culmina-de-manera-exitosa-campana-calle-larga-ayuda-a-los-vilos","status":"publish","type":"post","link":"https:\/\/eltrabajo.cl\/portal\/culmina-de-manera-exitosa-campana-calle-larga-ayuda-a-los-vilos\/","title":{"rendered":"Culmina de manera exitosa campa\u00f1a \u2018Calle Larga ayuda a Los Vilos\u2019"},"content":{"rendered":"<figure id=\"attachment_62385\" aria-describedby=\"caption-attachment-62385\" style=\"width: 300px\" class=\"wp-caption alignleft\"><a href=\"https:\/\/i0.wp.com\/www.eltrabajo.cl\/portal\/wp-content\/uploads\/2015\/09\/Campana-ayuda-a-los-vilos.jpg\"><img data-recalc-dims=\"1\" loading=\"lazy\" decoding=\"async\" class=\"wp-image-62385 size-medium\" src=\"https:\/\/i0.wp.com\/www.eltrabajo.cl\/portal\/wp-content\/uploads\/2015\/09\/Campana-ayuda-a-los-vilos-300x198.jpg?resize=300%2C198\" alt=\"La campa\u00f1a \u2018Calle Larga ayuda a Los Vilos\u2019 fue todo un \u00e9xito, recaudando m\u00e1s de 3 toneladas de alimentos no perecibles para los afectados por el terremoto.\" width=\"300\" height=\"198\" srcset=\"https:\/\/i0.wp.com\/eltrabajo.cl\/portal\/wp-content\/uploads\/2015\/09\/Campana-ayuda-a-los-vilos.jpg?resize=300%2C198&amp;ssl=1 300w, https:\/\/i0.wp.com\/eltrabajo.cl\/portal\/wp-content\/uploads\/2015\/09\/Campana-ayuda-a-los-vilos.jpg?resize=200%2C132&amp;ssl=1 200w, https:\/\/i0.wp.com\/eltrabajo.cl\/portal\/wp-content\/uploads\/2015\/09\/Campana-ayuda-a-los-vilos.jpg?resize=227%2C150&amp;ssl=1 227w, https:\/\/i0.wp.com\/eltrabajo.cl\/portal\/wp-content\/uploads\/2015\/09\/Campana-ayuda-a-los-vilos.jpg?resize=400%2C264&amp;ssl=1 400w, https:\/\/i0.wp.com\/eltrabajo.cl\/portal\/wp-content\/uploads\/2015\/09\/Campana-ayuda-a-los-vilos.jpg?w=530&amp;ssl=1 530w\" sizes=\"auto, (max-width: 300px) 100vw, 300px\" \/><\/a><figcaption id=\"caption-attachment-62385\" class=\"wp-caption-text\">La campa\u00f1a \u2018Calle Larga ayuda a Los Vilos\u2019 fue todo un \u00e9xito, recaudando m\u00e1s de 3 toneladas de alimentos no perecibles para los afectados por el terremoto.<\/figcaption><\/figure>\n<ul>\n<li><strong>M\u00e1s de 3 toneladas de alimentos no perecibles fueron recaudados.<\/strong><\/li>\n<\/ul>\n<p><strong>CALLE LARGA.<\/strong>&#8211; Un gran \u00e9xito tuvo la campa\u00f1a solidaria en ayuda a Los Vilos que se realiz\u00f3 el s\u00e1bado 26 de septiembre en la comuna de Calle Larga.<br \/>\nEl compromiso de los callelarguinos se vio reflejado en las m\u00e1s de 3 toneladas y medias de alimentos no perecibles que se recaudaron en una tarde, donde colaboraron funcionarios municipales, de educaci\u00f3n, salud, grupos juveniles, scout de la comuna y de Los Andes junto a vecinos, quienes desinteresadamente prestaron sus veh\u00edculos para esta colecta.<br \/>\n\u201cNuevamente el pueblo callelarguino ha respondido a nuestro requerimiento, lo hemos se\u00f1alado antes, no s\u00f3lo se trata de una jornada de solidaridad, sino tambi\u00e9n una oportunidad de devolver la mano a la gente de Los Vilos que ha recibido a los callelarguinos cuando van de vacaciones. De todas maneras vamos a seguir durante la semana recolectando alimentos\u201d. Se\u00f1al\u00f3 el alcalde Nelson Venegas.<br \/>\nEl alcalde de Los Vilos, en una entrevista destac\u00f3 que \u201ces emocionante para nosotros sentir el apoyo de una comuna como Calle Larga que tiene un lazo tan estrecho con la nuestra, al traer a la gente de all\u00e1 a conocer el mar, y que ahora nos est\u00e9n devolviendo la mano, del cari\u00f1o, es emocionante. Yo le agradezco a cada una de las personas desde la m\u00e1s humilde hasta la que tiene un poquito m\u00e1s\u201d.<br \/>\nEntre los municipios de Calle Larga y Los Vilos existe una gran cercan\u00eda, ya que la localidad afectada por el terremoto y maremoto, recibe todos los a\u00f1os a m\u00e1s de 700 callelarguinos que env\u00eda la municipalidad en periodo estival, por el programa de vacaciones a bajo costo.<br \/>\nEsta semana, se seguir\u00e1 recolectando mercader\u00eda en los sectores que por tiempo no se alcanz\u00f3 a cubrir. Adem\u00e1s, se continuar\u00e1 recibiendo ayuda en la municipalidad, radio y Cesfam por si a\u00fan quedan vecinos que quieran aportar.<\/p>\n","protected":false},"excerpt":{"rendered":"<p>M\u00e1s de 3 toneladas de alimentos no perecibles fueron recaudados. CALLE LARGA.&#8211; Un gran \u00e9xito tuvo la campa\u00f1a solidaria en ayuda a Los Vilos que se realiz\u00f3 el s\u00e1bado 26 de septiembre&#8230;<\/p>\n","protected":false},"author":482,"featured_media":62385,"comment_status":"open","ping_status":"open","sticky":false,"template":"","format":"standard","meta":{"advanced_seo_description":"","jetpack_seo_html_title":"","jetpack_seo_noindex":false,"_jetpack_memberships_contains_paid_content":false,"footnotes":""},"categories":[15],"tags":[],"class_list":["post-62384","post","type-post","status-publish","format-standard","has-post-thumbnail","hentry","category-comunidad"],"jetpack_featured_media_url":"https:\/\/i0.wp.com\/eltrabajo.cl\/portal\/wp-content\/uploads\/2015\/09\/Campana-ayuda-a-los-vilos.jpg?fit=530%2C350&ssl=1","jetpack_sharing_enabled":true,"jetpack_likes_enabled":true,"jetpack-related-posts":[],"_links":{"self":[{"href":"https:\/\/eltrabajo.cl\/portal\/wp-json\/wp\/v2\/posts\/62384","targetHints":{"allow":["GET"]}}],"collection":[{"href":"https:\/\/eltrabajo.cl\/portal\/wp-json\/wp\/v2\/posts"}],"about":[{"href":"https:\/\/eltrabajo.cl\/portal\/wp-json\/wp\/v2\/types\/post"}],"author":[{"embeddable":true,"href":"https:\/\/eltrabajo.cl\/portal\/wp-json\/wp\/v2\/users\/482"}],"replies":[{"embeddable":true,"href":"https:\/\/eltrabajo.cl\/portal\/wp-json\/wp\/v2\/comments?post=62384"}],"version-history":[{"count":0,"href":"https:\/\/eltrabajo.cl\/portal\/wp-json\/wp\/v2\/posts\/62384\/revisions"}],"wp:featuredmedia":[{"embeddable":true,"href":"https:\/\/eltrabajo.cl\/portal\/wp-json\/wp\/v2\/media\/62385"}],"wp:attachment":[{"href":"https:\/\/eltrabajo.cl\/portal\/wp-json\/wp\/v2\/media?parent=62384"}],"wp:term":[{"taxonomy":"category","embeddable":true,"href":"https:\/\/eltrabajo.cl\/portal\/wp-json\/wp\/v2\/categories?post=62384"},{"taxonomy":"post_tag","embeddable":true,"href":"https:\/\/eltrabajo.cl\/portal\/wp-json\/wp\/v2\/tags?post=62384"}],"curies":[{"name":"wp","href":"https:\/\/api.w.org\/{rel}","templated":true}]}}