{"id":62387,"date":"2015-09-29T09:31:51","date_gmt":"2015-09-29T12:31:51","guid":{"rendered":"http:\/\/www.eltrabajo.cl\/portal\/?p=62387"},"modified":"2015-09-29T09:31:51","modified_gmt":"2015-09-29T12:31:51","slug":"adultos-mayores-participaron-de-festival-de-canto-en-santa-maria","status":"publish","type":"post","link":"https:\/\/eltrabajo.cl\/portal\/adultos-mayores-participaron-de-festival-de-canto-en-santa-maria\/","title":{"rendered":"Adultos mayores participaron de festival de canto en Santa Mar\u00eda"},"content":{"rendered":"<figure id=\"attachment_62388\" aria-describedby=\"caption-attachment-62388\" style=\"width: 300px\" class=\"wp-caption alignleft\"><a href=\"https:\/\/i0.wp.com\/www.eltrabajo.cl\/portal\/wp-content\/uploads\/2015\/09\/Festival-adulto-mayor-2.jpg\"><img data-recalc-dims=\"1\" loading=\"lazy\" decoding=\"async\" class=\"wp-image-62388 size-medium\" src=\"https:\/\/i0.wp.com\/www.eltrabajo.cl\/portal\/wp-content\/uploads\/2015\/09\/Festival-adulto-mayor-2-300x198.jpg?resize=300%2C198\" alt=\"Diversas autoridades y gran cantidad de p\u00fablico, participaron de la competencia del festival de canto organizado por Pastoral Social del Obispado de San Felipe.\" width=\"300\" height=\"198\" srcset=\"https:\/\/i0.wp.com\/eltrabajo.cl\/portal\/wp-content\/uploads\/2015\/09\/Festival-adulto-mayor-2.jpg?resize=300%2C198&amp;ssl=1 300w, https:\/\/i0.wp.com\/eltrabajo.cl\/portal\/wp-content\/uploads\/2015\/09\/Festival-adulto-mayor-2.jpg?resize=200%2C132&amp;ssl=1 200w, https:\/\/i0.wp.com\/eltrabajo.cl\/portal\/wp-content\/uploads\/2015\/09\/Festival-adulto-mayor-2.jpg?resize=227%2C150&amp;ssl=1 227w, https:\/\/i0.wp.com\/eltrabajo.cl\/portal\/wp-content\/uploads\/2015\/09\/Festival-adulto-mayor-2.jpg?resize=400%2C264&amp;ssl=1 400w, https:\/\/i0.wp.com\/eltrabajo.cl\/portal\/wp-content\/uploads\/2015\/09\/Festival-adulto-mayor-2.jpg?w=530&amp;ssl=1 530w\" sizes=\"auto, (max-width: 300px) 100vw, 300px\" \/><\/a><figcaption id=\"caption-attachment-62388\" class=\"wp-caption-text\">Diversas autoridades y gran cantidad de p\u00fablico, participaron de la competencia del festival de canto organizado por Pastoral Social del Obispado de San Felipe.<\/figcaption><\/figure>\n<ul>\n<li><strong>Esta actividad organizada por la Pastoral Social del Obispado de San Felipe, fue la instancia para que el canto se expresara en el Gimnasio de Santa Mar\u00eda, con participantes que pusieron todas sus dotes art\u00edsticas en el escenari<\/strong>o.<\/li>\n<\/ul>\n<p>El Festival de la Canci\u00f3n del Adulto Mayor, cont\u00f3 con la presencia de Mons. Cristi\u00e1n Contreras Molina, OdeM, Obispo de la Di\u00f3cesis de San Felipe; Claudio Zurita, alcalde de de Santa Mar\u00eda, P. Claudio Acevedo, p\u00e1rroco de Santa Mar\u00eda, el R.P. Danilo Y\u00e1\u00f1ez, O.C.D, Rector del Santuario de Auco y una masiva concurrencia de adultos mayores de diferentes comunas de nuestra di\u00f3cesis.<br \/>\nEn este certamen musical participaron 15 concursantes, resultando ganador Mar\u00eda Elisa Toro Fuentes de Cabildo; el segundo lugar fue para Luis Ib\u00e1\u00f1ez de Calle Larga y el tercer lugar para Leontina Cadi\u00fade Los Andes, el jurado estuvo compuesto por el folclorista H\u00e9ctor Parada y las profesoras de m\u00fasica: Mar\u00eda Cecilia Orostegui y Marcela Ahumada.<br \/>\nAl respecto, Gabriela B\u00e1ez, encargada de la Pastoral Social Caritas de San Felipe expres\u00f3 \u201cagradecemos la participaci\u00f3n de los adultos mayores, quienes son los principales protagonistas de esta gran fiesta, demostrando su alegr\u00eda de vivir, sus talentos y su entusiasmo en participar en este evento musical\u201d.<\/p>\n","protected":false},"excerpt":{"rendered":"<p>Esta actividad organizada por la Pastoral Social del Obispado de San Felipe, fue la instancia para que el canto se expresara en el Gimnasio de Santa Mar\u00eda, con participantes que pusieron todas&#8230;<\/p>\n","protected":false},"author":482,"featured_media":62388,"comment_status":"open","ping_status":"open","sticky":false,"template":"","format":"standard","meta":{"advanced_seo_description":"","jetpack_seo_html_title":"","jetpack_seo_noindex":false,"_jetpack_memberships_contains_paid_content":false,"footnotes":""},"categories":[15],"tags":[],"class_list":["post-62387","post","type-post","status-publish","format-standard","has-post-thumbnail","hentry","category-comunidad"],"jetpack_featured_media_url":"https:\/\/i0.wp.com\/eltrabajo.cl\/portal\/wp-content\/uploads\/2015\/09\/Festival-adulto-mayor-2.jpg?fit=530%2C350&ssl=1","jetpack_sharing_enabled":true,"jetpack_likes_enabled":true,"jetpack-related-posts":[],"_links":{"self":[{"href":"https:\/\/eltrabajo.cl\/portal\/wp-json\/wp\/v2\/posts\/62387","targetHints":{"allow":["GET"]}}],"collection":[{"href":"https:\/\/eltrabajo.cl\/portal\/wp-json\/wp\/v2\/posts"}],"about":[{"href":"https:\/\/eltrabajo.cl\/portal\/wp-json\/wp\/v2\/types\/post"}],"author":[{"embeddable":true,"href":"https:\/\/eltrabajo.cl\/portal\/wp-json\/wp\/v2\/users\/482"}],"replies":[{"embeddable":true,"href":"https:\/\/eltrabajo.cl\/portal\/wp-json\/wp\/v2\/comments?post=62387"}],"version-history":[{"count":0,"href":"https:\/\/eltrabajo.cl\/portal\/wp-json\/wp\/v2\/posts\/62387\/revisions"}],"wp:featuredmedia":[{"embeddable":true,"href":"https:\/\/eltrabajo.cl\/portal\/wp-json\/wp\/v2\/media\/62388"}],"wp:attachment":[{"href":"https:\/\/eltrabajo.cl\/portal\/wp-json\/wp\/v2\/media?parent=62387"}],"wp:term":[{"taxonomy":"category","embeddable":true,"href":"https:\/\/eltrabajo.cl\/portal\/wp-json\/wp\/v2\/categories?post=62387"},{"taxonomy":"post_tag","embeddable":true,"href":"https:\/\/eltrabajo.cl\/portal\/wp-json\/wp\/v2\/tags?post=62387"}],"curies":[{"name":"wp","href":"https:\/\/api.w.org\/{rel}","templated":true}]}}