{"id":62390,"date":"2015-09-29T09:34:53","date_gmt":"2015-09-29T12:34:53","guid":{"rendered":"http:\/\/www.eltrabajo.cl\/portal\/?p=62390"},"modified":"2015-09-29T09:34:53","modified_gmt":"2015-09-29T12:34:53","slug":"vecinos-preocupados-por-fachada-de-casa-con-inminente-peligro-de-derrumbe-en-calle-comercio","status":"publish","type":"post","link":"https:\/\/eltrabajo.cl\/portal\/vecinos-preocupados-por-fachada-de-casa-con-inminente-peligro-de-derrumbe-en-calle-comercio\/","title":{"rendered":"Vecinos preocupados por fachada de casa con inminente peligro de derrumbe en calle Comercio"},"content":{"rendered":"<figure id=\"attachment_62391\" aria-describedby=\"caption-attachment-62391\" style=\"width: 300px\" class=\"wp-caption alignleft\"><a href=\"https:\/\/i0.wp.com\/www.eltrabajo.cl\/portal\/wp-content\/uploads\/2015\/09\/Casa-con-posible-derrumbe.jpg\"><img data-recalc-dims=\"1\" loading=\"lazy\" decoding=\"async\" class=\"wp-image-62391 size-medium\" src=\"https:\/\/i0.wp.com\/www.eltrabajo.cl\/portal\/wp-content\/uploads\/2015\/09\/Casa-con-posible-derrumbe-300x198.jpg?resize=300%2C198\" alt=\"Autoridades han intentado comunicarse con los propietarios de la vivienda, sin mayores logros, por lo que esperar\u00e1n hasta el pr\u00f3ximo jueves para derribar la fachada de la vivienda que se ha transformado en un peligro para los vecinos . \" width=\"300\" height=\"198\" srcset=\"https:\/\/i0.wp.com\/eltrabajo.cl\/portal\/wp-content\/uploads\/2015\/09\/Casa-con-posible-derrumbe.jpg?resize=300%2C198&amp;ssl=1 300w, https:\/\/i0.wp.com\/eltrabajo.cl\/portal\/wp-content\/uploads\/2015\/09\/Casa-con-posible-derrumbe.jpg?resize=200%2C132&amp;ssl=1 200w, https:\/\/i0.wp.com\/eltrabajo.cl\/portal\/wp-content\/uploads\/2015\/09\/Casa-con-posible-derrumbe.jpg?resize=228%2C150&amp;ssl=1 228w, https:\/\/i0.wp.com\/eltrabajo.cl\/portal\/wp-content\/uploads\/2015\/09\/Casa-con-posible-derrumbe.jpg?resize=400%2C263&amp;ssl=1 400w, https:\/\/i0.wp.com\/eltrabajo.cl\/portal\/wp-content\/uploads\/2015\/09\/Casa-con-posible-derrumbe.jpg?w=530&amp;ssl=1 530w\" sizes=\"auto, (max-width: 300px) 100vw, 300px\" \/><\/a><figcaption id=\"caption-attachment-62391\" class=\"wp-caption-text\">Autoridades han intentado comunicarse con los propietarios de la vivienda, sin mayores logros, por lo que esperar\u00e1n hasta el pr\u00f3ximo jueves para derribar la fachada de la vivienda que se ha transformado en un peligro para los vecinos .<\/figcaption><\/figure>\n<p><strong>PUTAENDO.<\/strong>&#8211; Con un inminente peligro de derrumbe, se encuentra la fachada de una antigua vivienda abandonada ubicada en calle Comercio frente al colegio Marie Poussepin.<br \/>\nJorge Reyes, Director de Obras de municipio de Putaendo, confirm\u00f3 a nuestro medio que el jueves de la semana pasada debieron suspender el tr\u00e1nsito peatonal frente a la vivienda asignada con el n\u00famero 94 de la calle Comercio, que est\u00e1 ubicada frente al colegio Marie Poussepin, pues con el \u00faltimo movimiento tel\u00farico que se dej\u00f3 sentir en nuestra comuna a prop\u00f3sito del terremoto del norte de pa\u00eds, la antigua muralla de adobe se desplaz\u00f3 y fractur\u00f3 por completo, lo que en estos momentos origina un inminente peligro de ca\u00edda, los que podr\u00eda afectar sobre todo a los ni\u00f1os que llegan en veh\u00edculos y acompa\u00f1ados de sus padres hasta el colegio Marie Poussepin.<br \/>\nReyes, indic\u00f3 que hasta el momento y pese a todos los esfuerzos que se ha realizado por parte del municipio de Putaendo, no se ha podido dar con el propietario de esta vivienda que lleva muchos a\u00f1os abandonada y que solo mantiene en pie su fachada de adobe, por lo que se agotar\u00e1n las instancias hasta este pr\u00f3ximo jueves, y luego ser\u00e1 el municipio el que derribar\u00e1 de forma definitiva la fachada de la vivienda que en cualquier momento podr\u00eda derrumbarse producto de su p\u00e9simo estado.<br \/>\nFinalmente el Director de Obras del Municipio de Putaendo indic\u00f3 que se tom\u00f3 contacto con el colegio Marie Poussepin a fin de que el mismo establecimiento educacional sugiriera a profesores y apoderados no estacionar frente a las huinchas de emergencia y explicar a los alumnos el peligro que significa en este momento sobrepasar las medidas de seguridad, pues dijo se tom\u00f3 en cuenta de manera especial e peligro que esta situaci\u00f3n acarreaba para los mismos estudiantes.<br \/>\n<strong>Patricio Gallardo M.<\/strong><\/p>\n","protected":false},"excerpt":{"rendered":"<p>PUTAENDO.&#8211; Con un inminente peligro de derrumbe, se encuentra la fachada de una antigua vivienda abandonada ubicada en calle Comercio frente al colegio Marie Poussepin. Jorge Reyes, Director de Obras de municipio&#8230;<\/p>\n","protected":false},"author":482,"featured_media":62391,"comment_status":"open","ping_status":"open","sticky":false,"template":"","format":"standard","meta":{"advanced_seo_description":"","jetpack_seo_html_title":"","jetpack_seo_noindex":false,"_jetpack_memberships_contains_paid_content":false,"footnotes":""},"categories":[15],"tags":[],"class_list":["post-62390","post","type-post","status-publish","format-standard","has-post-thumbnail","hentry","category-comunidad"],"jetpack_featured_media_url":"https:\/\/i0.wp.com\/eltrabajo.cl\/portal\/wp-content\/uploads\/2015\/09\/Casa-con-posible-derrumbe.jpg?fit=530%2C349&ssl=1","jetpack_sharing_enabled":true,"jetpack_likes_enabled":true,"jetpack-related-posts":[],"_links":{"self":[{"href":"https:\/\/eltrabajo.cl\/portal\/wp-json\/wp\/v2\/posts\/62390","targetHints":{"allow":["GET"]}}],"collection":[{"href":"https:\/\/eltrabajo.cl\/portal\/wp-json\/wp\/v2\/posts"}],"about":[{"href":"https:\/\/eltrabajo.cl\/portal\/wp-json\/wp\/v2\/types\/post"}],"author":[{"embeddable":true,"href":"https:\/\/eltrabajo.cl\/portal\/wp-json\/wp\/v2\/users\/482"}],"replies":[{"embeddable":true,"href":"https:\/\/eltrabajo.cl\/portal\/wp-json\/wp\/v2\/comments?post=62390"}],"version-history":[{"count":0,"href":"https:\/\/eltrabajo.cl\/portal\/wp-json\/wp\/v2\/posts\/62390\/revisions"}],"wp:featuredmedia":[{"embeddable":true,"href":"https:\/\/eltrabajo.cl\/portal\/wp-json\/wp\/v2\/media\/62391"}],"wp:attachment":[{"href":"https:\/\/eltrabajo.cl\/portal\/wp-json\/wp\/v2\/media?parent=62390"}],"wp:term":[{"taxonomy":"category","embeddable":true,"href":"https:\/\/eltrabajo.cl\/portal\/wp-json\/wp\/v2\/categories?post=62390"},{"taxonomy":"post_tag","embeddable":true,"href":"https:\/\/eltrabajo.cl\/portal\/wp-json\/wp\/v2\/tags?post=62390"}],"curies":[{"name":"wp","href":"https:\/\/api.w.org\/{rel}","templated":true}]}}