{"id":62393,"date":"2015-09-29T09:36:51","date_gmt":"2015-09-29T12:36:51","guid":{"rendered":"http:\/\/www.eltrabajo.cl\/portal\/?p=62393"},"modified":"2015-09-29T09:36:51","modified_gmt":"2015-09-29T12:36:51","slug":"durante-fin-de-semana-realizan-nueva-version-de-feria-yo-amo-viajar-por-rinconada","status":"publish","type":"post","link":"https:\/\/eltrabajo.cl\/portal\/durante-fin-de-semana-realizan-nueva-version-de-feria-yo-amo-viajar-por-rinconada\/","title":{"rendered":"Durante fin de semana realizan nueva versi\u00f3n de Feria \u2018Yo amo viajar por Rinconada\u2019"},"content":{"rendered":"<figure id=\"attachment_62394\" aria-describedby=\"caption-attachment-62394\" style=\"width: 300px\" class=\"wp-caption alignleft\"><a href=\"https:\/\/i0.wp.com\/www.eltrabajo.cl\/portal\/wp-content\/uploads\/2015\/09\/FERIA-SERNATUR-RINCONADA.jpg\"><img data-recalc-dims=\"1\" loading=\"lazy\" decoding=\"async\" class=\"wp-image-62394 size-medium\" src=\"https:\/\/i0.wp.com\/www.eltrabajo.cl\/portal\/wp-content\/uploads\/2015\/09\/FERIA-SERNATUR-RINCONADA-300x198.jpg?resize=300%2C198\" alt=\"El alcalde Caballer\u00eda junto a la Gobernadora de Los Andes, Mar\u00eda Victoria Rodr\u00edguez, visitaron los 30 stands que formaron parte de una nueva versi\u00f3n de la Feria \u2018Yo amo viajar por Rinconada\u2019.\" width=\"300\" height=\"198\" srcset=\"https:\/\/i0.wp.com\/eltrabajo.cl\/portal\/wp-content\/uploads\/2015\/09\/FERIA-SERNATUR-RINCONADA.jpg?resize=300%2C198&amp;ssl=1 300w, https:\/\/i0.wp.com\/eltrabajo.cl\/portal\/wp-content\/uploads\/2015\/09\/FERIA-SERNATUR-RINCONADA.jpg?resize=200%2C132&amp;ssl=1 200w, https:\/\/i0.wp.com\/eltrabajo.cl\/portal\/wp-content\/uploads\/2015\/09\/FERIA-SERNATUR-RINCONADA.jpg?resize=227%2C150&amp;ssl=1 227w, https:\/\/i0.wp.com\/eltrabajo.cl\/portal\/wp-content\/uploads\/2015\/09\/FERIA-SERNATUR-RINCONADA.jpg?resize=400%2C264&amp;ssl=1 400w, https:\/\/i0.wp.com\/eltrabajo.cl\/portal\/wp-content\/uploads\/2015\/09\/FERIA-SERNATUR-RINCONADA.jpg?w=530&amp;ssl=1 530w\" sizes=\"auto, (max-width: 300px) 100vw, 300px\" \/><\/a><figcaption id=\"caption-attachment-62394\" class=\"wp-caption-text\">El alcalde Caballer\u00eda junto a la Gobernadora de Los Andes, Mar\u00eda Victoria Rodr\u00edguez, visitaron los 30 stands que formaron parte de una nueva versi\u00f3n de la Feria \u2018Yo amo viajar por Rinconada\u2019.<\/figcaption><\/figure>\n<ul>\n<li><strong>Esta actividad se enmarca en la celebraci\u00f3n del d\u00eda Mundial del turismo, en donde en toda la provincia se realizaron actividades para potenciar esta actividad en el Valle de Aconcagua.<\/strong><\/li>\n<\/ul>\n<p><strong>RINCONADA.<\/strong>&#8211; Treinta stands ubicados en la Plaza de Armas de la comuna permitieron mostrar durante este fin de semana parte de la cultura de la zona, apoyando tambi\u00e9n a los emprendedores para que den a conocer sus productos y generar contactos para futuros negocios.<br \/>\nVarias autoridades se hicieron presentes en la inauguraci\u00f3n acompa\u00f1ando al alcalde Pedro Caballer\u00eda, como la Gobernadora de Los Andes, la consejera regional Sandra Miranda, concejales, representantes de bomberos, el sostenedor del Daem, la presidenta de la Uni\u00f3n Comunal, entre otros.<br \/>\n\u201cUna bonita muestra enmarcada bajo el programa Chile es tuyo, con aportes de Sernatur a trav\u00e9s del Gobierno Regional que ha permitido a Rinconada no s\u00f3lo potenciar su comuna, sino tambi\u00e9n invit\u00f3 generosamente a expositores de otras comunas del Valle, que significan 36 potentes artesanos que impulsan el turismo a nivel local. Esto es lo que quiere nuestra presidenta, igualdad de oportunidades y descentralizaci\u00f3n y con esta muestra lo estamos logrando. Me parece que una vez m\u00e1s el alcalde Pedro Caballer\u00eda ha dado muestras del gran compromiso que tiene con su comunidad\u201d, manifest\u00f3 la Gobernadora Mar\u00eda Victoria Rodr\u00edguez.<br \/>\nEn estos dos d\u00edas se presentaron diversos shows para hacer a\u00fan m\u00e1s agradable el evento que logr\u00f3 convocar a gran cantidad de personas. Durante la primera jornada la m\u00fasica estuvo a cargo del grupo musical los Wayra\u2019s, para ya a eso de las 18 horas disfrutar del humor con el comediante \u2018el Clavel\u2019. Mientras que el d\u00eda domingo bailes y m\u00fasica folcl\u00f3rica amenizaron la jornada.<br \/>\nMuy contentos se mostraron los emprendedores por la aceptaci\u00f3n de la gente, sacaron cuentas alegres e incluso para muchos de ellos esto fue una puerta para emprender nuevos negocios, generando tambi\u00e9n nuevas oportunidades laborales.<br \/>\nArtesan\u00eda en piedra, vidrio, con lanas, arpilleras y otras manualidades llamaron la atenci\u00f3n de los asistentes ya que son trabajos \u00fanicos, mientras que en cuanto a la gastronom\u00eda, bellas preparaciones y decoraciones de pasteles y cupcakes se robaron la pel\u00edcula.<br \/>\nUn balance positivo que nuevamente refuerza el apoyo para los emprendedores, que con esfuerzo, cari\u00f1o y dedicaci\u00f3n elaboran sus productos para ser vendidos a precios asequibles para el resto de los habitantes.<\/p>\n","protected":false},"excerpt":{"rendered":"<p>Esta actividad se enmarca en la celebraci\u00f3n del d\u00eda Mundial del turismo, en donde en toda la provincia se realizaron actividades para potenciar esta actividad en el Valle de Aconcagua. RINCONADA.&#8211; Treinta&#8230;<\/p>\n","protected":false},"author":482,"featured_media":62394,"comment_status":"open","ping_status":"open","sticky":false,"template":"","format":"standard","meta":{"advanced_seo_description":"","jetpack_seo_html_title":"","jetpack_seo_noindex":false,"_jetpack_memberships_contains_paid_content":false,"footnotes":""},"categories":[1],"tags":[],"class_list":["post-62393","post","type-post","status-publish","format-standard","has-post-thumbnail","hentry","category-cronica"],"jetpack_featured_media_url":"https:\/\/i0.wp.com\/eltrabajo.cl\/portal\/wp-content\/uploads\/2015\/09\/FERIA-SERNATUR-RINCONADA.jpg?fit=530%2C350&ssl=1","jetpack_sharing_enabled":true,"jetpack_likes_enabled":true,"jetpack-related-posts":[],"_links":{"self":[{"href":"https:\/\/eltrabajo.cl\/portal\/wp-json\/wp\/v2\/posts\/62393","targetHints":{"allow":["GET"]}}],"collection":[{"href":"https:\/\/eltrabajo.cl\/portal\/wp-json\/wp\/v2\/posts"}],"about":[{"href":"https:\/\/eltrabajo.cl\/portal\/wp-json\/wp\/v2\/types\/post"}],"author":[{"embeddable":true,"href":"https:\/\/eltrabajo.cl\/portal\/wp-json\/wp\/v2\/users\/482"}],"replies":[{"embeddable":true,"href":"https:\/\/eltrabajo.cl\/portal\/wp-json\/wp\/v2\/comments?post=62393"}],"version-history":[{"count":0,"href":"https:\/\/eltrabajo.cl\/portal\/wp-json\/wp\/v2\/posts\/62393\/revisions"}],"wp:featuredmedia":[{"embeddable":true,"href":"https:\/\/eltrabajo.cl\/portal\/wp-json\/wp\/v2\/media\/62394"}],"wp:attachment":[{"href":"https:\/\/eltrabajo.cl\/portal\/wp-json\/wp\/v2\/media?parent=62393"}],"wp:term":[{"taxonomy":"category","embeddable":true,"href":"https:\/\/eltrabajo.cl\/portal\/wp-json\/wp\/v2\/categories?post=62393"},{"taxonomy":"post_tag","embeddable":true,"href":"https:\/\/eltrabajo.cl\/portal\/wp-json\/wp\/v2\/tags?post=62393"}],"curies":[{"name":"wp","href":"https:\/\/api.w.org\/{rel}","templated":true}]}}